{"id":1055,"date":"2019-04-17T09:16:49","date_gmt":"2019-04-17T07:16:49","guid":{"rendered":"http:\/\/agora.xtec.cat\/instarragona\/?p=1055"},"modified":"2019-04-17T09:17:25","modified_gmt":"2019-04-17T07:17:25","slug":"nosaltres-en-un-dinar-literari","status":"publish","type":"post","link":"https:\/\/agora.xtec.cat\/instarragona\/portada\/nosaltres-en-un-dinar-literari\/","title":{"rendered":"Nosaltres en&#8230; un dinar literari."},"content":{"rendered":"<p>Ja fa uns dies es va celebrar el IV Dinar literari del club de lectura de professors. La novel\u00b7la llegida va ser\u00a0<b><i><a href=\"https:\/\/www.angleeditorial.com\/nosaltres-en-la-nit-685\" target=\"_blank\" rel=\"noopener\" data-saferedirecturl=\"https:\/\/www.google.com\/url?q=https:\/\/www.angleeditorial.com\/nosaltres-en-la-nit-685&amp;source=gmail&amp;ust=1555569386213000&amp;usg=AFQjCNE3AlhD8_9Zc0na6BH6Ex6luwEIgg\">Nosaltres en la nit<\/a><\/i><\/b>\u00a0de\u00a0<b>Kent Haruf,<\/b>un best seller que Haruf va escriure molt poc temps abans de morir. El llibre va despertar sensacions diferents entre els lectors, cosa que va permetre una tert\u00falia amena i amb controv\u00e8rsies. Desitjant ja l&#8217;\u00faltima lectura d&#8217;aquest curs!\u00a0 \u00a0<a href=\"https:\/\/agora.xtec.cat\/instarragona\/wp-content\/uploads\/usu484\/2019\/04\/llibre-prof.jpg\"><img loading=\"lazy\" decoding=\"async\" class=\"wp-image-1056 aligncenter\" src=\"https:\/\/agora.xtec.cat\/instarragona\/wp-content\/uploads\/usu484\/2019\/04\/llibre-prof.jpg\" alt=\"\" width=\"404\" height=\"615\" srcset=\"https:\/\/agora.xtec.cat\/instarragona\/wp-content\/uploads\/usu484\/2019\/04\/llibre-prof.jpg 1652w, https:\/\/agora.xtec.cat\/instarragona\/wp-content\/uploads\/usu484\/2019\/04\/llibre-prof-197x300.jpg 197w, https:\/\/agora.xtec.cat\/instarragona\/wp-content\/uploads\/usu484\/2019\/04\/llibre-prof-768x1169.jpg 768w, https:\/\/agora.xtec.cat\/instarragona\/wp-content\/uploads\/usu484\/2019\/04\/llibre-prof-673x1024.jpg 673w\" sizes=\"auto, (max-width: 404px) 100vw, 404px\" \/><\/a><\/p>\n<p>Sabeu que tamb\u00e9 existeix l&#8217;adaptaci\u00f3 del llibre en una pel\u00b7l\u00edcula?<\/p>\n<p><a href=\"https:\/\/agora.xtec.cat\/instarragona\/wp-content\/uploads\/usu484\/2019\/04\/Captura-2.jpg\"><img loading=\"lazy\" decoding=\"async\" class=\"aligncenter size-full wp-image-1057\" src=\"https:\/\/agora.xtec.cat\/instarragona\/wp-content\/uploads\/usu484\/2019\/04\/Captura-2.jpg\" alt=\"\" width=\"508\" height=\"338\" srcset=\"https:\/\/agora.xtec.cat\/instarragona\/wp-content\/uploads\/usu484\/2019\/04\/Captura-2.jpg 508w, https:\/\/agora.xtec.cat\/instarragona\/wp-content\/uploads\/usu484\/2019\/04\/Captura-2-300x200.jpg 300w\" sizes=\"auto, (max-width: 508px) 100vw, 508px\" \/><\/a><\/p>\n<p>&nbsp;<\/p>\n<p>&nbsp;<\/p>\n","protected":false},"excerpt":{"rendered":"<p>Ja fa uns dies es va celebrar el IV Dinar literari del club de lectura de professors. La novel\u00b7la llegida va ser\u00a0<a href=\"https:\/\/www.angleeditorial.com\/nosaltres-en-la-nit-685\" target=\"_blank\" rel=\"noopener\" data-saferedirecturl=\"https:\/\/www.google.com\/url?q=https:\/\/www.angleeditorial.com\/nosaltres-en-la-nit-685&amp;source=gmail&amp;ust=1555569386213000&amp;usg=AFQjCNE3AlhD8_9Zc0na6BH6Ex6luwEIgg\">Nosaltres en la nit<\/a>\u00a0de\u00a0Kent Haruf,un best seller que Haruf va escriure molt poc temps abans de morir. El llibre va&hellip;  <a href=\"https:\/\/agora.xtec.cat\/instarragona\/portada\/nosaltres-en-un-dinar-literari\/\" title=\"Read Nosaltres en&#8230; un dinar literari.\">Llegeix m\u00e9s\u00bb<\/a><\/p>\n","protected":false},"author":1,"featured_media":1056,"comment_status":"open","ping_status":"closed","sticky":false,"template":"","format":"standard","meta":{"_bbp_topic_count":0,"_bbp_reply_count":0,"_bbp_total_topic_count":0,"_bbp_total_reply_count":0,"_bbp_voice_count":0,"_bbp_anonymous_reply_count":0,"_bbp_topic_count_hidden":0,"_bbp_reply_count_hidden":0,"_bbp_forum_subforum_count":0,"footnotes":""},"categories":[29],"tags":[44],"class_list":["post-1055","post","type-post","status-publish","format-standard","has-post-thumbnail","hentry","category-portada","tag-xerrades"],"post_mailing_queue_ids":[],"_links":{"self":[{"href":"https:\/\/agora.xtec.cat\/instarragona\/wp-json\/wp\/v2\/posts\/1055","targetHints":{"allow":["GET"]}}],"collection":[{"href":"https:\/\/agora.xtec.cat\/instarragona\/wp-json\/wp\/v2\/posts"}],"about":[{"href":"https:\/\/agora.xtec.cat\/instarragona\/wp-json\/wp\/v2\/types\/post"}],"author":[{"embeddable":true,"href":"https:\/\/agora.xtec.cat\/instarragona\/wp-json\/wp\/v2\/users\/1"}],"replies":[{"embeddable":true,"href":"https:\/\/agora.xtec.cat\/instarragona\/wp-json\/wp\/v2\/comments?post=1055"}],"version-history":[{"count":1,"href":"https:\/\/agora.xtec.cat\/instarragona\/wp-json\/wp\/v2\/posts\/1055\/revisions"}],"predecessor-version":[{"id":1058,"href":"https:\/\/agora.xtec.cat\/instarragona\/wp-json\/wp\/v2\/posts\/1055\/revisions\/1058"}],"wp:featuredmedia":[{"embeddable":true,"href":"https:\/\/agora.xtec.cat\/instarragona\/wp-json\/wp\/v2\/media\/1056"}],"wp:attachment":[{"href":"https:\/\/agora.xtec.cat\/instarragona\/wp-json\/wp\/v2\/media?parent=1055"}],"wp:term":[{"taxonomy":"category","embeddable":true,"href":"https:\/\/agora.xtec.cat\/instarragona\/wp-json\/wp\/v2\/categories?post=1055"},{"taxonomy":"post_tag","embeddable":true,"href":"https:\/\/agora.xtec.cat\/instarragona\/wp-json\/wp\/v2\/tags?post=1055"}],"curies":[{"name":"wp","href":"https:\/\/api.w.org\/{rel}","templated":true}]}}