{"id":1051,"date":"2019-04-17T09:03:55","date_gmt":"2019-04-17T07:03:55","guid":{"rendered":"http:\/\/agora.xtec.cat\/instarragona\/?p=1051"},"modified":"2019-04-17T09:04:25","modified_gmt":"2019-04-17T07:04:25","slug":"fem-matematiques-anem-avancant","status":"publish","type":"post","link":"https:\/\/agora.xtec.cat\/instarragona\/eso\/eso-1\/fem-matematiques-anem-avancant\/","title":{"rendered":"Fem matem\u00e0tiques&#8230; anem avan\u00e7ant!"},"content":{"rendered":"<p dir=\"auto\">Els tres alumnes de 1r d&#8217;ESO van participar en la 2a Fase del Fem Matem\u00e0tiques que va tenir lloc a Cambrils.Fruit d&#8217;aquesta participaci\u00f3 van quedar 3rs en la Gimcana que realitzada per la platja i el parc dels Pescadors. I van quedat 1rs en la Prova r\u00e0pida d&#8217;equips! Ara estem a l&#8217;espera dels resultats de la prova individual que determinaran els participants de la 3a Fase que tindr\u00e0 lloc al maig.\u00a0Seguim vius!<\/p>\n<div dir=\"auto\"><a href=\"https:\/\/agora.xtec.cat\/instarragona\/wp-content\/uploads\/usu484\/2019\/04\/TROFEO.jpg\"><img loading=\"lazy\" decoding=\"async\" class=\"aligncenter size-full wp-image-1052\" src=\"https:\/\/agora.xtec.cat\/instarragona\/wp-content\/uploads\/usu484\/2019\/04\/TROFEO.jpg\" alt=\"\" width=\"654\" height=\"486\" srcset=\"https:\/\/agora.xtec.cat\/instarragona\/wp-content\/uploads\/usu484\/2019\/04\/TROFEO.jpg 654w, https:\/\/agora.xtec.cat\/instarragona\/wp-content\/uploads\/usu484\/2019\/04\/TROFEO-300x223.jpg 300w, https:\/\/agora.xtec.cat\/instarragona\/wp-content\/uploads\/usu484\/2019\/04\/TROFEO-200x150.jpg 200w\" sizes=\"auto, (max-width: 654px) 100vw, 654px\" \/><\/a><\/div>\n","protected":false},"excerpt":{"rendered":"<p>Els tres alumnes de 1r d&#8217;ESO van participar en la 2a Fase del Fem Matem\u00e0tiques que va tenir lloc a Cambrils.Fruit d&#8217;aquesta participaci\u00f3 van quedar 3rs en la Gimcana que realitzada per la platja i el parc dels Pescadors. I van quedat 1rs en la&hellip;  <a href=\"https:\/\/agora.xtec.cat\/instarragona\/eso\/eso-1\/fem-matematiques-anem-avancant\/\" title=\"Read Fem matem\u00e0tiques&#8230; anem avan\u00e7ant!\">Llegeix m\u00e9s\u00bb<\/a><\/p>\n","protected":false},"author":1,"featured_media":940,"comment_status":"open","ping_status":"closed","sticky":false,"template":"","format":"standard","meta":{"_bbp_topic_count":0,"_bbp_reply_count":0,"_bbp_total_topic_count":0,"_bbp_total_reply_count":0,"_bbp_voice_count":0,"_bbp_anonymous_reply_count":0,"_bbp_topic_count_hidden":0,"_bbp_reply_count_hidden":0,"_bbp_forum_subforum_count":0,"footnotes":""},"categories":[4,29],"tags":[104],"class_list":["post-1051","post","type-post","status-publish","format-standard","has-post-thumbnail","hentry","category-eso-1","category-portada","tag-concursos"],"post_mailing_queue_ids":[],"_links":{"self":[{"href":"https:\/\/agora.xtec.cat\/instarragona\/wp-json\/wp\/v2\/posts\/1051","targetHints":{"allow":["GET"]}}],"collection":[{"href":"https:\/\/agora.xtec.cat\/instarragona\/wp-json\/wp\/v2\/posts"}],"about":[{"href":"https:\/\/agora.xtec.cat\/instarragona\/wp-json\/wp\/v2\/types\/post"}],"author":[{"embeddable":true,"href":"https:\/\/agora.xtec.cat\/instarragona\/wp-json\/wp\/v2\/users\/1"}],"replies":[{"embeddable":true,"href":"https:\/\/agora.xtec.cat\/instarragona\/wp-json\/wp\/v2\/comments?post=1051"}],"version-history":[{"count":2,"href":"https:\/\/agora.xtec.cat\/instarragona\/wp-json\/wp\/v2\/posts\/1051\/revisions"}],"predecessor-version":[{"id":1054,"href":"https:\/\/agora.xtec.cat\/instarragona\/wp-json\/wp\/v2\/posts\/1051\/revisions\/1054"}],"wp:featuredmedia":[{"embeddable":true,"href":"https:\/\/agora.xtec.cat\/instarragona\/wp-json\/wp\/v2\/media\/940"}],"wp:attachment":[{"href":"https:\/\/agora.xtec.cat\/instarragona\/wp-json\/wp\/v2\/media?parent=1051"}],"wp:term":[{"taxonomy":"category","embeddable":true,"href":"https:\/\/agora.xtec.cat\/instarragona\/wp-json\/wp\/v2\/categories?post=1051"},{"taxonomy":"post_tag","embeddable":true,"href":"https:\/\/agora.xtec.cat\/instarragona\/wp-json\/wp\/v2\/tags?post=1051"}],"curies":[{"name":"wp","href":"https:\/\/api.w.org\/{rel}","templated":true}]}}