{"id":1047,"date":"2019-04-17T08:48:20","date_gmt":"2019-04-17T06:48:20","guid":{"rendered":"http:\/\/agora.xtec.cat\/instarragona\/?p=1047"},"modified":"2019-12-10T12:52:37","modified_gmt":"2019-12-10T11:52:37","slug":"forum-trics","status":"publish","type":"post","link":"https:\/\/agora.xtec.cat\/instarragona\/batxillerat\/forum-trics\/","title":{"rendered":"F\u00f2rum TRICS"},"content":{"rendered":"<p dir=\"auto\">Aquest curs, un cop m\u00e9s, els nostres alumnes de 2n de Batxillerat han exposat els seus Treballs de Recerca al XXIII\u00e8 F\u00f2rum TRiCS davant dels alumnes de 1r de Batxillerat de diferents centres del Camp de Tarragona.\u00a0Els alumnes de 1r han pogut gaudir de diferents exposicions per anar agafant idees per comen\u00e7ar el seu propi Treball de Recerca.\u00a0Un mat\u00ed molt profit\u00f3s per tots plegats!<\/p>\n<div dir=\"auto\"><a href=\"https:\/\/agora.xtec.cat\/instarragona\/wp-content\/uploads\/usu484\/2019\/04\/20190405_135421.jpg\"><img loading=\"lazy\" decoding=\"async\" class=\"aligncenter size-full wp-image-1048\" src=\"https:\/\/agora.xtec.cat\/instarragona\/wp-content\/uploads\/usu484\/2019\/04\/20190405_135421.jpg\" alt=\"\" width=\"656\" height=\"370\" srcset=\"https:\/\/agora.xtec.cat\/instarragona\/wp-content\/uploads\/usu484\/2019\/04\/20190405_135421.jpg 656w, https:\/\/agora.xtec.cat\/instarragona\/wp-content\/uploads\/usu484\/2019\/04\/20190405_135421-300x169.jpg 300w\" sizes=\"auto, (max-width: 656px) 100vw, 656px\" \/><\/a><\/div>\n<div dir=\"auto\"><a href=\"https:\/\/agora.xtec.cat\/instarragona\/wp-content\/uploads\/usu484\/2019\/04\/20190405_135545.jpg\"><img loading=\"lazy\" decoding=\"async\" class=\"aligncenter size-full wp-image-1049\" src=\"https:\/\/agora.xtec.cat\/instarragona\/wp-content\/uploads\/usu484\/2019\/04\/20190405_135545.jpg\" alt=\"\" width=\"640\" height=\"358\" srcset=\"https:\/\/agora.xtec.cat\/instarragona\/wp-content\/uploads\/usu484\/2019\/04\/20190405_135545.jpg 640w, https:\/\/agora.xtec.cat\/instarragona\/wp-content\/uploads\/usu484\/2019\/04\/20190405_135545-300x168.jpg 300w\" sizes=\"auto, (max-width: 640px) 100vw, 640px\" \/><\/a><\/div>\n<div dir=\"auto\"><\/div>\n","protected":false},"excerpt":{"rendered":"<p>Aquest curs, un cop m\u00e9s, els nostres alumnes de 2n de Batxillerat han exposat els seus Treballs de Recerca al XXIII\u00e8 F\u00f2rum TRiCS davant dels alumnes de 1r de Batxillerat de diferents centres del Camp de Tarragona.\u00a0Els alumnes de 1r han pogut gaudir de diferents&hellip;  <a href=\"https:\/\/agora.xtec.cat\/instarragona\/batxillerat\/forum-trics\/\" title=\"Read F\u00f2rum TRICS\">Llegeix m\u00e9s\u00bb<\/a><\/p>\n","protected":false},"author":1,"featured_media":0,"comment_status":"open","ping_status":"closed","sticky":false,"template":"","format":"standard","meta":{"_bbp_topic_count":0,"_bbp_reply_count":0,"_bbp_total_topic_count":0,"_bbp_total_reply_count":0,"_bbp_voice_count":0,"_bbp_anonymous_reply_count":0,"_bbp_topic_count_hidden":0,"_bbp_reply_count_hidden":0,"_bbp_forum_subforum_count":0,"footnotes":""},"categories":[8,29],"tags":[39],"class_list":["post-1047","post","type-post","status-publish","format-standard","hentry","category-batxillerat","category-portada","tag-sortides"],"post_mailing_queue_ids":[],"_links":{"self":[{"href":"https:\/\/agora.xtec.cat\/instarragona\/wp-json\/wp\/v2\/posts\/1047","targetHints":{"allow":["GET"]}}],"collection":[{"href":"https:\/\/agora.xtec.cat\/instarragona\/wp-json\/wp\/v2\/posts"}],"about":[{"href":"https:\/\/agora.xtec.cat\/instarragona\/wp-json\/wp\/v2\/types\/post"}],"author":[{"embeddable":true,"href":"https:\/\/agora.xtec.cat\/instarragona\/wp-json\/wp\/v2\/users\/1"}],"replies":[{"embeddable":true,"href":"https:\/\/agora.xtec.cat\/instarragona\/wp-json\/wp\/v2\/comments?post=1047"}],"version-history":[{"count":1,"href":"https:\/\/agora.xtec.cat\/instarragona\/wp-json\/wp\/v2\/posts\/1047\/revisions"}],"predecessor-version":[{"id":1050,"href":"https:\/\/agora.xtec.cat\/instarragona\/wp-json\/wp\/v2\/posts\/1047\/revisions\/1050"}],"wp:attachment":[{"href":"https:\/\/agora.xtec.cat\/instarragona\/wp-json\/wp\/v2\/media?parent=1047"}],"wp:term":[{"taxonomy":"category","embeddable":true,"href":"https:\/\/agora.xtec.cat\/instarragona\/wp-json\/wp\/v2\/categories?post=1047"},{"taxonomy":"post_tag","embeddable":true,"href":"https:\/\/agora.xtec.cat\/instarragona\/wp-json\/wp\/v2\/tags?post=1047"}],"curies":[{"name":"wp","href":"https:\/\/api.w.org\/{rel}","templated":true}]}}