{"id":1030,"date":"2019-04-03T13:06:56","date_gmt":"2019-04-03T11:06:56","guid":{"rendered":"http:\/\/agora.xtec.cat\/instarragona\/?p=1030"},"modified":"2019-04-03T13:12:59","modified_gmt":"2019-04-03T11:12:59","slug":"european-youth-debating-competition","status":"publish","type":"post","link":"https:\/\/agora.xtec.cat\/instarragona\/batxillerat\/european-youth-debating-competition\/","title":{"rendered":"European Youth Debating Competition"},"content":{"rendered":"<div class=\"adn ads\" data-message-id=\"#msg-f:1629637466027082146\" data-legacy-message-id=\"169da2a4233641a2\">\n<div class=\"gs\">\n<div class=\"\">\n<div id=\":15a\" class=\"ii gt\">\n<div id=\":15b\" class=\"a3s aXjCH \">\n<div dir=\"auto\">\n<p dir=\"auto\">El passat dimarts, alguns alumnes de 4t ESO i batxillerat van participar en la 4a edici\u00f3 de la competici\u00f3 europea de <a href=\"https:\/\/eydc.eu\/\">debat<\/a> destinada a estudiants de 16 a 19 anys. El debat es va realitzar a l&#8217;Aula Magna del Campus Catalunya de la Universitat Rovira i Virgili a Tarragona.<\/p>\n<p dir=\"auto\">Aquesta iniciativa, que es porta a terme a diversos pa\u00efsos de la Uni\u00f3 Europea, neix amb la finalitat de promoure la pr\u00e0ctica del debat com a recurs per desenvolupar habilitats de comunicaci\u00f3 en els joves i estimular la toler\u00e0ncia i el respecte a plantejaments diversos, compet\u00e8ncies que considerem vitals avui en dia per a una ciutadania constructiva i responsable. Suposa tamb\u00e9 una oportunitat perqu\u00e8 els estudiants adquireixin coneixement sobre temes d\u2019actualitat relacionats amb la ind\u00fastria i per fer que la ci\u00e8ncia i la tecnologia siguin m\u00e9s tangibles, accessibles i directament relacionades amb la seva vida quotidiana.<\/p>\n<p dir=\"auto\">El tema del debat va ser: \u201cReuse, Recycle, Rethink: What is your vision for a sustainable future with plastics and petrochemicals?\u201d<\/p>\n<\/div>\n<\/div>\n<\/div>\n<p dir=\"auto\">Podeu trobar les les imatges dels nostres alumnes en aquest <a href=\"https:\/\/photos.app.goo.gl\/XZNreuJc3LZoxGir6\">enlla\u00e7<\/a>.<\/p>\n<\/div>\n<div dir=\"auto\"><a href=\"https:\/\/agora.xtec.cat\/instarragona\/wp-content\/uploads\/usu484\/2019\/04\/Captura2.jpg\"><img loading=\"lazy\" decoding=\"async\" class=\"aligncenter wp-image-1032\" src=\"https:\/\/agora.xtec.cat\/instarragona\/wp-content\/uploads\/usu484\/2019\/04\/Captura2.jpg\" alt=\"\" width=\"675\" height=\"415\" srcset=\"https:\/\/agora.xtec.cat\/instarragona\/wp-content\/uploads\/usu484\/2019\/04\/Captura2.jpg 999w, https:\/\/agora.xtec.cat\/instarragona\/wp-content\/uploads\/usu484\/2019\/04\/Captura2-300x184.jpg 300w, https:\/\/agora.xtec.cat\/instarragona\/wp-content\/uploads\/usu484\/2019\/04\/Captura2-768x472.jpg 768w\" sizes=\"auto, (max-width: 675px) 100vw, 675px\" \/><\/a><\/div>\n<div class=\"\">\n<div dir=\"auto\"><\/div>\n<\/div>\n<\/div>\n<div class=\"ajx\"><\/div>\n<\/div>\n<div class=\"gA gt acV\">\n<div class=\"gB xu\">\n<div class=\"ip iq\">\n<div id=\":159\"><\/div>\n<\/div>\n<\/div>\n<\/div>\n","protected":false},"excerpt":{"rendered":"<p>El passat dimarts, alguns alumnes de 4t ESO i batxillerat van participar en la 4a edici\u00f3 de la competici\u00f3 europea de <a href=\"https:\/\/eydc.eu\/\">debat<\/a> destinada a estudiants de 16 a 19 anys. El debat es va realitzar a l&#8217;Aula Magna del Campus Catalunya de la Universitat&hellip;  <a href=\"https:\/\/agora.xtec.cat\/instarragona\/batxillerat\/european-youth-debating-competition\/\" title=\"Read European Youth Debating Competition\">Llegeix m\u00e9s\u00bb<\/a><\/p>\n","protected":false},"author":1,"featured_media":1031,"comment_status":"open","ping_status":"closed","sticky":false,"template":"","format":"standard","meta":{"_bbp_topic_count":0,"_bbp_reply_count":0,"_bbp_total_topic_count":0,"_bbp_total_reply_count":0,"_bbp_voice_count":0,"_bbp_anonymous_reply_count":0,"_bbp_topic_count_hidden":0,"_bbp_reply_count_hidden":0,"_bbp_forum_subforum_count":0,"footnotes":""},"categories":[8,29],"tags":[104,97],"class_list":["post-1030","post","type-post","status-publish","format-standard","has-post-thumbnail","hentry","category-batxillerat","category-portada","tag-concursos","tag-festes-i-activitats"],"post_mailing_queue_ids":[],"_links":{"self":[{"href":"https:\/\/agora.xtec.cat\/instarragona\/wp-json\/wp\/v2\/posts\/1030","targetHints":{"allow":["GET"]}}],"collection":[{"href":"https:\/\/agora.xtec.cat\/instarragona\/wp-json\/wp\/v2\/posts"}],"about":[{"href":"https:\/\/agora.xtec.cat\/instarragona\/wp-json\/wp\/v2\/types\/post"}],"author":[{"embeddable":true,"href":"https:\/\/agora.xtec.cat\/instarragona\/wp-json\/wp\/v2\/users\/1"}],"replies":[{"embeddable":true,"href":"https:\/\/agora.xtec.cat\/instarragona\/wp-json\/wp\/v2\/comments?post=1030"}],"version-history":[{"count":2,"href":"https:\/\/agora.xtec.cat\/instarragona\/wp-json\/wp\/v2\/posts\/1030\/revisions"}],"predecessor-version":[{"id":1034,"href":"https:\/\/agora.xtec.cat\/instarragona\/wp-json\/wp\/v2\/posts\/1030\/revisions\/1034"}],"wp:featuredmedia":[{"embeddable":true,"href":"https:\/\/agora.xtec.cat\/instarragona\/wp-json\/wp\/v2\/media\/1031"}],"wp:attachment":[{"href":"https:\/\/agora.xtec.cat\/instarragona\/wp-json\/wp\/v2\/media?parent=1030"}],"wp:term":[{"taxonomy":"category","embeddable":true,"href":"https:\/\/agora.xtec.cat\/instarragona\/wp-json\/wp\/v2\/categories?post=1030"},{"taxonomy":"post_tag","embeddable":true,"href":"https:\/\/agora.xtec.cat\/instarragona\/wp-json\/wp\/v2\/tags?post=1030"}],"curies":[{"name":"wp","href":"https:\/\/api.w.org\/{rel}","templated":true}]}}