{"id":1026,"date":"2019-04-03T12:55:40","date_gmt":"2019-04-03T10:55:40","guid":{"rendered":"http:\/\/agora.xtec.cat\/instarragona\/?p=1026"},"modified":"2019-04-03T12:57:23","modified_gmt":"2019-04-03T10:57:23","slug":"interpretacio-poetica","status":"publish","type":"post","link":"https:\/\/agora.xtec.cat\/instarragona\/eso\/eso-3\/interpretacio-poetica\/","title":{"rendered":"Interpretaci\u00f3 po\u00e8tica"},"content":{"rendered":"<p>Amb l&#8217;alumnat de 3r hem participat en els tallers d&#8217;interpretaci\u00f3 po\u00e8tica que s&#8217;organitza des de Caixa F\u00f2rum.<br \/>\nEn aquest taller l&#8217;alumnat ha treballat, juntament amb l&#8217;actor\u00a0<a href=\"http:\/\/www.ferrancastells.com\/\">Ferran Castells,<\/a>\u00a0la m\u00fasica del poema, el to de veu, el gest dels versos i com les paraules ens transmetren sentiments quan les interpretem amb el ritme, la dicci\u00f3 i la puntuaci\u00f3 precisos.<\/p>\n<p>Hem parlat de la import\u00e0ncia de la\u00a0concentraci\u00f3, ja que no ens podem despistar quan s&#8217;interpreta.<br \/>\nHem descobert com el cos i la veu juguen un paper important\u00edssim a l&#8217;hora de transmetre. S\u00f3n els nostres aut\u00e8ntics instruments en l&#8217;art de la comunicaci\u00f3.<br \/>\nHem ent\u00e8s que si quan interpretem som capa\u00e7os d&#8217;imaginar a qui ho estem explicant, segurament arribarem a connectar amb qui ens escolta.<\/p>\n<p>A trav\u00e9s d&#8217;una tria de poemes de diferents registres, ens hem escoltat la veu i l&#8217;hem interpretat amb emoci\u00f3.\u00a0Ha estat un gran repte!<br \/>\n<script src=\"https:\/\/cdn.jsdelivr.net\/npm\/publicalbum@latest\/dist\/pa-embed-player.min.js\" async><\/script><\/p>\n<div class=\"pa-embed-player\" style=\"width: 100%; height: 480px; display: none;\" data-link=\"https:\/\/photos.app.goo.gl\/4EHsxKtQHfrqhZLv5\" data-title=\"18-19 Interpretaci\u00f3 po\u00e8tica 3rESO\" data-description=\"11 new photos \u00b7 Album by Institut Tarragona\"><img alt=\"\" data-src=\"https:\/\/lh3.googleusercontent.com\/Zo_1piaMCb1Ied3bU0xKQEfubw-80sDDkOo5Qut6BccRe19uVaIfzQeQs6PETTzyAfOoXxApN4a5SfxQJxRYHJYBioUpycAD9akxXU-0WZvl31tFbA2iItmpXy5Ah3BittvQwS2G8Q=w1920-h1080\" \/><br \/>\n<img alt=\"\" data-src=\"https:\/\/lh3.googleusercontent.com\/QMlsEOZFE-H1OPb7GmdHKlBNsDW0E3TfjD69yCJ2FwJdsJYVUCd26Sks9Dmam5rel8O09BQ7T4Mqv7wtuNTopEr1XBIBV-84ONgyjeRTDlj3-K6FdS7kD9me6qHWobfEDE1KCZxP1Q=w1920-h1080\" \/><br \/>\n<img alt=\"\" data-src=\"https:\/\/lh3.googleusercontent.com\/IC9PasLdkQLRsjcdahQpuN1xPOLxFLf6KlI-7j1AIV42eqmdQY3plPbxUr1eMVtW_eWoj_ztoAhjNY-33LdvsyYdODPfVU8e3ZK5V2Ffm47gC1o5nmIV7MedCqeAtBoT0TZBTaCPXw=w1920-h1080\" \/><br \/>\n<img alt=\"\" data-src=\"https:\/\/lh3.googleusercontent.com\/l-7QkaQ5lbmn2jG20T2X0Iq9lH58OvTYOglYFpv0Tojh5UGCDz2nXYVTpxSIOQknh2F2w4WZ1XpxPrDrzh8Bl6YepzYcZdhQ_NVtLgSEgh78YX0TMUKgrSdUwguxB0JvbjP0g6N5WQ=w1920-h1080\" \/><br \/>\n<img alt=\"\" data-src=\"https:\/\/lh3.googleusercontent.com\/JyArpXUWE-CPvlFFSn51I92ZNi_lWvrsbQPYuZsola6B8EqOVvxIBoEjWlz43lRi3rJCd-mMpkH5DjrZcko902aOz1PnMChdI_jAZEY4qUyhf4f_NuXTzome9a-uIq17O7p-LWNhlQ=w1920-h1080\" \/><br \/>\n<img alt=\"\" data-src=\"https:\/\/lh3.googleusercontent.com\/rYHJH0EZZ_16pxAJZK1NwWjvGiIY3lZgoQh9jTO59D1f7CzkyOVKsPW5THSxAxb85kxwnsyzUflh3MGtZYVccatYx626KLl9ouwNRk-VKAQ0GOpDo9DTIN5fLMJlbnn4_3fI2Py8fA=w1920-h1080\" \/><br \/>\n<img alt=\"\" data-src=\"https:\/\/lh3.googleusercontent.com\/FuI1RJJhoHmIfZ5-JPARKK7oRmrQ-p4-gMbS1dfkD6SmEzLDHtvyO9aHJ4zzMvF6hW-eJjHyERIZuLDbm19MeZpakcN6vbhlgEwK1WndIoKNE6XSqeQT-qkp1is1OCM9Nb-6H6acuQ=w1920-h1080\" \/><br \/>\n<img alt=\"\" data-src=\"https:\/\/lh3.googleusercontent.com\/4mNs2fmT5o8x0WoKk0H_wrsZR6XXyvqPyRfm9A_8M3hcNfe3WbjXrS2Rq4zsCItYh8Ms7-bCgWviNBgYn-LhUg8sQXgXYTwbCv2RAuheYxFqHHfMwB6C77veXccB-gNLUX-yzcqg_Q=w1920-h1080\" \/><br \/>\n<img alt=\"\" data-src=\"https:\/\/lh3.googleusercontent.com\/LutWwm3vgYjrq2GvI8zZOj_jvQ2uMeSJP3ZlzcSyBKGWfrFhNp91Xd7hBrUvLMqu9fAgazTVhoF9pM09UUsvyGv9O_uBQxlu_aVrnLLf9NKJO16uUcVrRPVADJmqwEjU8NS04GNSVA=w1920-h1080\" \/><br \/>\n<img alt=\"\" data-src=\"https:\/\/lh3.googleusercontent.com\/Wxea-utqUqjqBwQu-p7ZIdSKaOBGhIlqaDqo0xso8sw5SjmuRdA0rT3KtyU9DHC0Q4HVLKt6kNQxG8BVmNz5hHo5hcEThjLfdBUh-lgUIXDY39acnsYRYoZv4RIRNSedRvUesWY99w=w1920-h1080\" \/><br \/>\n<img alt=\"\" data-src=\"https:\/\/lh3.googleusercontent.com\/dTKeb-U5eIqIQmz1noNRE6_KV4BtLLeQ-kv6K1r8X7eXZa-3QL4M65OmkFm2-Nu9tYZ8p9oQ83WTurePiiw_0HMv3iK7ZgV7Q2M2lCb7QEoyPF8jf3Y2e5b3kMQarFN88xZSa4GH9w=w1920-h1080\" \/><\/div>\n","protected":false},"excerpt":{"rendered":"<p>Amb l&#8217;alumnat de 3r hem participat en els tallers d&#8217;interpretaci\u00f3 po\u00e8tica que s&#8217;organitza des de Caixa F\u00f2rum.<br \/>\nEn aquest taller l&#8217;alumnat ha treballat, juntament amb l&#8217;actor\u00a0<a href=\"http:\/\/www.ferrancastells.com\/\">Ferran Castells,<\/a>\u00a0la m\u00fasica del poema, el to de veu, el gest dels versos i com les paraules ens transmetren sentiments&hellip;  <a href=\"https:\/\/agora.xtec.cat\/instarragona\/eso\/eso-3\/interpretacio-poetica\/\" title=\"Read Interpretaci\u00f3 po\u00e8tica\">Llegeix m\u00e9s\u00bb<\/a><\/p>\n","protected":false},"author":1,"featured_media":1027,"comment_status":"open","ping_status":"closed","sticky":false,"template":"","format":"standard","meta":{"_bbp_topic_count":0,"_bbp_reply_count":0,"_bbp_total_topic_count":0,"_bbp_total_reply_count":0,"_bbp_voice_count":0,"_bbp_anonymous_reply_count":0,"_bbp_topic_count_hidden":0,"_bbp_reply_count_hidden":0,"_bbp_forum_subforum_count":0,"footnotes":""},"categories":[6,29],"tags":[58],"class_list":["post-1026","post","type-post","status-publish","format-standard","has-post-thumbnail","hentry","category-eso-3","category-portada","tag-tallers"],"post_mailing_queue_ids":[],"_links":{"self":[{"href":"https:\/\/agora.xtec.cat\/instarragona\/wp-json\/wp\/v2\/posts\/1026","targetHints":{"allow":["GET"]}}],"collection":[{"href":"https:\/\/agora.xtec.cat\/instarragona\/wp-json\/wp\/v2\/posts"}],"about":[{"href":"https:\/\/agora.xtec.cat\/instarragona\/wp-json\/wp\/v2\/types\/post"}],"author":[{"embeddable":true,"href":"https:\/\/agora.xtec.cat\/instarragona\/wp-json\/wp\/v2\/users\/1"}],"replies":[{"embeddable":true,"href":"https:\/\/agora.xtec.cat\/instarragona\/wp-json\/wp\/v2\/comments?post=1026"}],"version-history":[{"count":2,"href":"https:\/\/agora.xtec.cat\/instarragona\/wp-json\/wp\/v2\/posts\/1026\/revisions"}],"predecessor-version":[{"id":1029,"href":"https:\/\/agora.xtec.cat\/instarragona\/wp-json\/wp\/v2\/posts\/1026\/revisions\/1029"}],"wp:featuredmedia":[{"embeddable":true,"href":"https:\/\/agora.xtec.cat\/instarragona\/wp-json\/wp\/v2\/media\/1027"}],"wp:attachment":[{"href":"https:\/\/agora.xtec.cat\/instarragona\/wp-json\/wp\/v2\/media?parent=1026"}],"wp:term":[{"taxonomy":"category","embeddable":true,"href":"https:\/\/agora.xtec.cat\/instarragona\/wp-json\/wp\/v2\/categories?post=1026"},{"taxonomy":"post_tag","embeddable":true,"href":"https:\/\/agora.xtec.cat\/instarragona\/wp-json\/wp\/v2\/tags?post=1026"}],"curies":[{"name":"wp","href":"https:\/\/api.w.org\/{rel}","templated":true}]}}