{"id":1000,"date":"2019-03-27T13:06:43","date_gmt":"2019-03-27T12:06:43","guid":{"rendered":"http:\/\/agora.xtec.cat\/instarragona\/?p=1000"},"modified":"2019-03-27T13:09:27","modified_gmt":"2019-03-27T12:09:27","slug":"dia-mundial-de-la-poesia","status":"publish","type":"post","link":"https:\/\/agora.xtec.cat\/instarragona\/portada\/dia-mundial-de-la-poesia\/","title":{"rendered":"Dia mundial de la poesia"},"content":{"rendered":"<p>Potser ja ho heu vist al Facebook, tamb\u00e9 podeu veure un petit resum d&#8217;alguna de les activitats al <a href=\"https:\/\/bibliotecainstarragona.blogspot.com\/2019\/03\/dia-mundial-de-la-poesia.html\">bloc<\/a> de la biblioteca&#8230; per\u00f2 no est\u00e0 de m\u00e9s tornar-ho recordar!\u00a0El nostre centre ha participat activament en el Dia Internacional de la Poesia.\u00a0Activitats en tots els idiomes, dins i fora de l&#8217;institut i en tots els nivells.<\/p>\n<p>Un dia fant\u00e0stic que ens apropa a la poesia, un g\u00e8nere literari que, sens dubte, hem d&#8217;aprendre a estimar.<\/p>\n<p><a href=\"https:\/\/agora.xtec.cat\/instarragona\/wp-content\/uploads\/usu484\/2019\/03\/IMG_20190321_135905.jpg\"><img loading=\"lazy\" decoding=\"async\" class=\"wp-image-1002 alignleft\" src=\"https:\/\/agora.xtec.cat\/instarragona\/wp-content\/uploads\/usu484\/2019\/03\/IMG_20190321_135905.jpg\" alt=\"\" width=\"394\" height=\"523\" srcset=\"https:\/\/agora.xtec.cat\/instarragona\/wp-content\/uploads\/usu484\/2019\/03\/IMG_20190321_135905.jpg 539w, https:\/\/agora.xtec.cat\/instarragona\/wp-content\/uploads\/usu484\/2019\/03\/IMG_20190321_135905-226x300.jpg 226w\" sizes=\"auto, (max-width: 394px) 100vw, 394px\" \/><\/a> <a href=\"https:\/\/agora.xtec.cat\/instarragona\/wp-content\/uploads\/usu484\/2019\/03\/IMG_20190321_135929.jpg\"><img loading=\"lazy\" decoding=\"async\" class=\"wp-image-1003 alignleft\" src=\"https:\/\/agora.xtec.cat\/instarragona\/wp-content\/uploads\/usu484\/2019\/03\/IMG_20190321_135929.jpg\" alt=\"\" width=\"319\" height=\"414\" srcset=\"https:\/\/agora.xtec.cat\/instarragona\/wp-content\/uploads\/usu484\/2019\/03\/IMG_20190321_135929.jpg 586w, https:\/\/agora.xtec.cat\/instarragona\/wp-content\/uploads\/usu484\/2019\/03\/IMG_20190321_135929-231x300.jpg 231w\" sizes=\"auto, (max-width: 319px) 100vw, 319px\" \/><\/a> <a href=\"https:\/\/agora.xtec.cat\/instarragona\/wp-content\/uploads\/usu484\/2019\/03\/IMG_20190321_142336.jpg\"><img loading=\"lazy\" decoding=\"async\" class=\"wp-image-1004 alignleft\" src=\"https:\/\/agora.xtec.cat\/instarragona\/wp-content\/uploads\/usu484\/2019\/03\/IMG_20190321_142336.jpg\" alt=\"\" width=\"439\" height=\"343\" srcset=\"https:\/\/agora.xtec.cat\/instarragona\/wp-content\/uploads\/usu484\/2019\/03\/IMG_20190321_142336.jpg 885w, https:\/\/agora.xtec.cat\/instarragona\/wp-content\/uploads\/usu484\/2019\/03\/IMG_20190321_142336-300x235.jpg 300w, https:\/\/agora.xtec.cat\/instarragona\/wp-content\/uploads\/usu484\/2019\/03\/IMG_20190321_142336-768x601.jpg 768w\" sizes=\"auto, (max-width: 439px) 100vw, 439px\" \/><\/a> <a href=\"https:\/\/agora.xtec.cat\/instarragona\/wp-content\/uploads\/usu484\/2019\/03\/IMG_20190321_142351.jpg\"><img loading=\"lazy\" decoding=\"async\" class=\"aligncenter wp-image-1005\" src=\"https:\/\/agora.xtec.cat\/instarragona\/wp-content\/uploads\/usu484\/2019\/03\/IMG_20190321_142351.jpg\" alt=\"\" width=\"637\" height=\"369\" srcset=\"https:\/\/agora.xtec.cat\/instarragona\/wp-content\/uploads\/usu484\/2019\/03\/IMG_20190321_142351.jpg 1227w, https:\/\/agora.xtec.cat\/instarragona\/wp-content\/uploads\/usu484\/2019\/03\/IMG_20190321_142351-300x174.jpg 300w, https:\/\/agora.xtec.cat\/instarragona\/wp-content\/uploads\/usu484\/2019\/03\/IMG_20190321_142351-768x445.jpg 768w, https:\/\/agora.xtec.cat\/instarragona\/wp-content\/uploads\/usu484\/2019\/03\/IMG_20190321_142351-1024x593.jpg 1024w\" sizes=\"auto, (max-width: 637px) 100vw, 637px\" \/><\/a><\/p>\n<p>&nbsp;<\/p>\n<p>&nbsp;<\/p>\n","protected":false},"excerpt":{"rendered":"<p>Potser ja ho heu vist al Facebook, tamb\u00e9 podeu veure un petit resum d&#8217;alguna de les activitats al <a href=\"https:\/\/bibliotecainstarragona.blogspot.com\/2019\/03\/dia-mundial-de-la-poesia.html\">bloc<\/a> de la biblioteca&#8230; per\u00f2 no est\u00e0 de m\u00e9s tornar-ho recordar!\u00a0El nostre centre ha participat activament en el Dia Internacional de la Poesia.\u00a0Activitats en tots els&hellip;  <a href=\"https:\/\/agora.xtec.cat\/instarragona\/portada\/dia-mundial-de-la-poesia\/\" title=\"Read Dia mundial de la poesia\">Llegeix m\u00e9s\u00bb<\/a><\/p>\n","protected":false},"author":1,"featured_media":1002,"comment_status":"open","ping_status":"closed","sticky":false,"template":"","format":"standard","meta":{"_bbp_topic_count":0,"_bbp_reply_count":0,"_bbp_total_topic_count":0,"_bbp_total_reply_count":0,"_bbp_voice_count":0,"_bbp_anonymous_reply_count":0,"_bbp_topic_count_hidden":0,"_bbp_reply_count_hidden":0,"_bbp_forum_subforum_count":0,"footnotes":""},"categories":[29],"tags":[97],"class_list":["post-1000","post","type-post","status-publish","format-standard","has-post-thumbnail","hentry","category-portada","tag-festes-i-activitats"],"post_mailing_queue_ids":[],"_links":{"self":[{"href":"https:\/\/agora.xtec.cat\/instarragona\/wp-json\/wp\/v2\/posts\/1000","targetHints":{"allow":["GET"]}}],"collection":[{"href":"https:\/\/agora.xtec.cat\/instarragona\/wp-json\/wp\/v2\/posts"}],"about":[{"href":"https:\/\/agora.xtec.cat\/instarragona\/wp-json\/wp\/v2\/types\/post"}],"author":[{"embeddable":true,"href":"https:\/\/agora.xtec.cat\/instarragona\/wp-json\/wp\/v2\/users\/1"}],"replies":[{"embeddable":true,"href":"https:\/\/agora.xtec.cat\/instarragona\/wp-json\/wp\/v2\/comments?post=1000"}],"version-history":[{"count":3,"href":"https:\/\/agora.xtec.cat\/instarragona\/wp-json\/wp\/v2\/posts\/1000\/revisions"}],"predecessor-version":[{"id":1007,"href":"https:\/\/agora.xtec.cat\/instarragona\/wp-json\/wp\/v2\/posts\/1000\/revisions\/1007"}],"wp:featuredmedia":[{"embeddable":true,"href":"https:\/\/agora.xtec.cat\/instarragona\/wp-json\/wp\/v2\/media\/1002"}],"wp:attachment":[{"href":"https:\/\/agora.xtec.cat\/instarragona\/wp-json\/wp\/v2\/media?parent=1000"}],"wp:term":[{"taxonomy":"category","embeddable":true,"href":"https:\/\/agora.xtec.cat\/instarragona\/wp-json\/wp\/v2\/categories?post=1000"},{"taxonomy":"post_tag","embeddable":true,"href":"https:\/\/agora.xtec.cat\/instarragona\/wp-json\/wp\/v2\/tags?post=1000"}],"curies":[{"name":"wp","href":"https:\/\/api.w.org\/{rel}","templated":true}]}}