{"id":9626,"date":"2023-12-17T22:26:44","date_gmt":"2023-12-17T21:26:44","guid":{"rendered":"https:\/\/agora.xtec.cat\/inssolderiu\/?p=9626"},"modified":"2023-12-17T22:26:44","modified_gmt":"2023-12-17T21:26:44","slug":"xerrades-marato-tv3-a-linstitut-sol-de-riu-3","status":"publish","type":"post","link":"https:\/\/agora.xtec.cat\/inssolderiu\/portada\/xerrades-marato-tv3-a-linstitut-sol-de-riu-3\/","title":{"rendered":"Xerrades Marat\u00f3 TV3 a l\u2019Institut S\u00f2l-de-Riu"},"content":{"rendered":"<p>Per la salut sexual i reproductiva<\/p>\n<p class=\"western\" align=\"justify\">L\u2019alumnat de l\u2019Institut S\u00f2l-de-Riu d\u2019Alcanar ha participat en les sessions divulgatives que la doctora J\u00falia Bernardo ha realitzat al nostre centre, per tal d\u2019acostar als joves i sensibilitzar-los envers la salut sexual i reproductiva, les patologies ginecol\u00f2giques i androl\u00f2giques, les infeccions de transmissi\u00f3 sexual, la medicina reproductiva i la salut maternoinfantil.<\/p>\n<p class=\"western\" align=\"justify\">Les sessions s\u2019han portat a terme el divendres 15 de desembre a tots els cursos d\u2019ESO.<\/p>\n<p class=\"western\" align=\"justify\">Com tots els anys, l\u2019institut s\u2019ha fet ress\u00f2 de les campanyes de divulgaci\u00f3 que la Fundaci\u00f3 de la Marat\u00f3 organitza a tot el territori amb la finalitat de conscienciar i sensibilitzar.<\/p>\n<p class=\"western\" align=\"justify\"><a href=\"https:\/\/agora.xtec.cat\/inssolderiu\/wp-content\/uploads\/usu1860\/2023\/12\/IMG_0906.jpg\"><img loading=\"lazy\" decoding=\"async\" class=\"alignnone size-large wp-image-9629\" src=\"https:\/\/agora.xtec.cat\/inssolderiu\/wp-content\/uploads\/usu1860\/2023\/12\/IMG_0906-1024x903.jpg\" alt=\"\" width=\"1024\" height=\"903\" srcset=\"https:\/\/agora.xtec.cat\/inssolderiu\/wp-content\/uploads\/usu1860\/2023\/12\/IMG_0906-1024x903.jpg 1024w, https:\/\/agora.xtec.cat\/inssolderiu\/wp-content\/uploads\/usu1860\/2023\/12\/IMG_0906-300x265.jpg 300w, https:\/\/agora.xtec.cat\/inssolderiu\/wp-content\/uploads\/usu1860\/2023\/12\/IMG_0906-768x677.jpg 768w, https:\/\/agora.xtec.cat\/inssolderiu\/wp-content\/uploads\/usu1860\/2023\/12\/IMG_0906.jpg 1170w\" sizes=\"auto, (max-width: 1024px) 100vw, 1024px\" \/><\/a><a href=\"https:\/\/agora.xtec.cat\/inssolderiu\/wp-content\/uploads\/usu1860\/2023\/12\/IMG_0908.jpg\"><img loading=\"lazy\" decoding=\"async\" class=\"alignnone size-large wp-image-9628\" src=\"https:\/\/agora.xtec.cat\/inssolderiu\/wp-content\/uploads\/usu1860\/2023\/12\/IMG_0908-1024x736.jpg\" alt=\"\" width=\"1024\" height=\"736\" srcset=\"https:\/\/agora.xtec.cat\/inssolderiu\/wp-content\/uploads\/usu1860\/2023\/12\/IMG_0908-1024x736.jpg 1024w, https:\/\/agora.xtec.cat\/inssolderiu\/wp-content\/uploads\/usu1860\/2023\/12\/IMG_0908-300x216.jpg 300w, https:\/\/agora.xtec.cat\/inssolderiu\/wp-content\/uploads\/usu1860\/2023\/12\/IMG_0908-768x552.jpg 768w, https:\/\/agora.xtec.cat\/inssolderiu\/wp-content\/uploads\/usu1860\/2023\/12\/IMG_0908.jpg 1170w\" sizes=\"auto, (max-width: 1024px) 100vw, 1024px\" \/><\/a><a href=\"https:\/\/agora.xtec.cat\/inssolderiu\/wp-content\/uploads\/usu1860\/2023\/12\/IMG_0907.jpg\"><img loading=\"lazy\" decoding=\"async\" class=\"alignnone size-large wp-image-9627\" src=\"https:\/\/agora.xtec.cat\/inssolderiu\/wp-content\/uploads\/usu1860\/2023\/12\/IMG_0907-1024x751.jpg\" alt=\"\" width=\"1024\" height=\"751\" srcset=\"https:\/\/agora.xtec.cat\/inssolderiu\/wp-content\/uploads\/usu1860\/2023\/12\/IMG_0907-1024x751.jpg 1024w, https:\/\/agora.xtec.cat\/inssolderiu\/wp-content\/uploads\/usu1860\/2023\/12\/IMG_0907-300x220.jpg 300w, https:\/\/agora.xtec.cat\/inssolderiu\/wp-content\/uploads\/usu1860\/2023\/12\/IMG_0907-768x563.jpg 768w, https:\/\/agora.xtec.cat\/inssolderiu\/wp-content\/uploads\/usu1860\/2023\/12\/IMG_0907.jpg 1170w\" sizes=\"auto, (max-width: 1024px) 100vw, 1024px\" \/><\/a><\/p>\n","protected":false},"excerpt":{"rendered":"<p>Per la salut sexual i reproductiva<br \/>\nL\u2019alumnat de l\u2019Institut S\u00f2l-de-Riu d\u2019Alcanar ha participat en les sessions divulgatives que la doctora J\u00falia Bernardo ha realitzat al nostre centre, per tal d\u2019acostar als joves i sensibilitzar-los envers la salut sexual i reproductiva, les patologies ginecol\u00f2giques i androl\u00f2giques, les&hellip;  <a href=\"https:\/\/agora.xtec.cat\/inssolderiu\/portada\/xerrades-marato-tv3-a-linstitut-sol-de-riu-3\/\" title=\"Read Xerrades Marat\u00f3 TV3 a l\u2019Institut S\u00f2l-de-Riu\">Llegeix m\u00e9s\u00bb<\/a><\/p>\n","protected":false},"author":1,"featured_media":9629,"comment_status":"open","ping_status":"closed","sticky":false,"template":"","format":"standard","meta":{"_bbp_topic_count":0,"_bbp_reply_count":0,"_bbp_total_topic_count":0,"_bbp_total_reply_count":0,"_bbp_voice_count":0,"_bbp_anonymous_reply_count":0,"_bbp_topic_count_hidden":0,"_bbp_reply_count_hidden":0,"_bbp_forum_subforum_count":0,"footnotes":""},"categories":[106,105,29],"tags":[],"class_list":["post-9626","post","type-post","status-publish","format-standard","has-post-thumbnail","hentry","category-alumnat","category-noticies","category-portada"],"post_mailing_queue_ids":[],"_links":{"self":[{"href":"https:\/\/agora.xtec.cat\/inssolderiu\/wp-json\/wp\/v2\/posts\/9626","targetHints":{"allow":["GET"]}}],"collection":[{"href":"https:\/\/agora.xtec.cat\/inssolderiu\/wp-json\/wp\/v2\/posts"}],"about":[{"href":"https:\/\/agora.xtec.cat\/inssolderiu\/wp-json\/wp\/v2\/types\/post"}],"author":[{"embeddable":true,"href":"https:\/\/agora.xtec.cat\/inssolderiu\/wp-json\/wp\/v2\/users\/1"}],"replies":[{"embeddable":true,"href":"https:\/\/agora.xtec.cat\/inssolderiu\/wp-json\/wp\/v2\/comments?post=9626"}],"version-history":[{"count":1,"href":"https:\/\/agora.xtec.cat\/inssolderiu\/wp-json\/wp\/v2\/posts\/9626\/revisions"}],"predecessor-version":[{"id":9630,"href":"https:\/\/agora.xtec.cat\/inssolderiu\/wp-json\/wp\/v2\/posts\/9626\/revisions\/9630"}],"wp:featuredmedia":[{"embeddable":true,"href":"https:\/\/agora.xtec.cat\/inssolderiu\/wp-json\/wp\/v2\/media\/9629"}],"wp:attachment":[{"href":"https:\/\/agora.xtec.cat\/inssolderiu\/wp-json\/wp\/v2\/media?parent=9626"}],"wp:term":[{"taxonomy":"category","embeddable":true,"href":"https:\/\/agora.xtec.cat\/inssolderiu\/wp-json\/wp\/v2\/categories?post=9626"},{"taxonomy":"post_tag","embeddable":true,"href":"https:\/\/agora.xtec.cat\/inssolderiu\/wp-json\/wp\/v2\/tags?post=9626"}],"curies":[{"name":"wp","href":"https:\/\/api.w.org\/{rel}","templated":true}]}}