{"id":9616,"date":"2023-12-15T17:03:54","date_gmt":"2023-12-15T16:03:54","guid":{"rendered":"https:\/\/agora.xtec.cat\/inssolderiu\/?p=9616"},"modified":"2023-12-17T22:10:32","modified_gmt":"2023-12-17T21:10:32","slug":"activitat-nadalenca-de-la-tei-i-les-optatives-de-matematiques-i-maths","status":"publish","type":"post","link":"https:\/\/agora.xtec.cat\/inssolderiu\/general\/activitat-nadalenca-de-la-tei-i-les-optatives-de-matematiques-i-maths\/","title":{"rendered":"Activitat nadalenca de la TEI i les optatives de Matem\u00e0tiques i Maths"},"content":{"rendered":"<div><a href=\"https:\/\/agora.xtec.cat\/inssolderiu\/wp-content\/uploads\/usu1860\/2023\/12\/1.png\"><img loading=\"lazy\" decoding=\"async\" class=\"alignnone size-large wp-image-9609\" src=\"https:\/\/agora.xtec.cat\/inssolderiu\/wp-content\/uploads\/usu1860\/2023\/12\/1-1024x1024.png\" alt=\"\" width=\"1024\" height=\"1024\" srcset=\"https:\/\/agora.xtec.cat\/inssolderiu\/wp-content\/uploads\/usu1860\/2023\/12\/1-1024x1024.png 1024w, https:\/\/agora.xtec.cat\/inssolderiu\/wp-content\/uploads\/usu1860\/2023\/12\/1-300x300.png 300w, https:\/\/agora.xtec.cat\/inssolderiu\/wp-content\/uploads\/usu1860\/2023\/12\/1-150x150.png 150w, https:\/\/agora.xtec.cat\/inssolderiu\/wp-content\/uploads\/usu1860\/2023\/12\/1-768x768.png 768w, https:\/\/agora.xtec.cat\/inssolderiu\/wp-content\/uploads\/usu1860\/2023\/12\/1.png 1080w\" sizes=\"auto, (max-width: 1024px) 100vw, 1024px\" \/><\/a><\/div>\n<div><\/div>\n<div>Aprofitant que arriben les festes de Nadal, hem dut a terme una nova activitat de la Tutoria Entre Iguals en col\u00b7laboraci\u00f3 amb el departament de Matem\u00e0tiques. En aquesta activitat de la TEI, l&#8217;alumnat de 1r amb els seus tutors de 3r, han ajudat a decorar el centre amb motius nadalencs i han omplert les aules de bons desitjos. Aix\u00f2 ha contribu\u00eft a millorar la relaci\u00f3 entre tutorands i tutors.<\/div>\n<div><\/div>\n<p>Per a dur a terme aquesta activitat, hem comptat amb l&#8217;ajuda del departament de Matem\u00e0tiques, ja que l\u2019alumnat de 1r d\u2019ESO de les optatives de Matem\u00e0tiques i Maths ha volgut decorar el centre construint un arbre de Nadal matem\u00e0ticament a partir de les fractals.<\/p>\n<p>El triangle de Sierpinski \u00e9s el que s\u2019anomena en matem\u00e0tiques una fractal. Una fractal \u00e9s un objecte matem\u00e0tic que es construeix amb un procediment recursiu (repetint sempre un mateix proc\u00e9s), que t\u00e9 una dimensi\u00f3 fraccion\u00e0ria i que el tot, si l\u2019observem, \u00e9s igual a les parts (<i>self-similarity\u00a0<\/i>en angl\u00e8s). Podem trobar molts tipus de fractals a la natura tamb\u00e9, com les fulles de falguera, certes estructures de branques o per exemple en l\u2019estructura del br\u00f2coli romanesco.<\/p>\n<p>En la construcci\u00f3 del nostre tetraedre de Sierpinski hem utilitzat 256 tetraedres regulars constru\u00efts un a un i enganxats amb cura fins a formar la pir\u00e0mide.<\/p>\n<div>Bones festes!<\/div>\n<div><a href=\"https:\/\/agora.xtec.cat\/inssolderiu\/wp-content\/uploads\/usu1860\/2023\/12\/2.png\"><img loading=\"lazy\" decoding=\"async\" class=\"alignnone size-large wp-image-9610\" src=\"https:\/\/agora.xtec.cat\/inssolderiu\/wp-content\/uploads\/usu1860\/2023\/12\/2-1024x1024.png\" alt=\"\" width=\"1024\" height=\"1024\" srcset=\"https:\/\/agora.xtec.cat\/inssolderiu\/wp-content\/uploads\/usu1860\/2023\/12\/2-1024x1024.png 1024w, https:\/\/agora.xtec.cat\/inssolderiu\/wp-content\/uploads\/usu1860\/2023\/12\/2-300x300.png 300w, https:\/\/agora.xtec.cat\/inssolderiu\/wp-content\/uploads\/usu1860\/2023\/12\/2-150x150.png 150w, https:\/\/agora.xtec.cat\/inssolderiu\/wp-content\/uploads\/usu1860\/2023\/12\/2-768x768.png 768w, https:\/\/agora.xtec.cat\/inssolderiu\/wp-content\/uploads\/usu1860\/2023\/12\/2.png 1080w\" sizes=\"auto, (max-width: 1024px) 100vw, 1024px\" \/><\/a><a href=\"https:\/\/agora.xtec.cat\/inssolderiu\/wp-content\/uploads\/usu1860\/2023\/12\/3.png\"><img loading=\"lazy\" decoding=\"async\" class=\"alignnone size-large wp-image-9611\" src=\"https:\/\/agora.xtec.cat\/inssolderiu\/wp-content\/uploads\/usu1860\/2023\/12\/3-1024x1024.png\" alt=\"\" width=\"1024\" height=\"1024\" srcset=\"https:\/\/agora.xtec.cat\/inssolderiu\/wp-content\/uploads\/usu1860\/2023\/12\/3-1024x1024.png 1024w, https:\/\/agora.xtec.cat\/inssolderiu\/wp-content\/uploads\/usu1860\/2023\/12\/3-300x300.png 300w, https:\/\/agora.xtec.cat\/inssolderiu\/wp-content\/uploads\/usu1860\/2023\/12\/3-150x150.png 150w, https:\/\/agora.xtec.cat\/inssolderiu\/wp-content\/uploads\/usu1860\/2023\/12\/3-768x768.png 768w, https:\/\/agora.xtec.cat\/inssolderiu\/wp-content\/uploads\/usu1860\/2023\/12\/3.png 1080w\" sizes=\"auto, (max-width: 1024px) 100vw, 1024px\" \/><\/a><\/div>\n","protected":false},"excerpt":{"rendered":"<p><a href=\"https:\/\/agora.xtec.cat\/inssolderiu\/wp-content\/uploads\/usu1860\/2023\/12\/1.png\"><\/a><\/p>\n<p>Aprofitant que arriben les festes de Nadal, hem dut a terme una nova activitat de la Tutoria Entre Iguals en col\u00b7laboraci\u00f3 amb el departament de Matem\u00e0tiques. En aquesta activitat de la TEI, l&#8217;alumnat de 1r amb els seus tutors de 3r, han ajudat a&hellip;  <a href=\"https:\/\/agora.xtec.cat\/inssolderiu\/general\/activitat-nadalenca-de-la-tei-i-les-optatives-de-matematiques-i-maths\/\" title=\"Read Activitat nadalenca de la TEI i les optatives de Matem\u00e0tiques i Maths\">Llegeix m\u00e9s\u00bb<\/a><\/p>\n","protected":false},"author":1,"featured_media":9609,"comment_status":"open","ping_status":"closed","sticky":false,"template":"","format":"standard","meta":{"_bbp_topic_count":0,"_bbp_reply_count":0,"_bbp_total_topic_count":0,"_bbp_total_reply_count":0,"_bbp_voice_count":0,"_bbp_anonymous_reply_count":0,"_bbp_topic_count_hidden":0,"_bbp_reply_count_hidden":0,"_bbp_forum_subforum_count":0,"footnotes":""},"categories":[106,1,105,29],"tags":[],"class_list":["post-9616","post","type-post","status-publish","format-standard","has-post-thumbnail","hentry","category-alumnat","category-general","category-noticies","category-portada"],"post_mailing_queue_ids":[],"_links":{"self":[{"href":"https:\/\/agora.xtec.cat\/inssolderiu\/wp-json\/wp\/v2\/posts\/9616","targetHints":{"allow":["GET"]}}],"collection":[{"href":"https:\/\/agora.xtec.cat\/inssolderiu\/wp-json\/wp\/v2\/posts"}],"about":[{"href":"https:\/\/agora.xtec.cat\/inssolderiu\/wp-json\/wp\/v2\/types\/post"}],"author":[{"embeddable":true,"href":"https:\/\/agora.xtec.cat\/inssolderiu\/wp-json\/wp\/v2\/users\/1"}],"replies":[{"embeddable":true,"href":"https:\/\/agora.xtec.cat\/inssolderiu\/wp-json\/wp\/v2\/comments?post=9616"}],"version-history":[{"count":3,"href":"https:\/\/agora.xtec.cat\/inssolderiu\/wp-json\/wp\/v2\/posts\/9616\/revisions"}],"predecessor-version":[{"id":9618,"href":"https:\/\/agora.xtec.cat\/inssolderiu\/wp-json\/wp\/v2\/posts\/9616\/revisions\/9618"}],"wp:featuredmedia":[{"embeddable":true,"href":"https:\/\/agora.xtec.cat\/inssolderiu\/wp-json\/wp\/v2\/media\/9609"}],"wp:attachment":[{"href":"https:\/\/agora.xtec.cat\/inssolderiu\/wp-json\/wp\/v2\/media?parent=9616"}],"wp:term":[{"taxonomy":"category","embeddable":true,"href":"https:\/\/agora.xtec.cat\/inssolderiu\/wp-json\/wp\/v2\/categories?post=9616"},{"taxonomy":"post_tag","embeddable":true,"href":"https:\/\/agora.xtec.cat\/inssolderiu\/wp-json\/wp\/v2\/tags?post=9616"}],"curies":[{"name":"wp","href":"https:\/\/api.w.org\/{rel}","templated":true}]}}