{"id":7303,"date":"2021-03-12T18:37:12","date_gmt":"2021-03-12T17:37:12","guid":{"rendered":"https:\/\/agora.xtec.cat\/inssolderiu\/?p=7303"},"modified":"2021-03-12T18:37:12","modified_gmt":"2021-03-12T17:37:12","slug":"oferta-publica-de-places-eso-per-al-curs-21-22","status":"publish","type":"post","link":"https:\/\/agora.xtec.cat\/inssolderiu\/general\/oferta-publica-de-places-eso-per-al-curs-21-22\/","title":{"rendered":"Oferta p\u00fablica de places ESO per al curs 21\/22"},"content":{"rendered":"<h3 style=\"text-align: justify;\"><strong>Benvolgudes fam\u00edlies,<\/strong><\/h3>\n<h3 style=\"text-align: justify;\"><strong>En el seg\u00fcent enlla\u00e7 podreu consultar el Mapa escolar de la preinscripci\u00f3 per al\u00a0curs 2021\/2022:<\/strong><\/h3>\n<h3 style=\"text-align: justify;\"><\/h3>\n<h2 style=\"text-align: center;\"><strong><span style=\"color: #3366ff;\"><a style=\"font-family: inherit; font-size: 1em; color: #3366ff;\" href=\"http:\/\/mapaescolar.gencat.cat\/\" data-saferedirecturl=\"https:\/\/www.google.com\/url?q=http:\/\/mapaescolar.gencat.cat\/&amp;source=gmail&amp;ust=1589528934200000&amp;usg=AFQjCNEasdQ7ObpZvFA9NvFQRVruo6SU6w\" data-removefontsize=\"true\" data-originalcomputedfontsize=\"13.333333015441895\">http:\/\/mapaescolar.gencat.cat\/<\/a><\/span><\/strong><\/h2>\n<h3 style=\"text-align: justify;\"><\/h3>\n<h3 style=\"text-align: justify;\"><strong>Si voleu realitzar la cerca per codi de centre l&#8217;INS S\u00f2l-de-Riu \u00e9s el\u00a0 43007087<\/strong><\/h3>\n","protected":false},"excerpt":{"rendered":"<p>Benvolgudes fam\u00edlies,<br \/>\nEn el seg\u00fcent enlla\u00e7 podreu consultar el Mapa escolar de la preinscripci\u00f3 per al\u00a0curs 2021\/2022:<\/p>\n<p><a style=\"font-family: inherit; font-size: 1em; color: #3366ff;\" href=\"http:\/\/mapaescolar.gencat.cat\/\" data-saferedirecturl=\"https:\/\/www.google.com\/url?q=http:\/\/mapaescolar.gencat.cat\/&amp;source=gmail&amp;ust=1589528934200000&amp;usg=AFQjCNEasdQ7ObpZvFA9NvFQRVruo6SU6w\" data-removefontsize=\"true\" data-originalcomputedfontsize=\"13.333333015441895\">http:\/\/mapaescolar.gencat.cat\/<\/a><\/p>\n<p>Si voleu realitzar la cerca per codi de centre l&#8217;INS S\u00f2l-de-Riu \u00e9s el\u00a0 43007087<\/p>\n","protected":false},"author":1,"featured_media":7296,"comment_status":"open","ping_status":"closed","sticky":false,"template":"","format":"standard","meta":{"_bbp_topic_count":0,"_bbp_reply_count":0,"_bbp_total_topic_count":0,"_bbp_total_reply_count":0,"_bbp_voice_count":0,"_bbp_anonymous_reply_count":0,"_bbp_topic_count_hidden":0,"_bbp_reply_count_hidden":0,"_bbp_forum_subforum_count":0,"footnotes":""},"categories":[107,1,105,29],"tags":[],"class_list":["post-7303","post","type-post","status-publish","format-standard","has-post-thumbnail","hentry","category-comunitat","category-general","category-noticies","category-portada"],"post_mailing_queue_ids":[],"_links":{"self":[{"href":"https:\/\/agora.xtec.cat\/inssolderiu\/wp-json\/wp\/v2\/posts\/7303","targetHints":{"allow":["GET"]}}],"collection":[{"href":"https:\/\/agora.xtec.cat\/inssolderiu\/wp-json\/wp\/v2\/posts"}],"about":[{"href":"https:\/\/agora.xtec.cat\/inssolderiu\/wp-json\/wp\/v2\/types\/post"}],"author":[{"embeddable":true,"href":"https:\/\/agora.xtec.cat\/inssolderiu\/wp-json\/wp\/v2\/users\/1"}],"replies":[{"embeddable":true,"href":"https:\/\/agora.xtec.cat\/inssolderiu\/wp-json\/wp\/v2\/comments?post=7303"}],"version-history":[{"count":3,"href":"https:\/\/agora.xtec.cat\/inssolderiu\/wp-json\/wp\/v2\/posts\/7303\/revisions"}],"predecessor-version":[{"id":7308,"href":"https:\/\/agora.xtec.cat\/inssolderiu\/wp-json\/wp\/v2\/posts\/7303\/revisions\/7308"}],"wp:featuredmedia":[{"embeddable":true,"href":"https:\/\/agora.xtec.cat\/inssolderiu\/wp-json\/wp\/v2\/media\/7296"}],"wp:attachment":[{"href":"https:\/\/agora.xtec.cat\/inssolderiu\/wp-json\/wp\/v2\/media?parent=7303"}],"wp:term":[{"taxonomy":"category","embeddable":true,"href":"https:\/\/agora.xtec.cat\/inssolderiu\/wp-json\/wp\/v2\/categories?post=7303"},{"taxonomy":"post_tag","embeddable":true,"href":"https:\/\/agora.xtec.cat\/inssolderiu\/wp-json\/wp\/v2\/tags?post=7303"}],"curies":[{"name":"wp","href":"https:\/\/api.w.org\/{rel}","templated":true}]}}