{"id":6590,"date":"2020-03-14T11:54:44","date_gmt":"2020-03-14T10:54:44","guid":{"rendered":"https:\/\/agora.xtec.cat\/inssolderiu\/?p=6590"},"modified":"2020-03-14T11:54:44","modified_gmt":"2020-03-14T10:54:44","slug":"comunicat-departament-educacio-informacio-proves-acces-i-altres-convocatories","status":"publish","type":"post","link":"https:\/\/agora.xtec.cat\/inssolderiu\/general\/comunicat-departament-educacio-informacio-proves-acces-i-altres-convocatories\/","title":{"rendered":"Comunicat Departament Educaci\u00f3: informaci\u00f3 proves acc\u00e9s i altres convocat\u00f2ries."},"content":{"rendered":"<h4>Comunicat Departament Educaci\u00f3. Direcci\u00f3 General d&#8217;Atenci\u00f3 a la Fam\u00edlia i Comunitat Educativa.<\/h4>\n<p><b>Informaci\u00f3 sobre presentaci\u00f3 de documentaci\u00f3 i inscripcions a les proves d\u2019acc\u00e9s i d\u2019obtenci\u00f3 de t\u00edtol davant les mesures preventives, de protecci\u00f3 i organitzatives d\u2019aplicaci\u00f3 als centres i serveis del Servei d\u2019Educaci\u00f3 de Catalunya amb motiu del coronavirus SARS-CoV-2<\/b><\/p>\n<ol>\n<li style=\"list-style-type: none;\">\n<ol>\n<li><b> Proves d\u2019acc\u00e9s als cicles formatius de formaci\u00f3 professional i als cicles formatius d\u2019arts pl\u00e0stiques i disseny, les proves de car\u00e0cter general d\u2019ensenyaments esportius i les proves d\u2019acc\u00e9s a les formacions esportives de nivell 1 i de nivell 3.<\/b><\/li>\n<\/ol>\n<\/li>\n<\/ol>\n<p style=\"padding-left: 40px;\"><span style=\"font-weight: 400;\">Es mantenen les dates d\u2019inscripci\u00f3 (que \u00e9s telem\u00e0tica, del 16 al 26 de mar\u00e7) i, en cas d\u2019haver de presentar documentaci\u00f3 en els centres s\u2019estableix com a via per fer-ho el correu electr\u00f2nic del centre (documentaci\u00f3 escanejada).<\/span><\/p>\n<ol>\n<li style=\"list-style-type: none;\">\n<ol start=\"2\">\n<li><b> Proves d\u2019acc\u00e9s als ensenyaments art\u00edstics superiors adaptats a l\u2019Espai Europeu d\u2019Educaci\u00f3 Superior per als aspirants sense requisit acad\u00e8mic<\/b><\/li>\n<\/ol>\n<\/li>\n<\/ol>\n<p style=\"padding-left: 40px;\"><span style=\"font-weight: 400;\">Es mantenen les dates d\u2019inscripci\u00f3 (que \u00e9s telem\u00e0tica del 23 al 27 de mar\u00e7) i, en cas d\u2019haver de presentar documentaci\u00f3 al centre s\u2019estableix com a via per fer-ho el correu electr\u00f2nic del centre (documentaci\u00f3 escanejada)<\/span><\/p>\n<ol>\n<li style=\"list-style-type: none;\">\n<ol start=\"3\">\n<li><b> Prova ordin\u00e0ria per a l\u2019obtenci\u00f3 dels certificats de nivells intermedi B1 i B2 i del nivell avan\u00e7at C1 dels ensenyaments d\u2019idiomes de r\u00e8gim especial que imparteixen les escoles oficials d\u2019idiomes.<\/b><\/li>\n<\/ol>\n<\/li>\n<\/ol>\n<p><span style=\"font-weight: 400;\">Avui, 13 de mar\u00e7, s\u2019han publicat les llistes provisionals d\u2019admesos i exclosos que poden consultar-se per mitjans electr\u00f2nics.<\/span><\/p>\n<p><span style=\"font-weight: 400;\">En cas d\u2019haver de presentar documentaci\u00f3 per esmenar possibles errades i\/o exclusions la via per fer-ho ser\u00e0 mitjan\u00e7ant el correu electr\u00f2nic del centre (documentaci\u00f3 escanejada).<\/span><\/p>\n<p><span style=\"font-weight: 400;\">Barcelona, 13 de mar\u00e7 de 2020<\/span><\/p>\n","protected":false},"excerpt":{"rendered":"<p>Comunicat Departament Educaci\u00f3. Direcci\u00f3 General d&#8217;Atenci\u00f3 a la Fam\u00edlia i Comunitat Educativa.<br \/>\nInformaci\u00f3 sobre presentaci\u00f3 de documentaci\u00f3 i inscripcions a les proves d\u2019acc\u00e9s i d\u2019obtenci\u00f3 de t\u00edtol davant les mesures preventives, de protecci\u00f3 i organitzatives d\u2019aplicaci\u00f3 als centres i serveis del Servei d\u2019Educaci\u00f3 de Catalunya amb&hellip;  <a href=\"https:\/\/agora.xtec.cat\/inssolderiu\/general\/comunicat-departament-educacio-informacio-proves-acces-i-altres-convocatories\/\" title=\"Read Comunicat Departament Educaci\u00f3: informaci\u00f3 proves acc\u00e9s i altres convocat\u00f2ries.\">Llegeix m\u00e9s\u00bb<\/a><\/p>\n","protected":false},"author":1,"featured_media":6567,"comment_status":"open","ping_status":"closed","sticky":false,"template":"","format":"standard","meta":{"_bbp_topic_count":0,"_bbp_reply_count":0,"_bbp_total_topic_count":0,"_bbp_total_reply_count":0,"_bbp_voice_count":0,"_bbp_anonymous_reply_count":0,"_bbp_topic_count_hidden":0,"_bbp_reply_count_hidden":0,"_bbp_forum_subforum_count":0,"footnotes":""},"categories":[1,29],"tags":[],"class_list":["post-6590","post","type-post","status-publish","format-standard","has-post-thumbnail","hentry","category-general","category-portada"],"post_mailing_queue_ids":[],"_links":{"self":[{"href":"https:\/\/agora.xtec.cat\/inssolderiu\/wp-json\/wp\/v2\/posts\/6590","targetHints":{"allow":["GET"]}}],"collection":[{"href":"https:\/\/agora.xtec.cat\/inssolderiu\/wp-json\/wp\/v2\/posts"}],"about":[{"href":"https:\/\/agora.xtec.cat\/inssolderiu\/wp-json\/wp\/v2\/types\/post"}],"author":[{"embeddable":true,"href":"https:\/\/agora.xtec.cat\/inssolderiu\/wp-json\/wp\/v2\/users\/1"}],"replies":[{"embeddable":true,"href":"https:\/\/agora.xtec.cat\/inssolderiu\/wp-json\/wp\/v2\/comments?post=6590"}],"version-history":[{"count":1,"href":"https:\/\/agora.xtec.cat\/inssolderiu\/wp-json\/wp\/v2\/posts\/6590\/revisions"}],"predecessor-version":[{"id":6591,"href":"https:\/\/agora.xtec.cat\/inssolderiu\/wp-json\/wp\/v2\/posts\/6590\/revisions\/6591"}],"wp:featuredmedia":[{"embeddable":true,"href":"https:\/\/agora.xtec.cat\/inssolderiu\/wp-json\/wp\/v2\/media\/6567"}],"wp:attachment":[{"href":"https:\/\/agora.xtec.cat\/inssolderiu\/wp-json\/wp\/v2\/media?parent=6590"}],"wp:term":[{"taxonomy":"category","embeddable":true,"href":"https:\/\/agora.xtec.cat\/inssolderiu\/wp-json\/wp\/v2\/categories?post=6590"},{"taxonomy":"post_tag","embeddable":true,"href":"https:\/\/agora.xtec.cat\/inssolderiu\/wp-json\/wp\/v2\/tags?post=6590"}],"curies":[{"name":"wp","href":"https:\/\/api.w.org\/{rel}","templated":true}]}}