{"id":4909,"date":"2018-06-20T12:16:55","date_gmt":"2018-06-20T10:16:55","guid":{"rendered":"http:\/\/institutsolderiu.cat\/?p=4909"},"modified":"2018-06-20T12:16:55","modified_gmt":"2018-06-20T10:16:55","slug":"parlament-graduacio-2n-batxillerat-marga-gil","status":"publish","type":"post","link":"https:\/\/agora.xtec.cat\/inssolderiu\/alumnat\/parlament-graduacio-2n-batxillerat-marga-gil\/","title":{"rendered":"Parlament graduaci\u00f3 2n Batxillerat , Marga Gil"},"content":{"rendered":"<p>Bona tarda a tothom,<\/p>\n<p style=\"text-align: justify;\">Quan acomiadem una promoci\u00f3, inevitablement ens envaeix un doble sentiment. Per una banda, una certa recan\u00e7a pels moments compartits, moments quotidians, petits moments, bons moments (gaireb\u00e9 sempre), al cap a la fi \u201cels nostres moments\u201d. \u201cS\u00ed, se\u2019n va el temps (deia Salvador Espriu), per\u00f2 deixa, dintre dels ulls, ampl\u00edssims camins de llum\u201d, uns camins de llum als quals espero que el professorat h\u00e0gem ajudat a construir en aquests\u00a0 anys d\u2019acompanyament.<\/p>\n<p style=\"text-align: justify;\">Per altra banda, sentim una alegria enorme per haver contribu\u00eft a completar una etapa de les vostres vides que ara s\u2019acaba\u00a0 i tamb\u00e9 una certa enveja, perqu\u00e8 no dir-ho, en veure el m\u00f3n que s\u2019obre davant mateix dels vostres ulls com un full en blanc en el qual podreu escriure tot all\u00f2 que decidiu, perqu\u00e8 com va dir el poeta Miquel Mart\u00ed i Pol: \u201cque tot est\u00e0 per fer i tot \u00e9s possible\u201d.<\/p>\n<p style=\"text-align: justify;\">Tots aquests anys que heu passat en el centre, els heu de guardar com un petit tresor que es far\u00e0 m\u00e9s valu\u00f3s amb el pas dels anys fins a esdevenir una veritable joia. Una joia que espero que us haja ajudat a ser com sou, a pensar com penseu i a relacionar-vos com us relacioneu&#8230; Tingueu cura els uns dels altres, recordeu els moments viscuts i forgeu-ne de nous&#8230;<\/p>\n<p style=\"text-align: justify;\">Deia Montserrat Roig que \u201cTots duem un actor, o una actriu, amagats als plecs m\u00e9s rec\u00f2ndits del nostre cor. Tots volem representar all\u00f2 que ens pensem que no som\u201d. Sigueu vosaltres mateixos, regaleu-vos el dret a equivocar-vos i a lluitar pels vostres somnis. No us deixeu endur pel des\u00e0nim, ans al contrari, sigueu valents, decidits, compromesos i lluitadors. No combregueu amb rodes de mol\u00ed, sigueu reflexius, atureu-vos a pensar abans de prendre qualsevol decisi\u00f3, deixeu-vos aconsellar per aquells que us estimen&#8230;, per\u00f2 penseu que \u201cla llibertat no \u00e9s fer el que vulguis, \u00e9s no haver de fer all\u00f2 que volen els altres\u201d (citant al gran Manuel de Pedrolo).<\/p>\n<p style=\"text-align: justify;\">I ja per anar acabant, i des del goig d\u2019haver estat la vostra tutora, us voldria dedicar un senzill poema (sabeu que no soc gaire donada a l\u2019ampul\u00b7lositat) d\u2019una escriptora, lexic\u00f2loga i bibliotec\u00e0ria, que crec que us agradar\u00e0.<\/p>\n<p style=\"text-align: justify;\">El poema es diu <em>Endavant<\/em> i l\u2019autora \u00e9s Joana Raspall.<\/p>\n<p>&nbsp;<\/p>\n<p><em><strong>&#8216;Endavant<\/strong><\/em><\/p>\n<p><em><strong>Respira fort, que l\u2019aire \u00e9s teu<\/strong><\/em><\/p>\n<p><em><strong>i l\u2019aire i tot et poden prendre.<\/strong><\/em><\/p>\n<p><em><strong>Un cop ja l\u2019hagis respirat<\/strong><\/em><\/p>\n<p><em><strong>\u00e9s carn com tu,<\/strong><\/em><\/p>\n<p><em><strong>\u00e9s al\u00e8 teu que no es pot vendre.<\/strong><\/em><\/p>\n<p><em><strong>Respira fort, que l\u2019aire \u00e9s teu.<\/strong><\/em><\/p>\n<p>&nbsp;<\/p>\n<p><em><strong>Trepitja fort, que el lloc \u00e9s teu!<\/strong><\/em><\/p>\n<p><em><strong>On hi ha el teu peu no n\u2019hi cap d\u2019altre.<\/strong><\/em><\/p>\n<p><em><strong>La terra t\u00e9 per a tothom<\/strong><\/em><\/p>\n<p><em><strong>camins oberts.<\/strong><\/em><\/p>\n<p><em><strong>Fuig de qui vulgui entrebancar-te.<\/strong><\/em><\/p>\n<p><em><strong>Trepitja ferm, que el lloc \u00e9s teu!<\/strong><\/em><\/p>\n<p>&nbsp;<\/p>\n<p><em><strong>Parla ben clar, que el mot \u00e9s teu\u00a0\u00a0\u00a0\u00a0\u00a0\u00a0\u00a0\u00a0\u00a0\u00a0\u00a0\u00a0\u00a0\u00a0\u00a0\u00a0\u00a0<\/strong><\/em><\/p>\n<p><em><strong>i el pensament ning\u00fa no el mana.<\/strong><\/em><\/p>\n<p><em><strong>Si creus la teva veritat<\/strong><\/em><\/p>\n<p><em><strong>llan\u00e7a-la al vent<\/strong><\/em><\/p>\n<p><em><strong>i que s\u2019arbori com la flama.<\/strong><\/em><\/p>\n<p><em><strong>Parla ben clar, que el mot \u00e9s teu!\u00a0 \u00a0\u00a0<\/strong><\/em><\/p>\n<p>&nbsp;<\/p>\n<p>Trepitgeu fort estimades i estimats alumnes, que el futur \u00e9s vostre. I recordeu que sempre us dur\u00e9 al cor i que aqu\u00ed sempre ser\u00e0 casa vostra.<\/p>\n<p>Bona tarda<\/p>\n","protected":false},"excerpt":{"rendered":"<p>Bona tarda a tothom, Quan acomiadem una promoci\u00f3, inevitablement ens envaeix un doble sentiment. Per una banda, una certa recan\u00e7a pels moments compartits, moments quotidians, petits moments, bons moments (gaireb\u00e9 sempre), al cap a la fi \u201cels nostres moments\u201d. \u201cS\u00ed, se\u2019n va el temps (deia Salvador Espriu), per\u00f2 deixa, dintre dels ulls, ampl\u00edssims camins de [&hellip;]<\/p>\n","protected":false},"author":1,"featured_media":4910,"comment_status":"open","ping_status":"open","sticky":false,"template":"","format":"standard","meta":{"_bbp_topic_count":0,"_bbp_reply_count":0,"_bbp_total_topic_count":0,"_bbp_total_reply_count":0,"_bbp_voice_count":0,"_bbp_anonymous_reply_count":0,"_bbp_topic_count_hidden":0,"_bbp_reply_count_hidden":0,"_bbp_forum_subforum_count":0,"site-sidebar-layout":"default","site-content-layout":"","ast-site-content-layout":"","site-content-style":"default","site-sidebar-style":"default","ast-global-header-display":"","ast-banner-title-visibility":"","ast-main-header-display":"","ast-hfb-above-header-display":"","ast-hfb-below-header-display":"","ast-hfb-mobile-header-display":"","site-post-title":"","ast-breadcrumbs-content":"","ast-featured-img":"","footer-sml-layout":"","theme-transparent-header-meta":"","adv-header-id-meta":"","stick-header-meta":"","header-above-stick-meta":"","header-main-stick-meta":"","header-below-stick-meta":"","astra-migrate-meta-layouts":"default","ast-page-background-enabled":"default","ast-page-background-meta":{"desktop":{"background-color":"var(--ast-global-color-4)","background-image":"","background-repeat":"repeat","background-position":"center center","background-size":"auto","background-attachment":"scroll","background-type":"","background-media":"","overlay-type":"","overlay-color":"","overlay-opacity":"","overlay-gradient":""},"tablet":{"background-color":"","background-image":"","background-repeat":"repeat","background-position":"center center","background-size":"auto","background-attachment":"scroll","background-type":"","background-media":"","overlay-type":"","overlay-color":"","overlay-opacity":"","overlay-gradient":""},"mobile":{"background-color":"","background-image":"","background-repeat":"repeat","background-position":"center center","background-size":"auto","background-attachment":"scroll","background-type":"","background-media":"","overlay-type":"","overlay-color":"","overlay-opacity":"","overlay-gradient":""}},"ast-content-background-meta":{"desktop":{"background-color":"var(--ast-global-color-5)","background-image":"","background-repeat":"repeat","background-position":"center center","background-size":"auto","background-attachment":"scroll","background-type":"","background-media":"","overlay-type":"","overlay-color":"","overlay-opacity":"","overlay-gradient":""},"tablet":{"background-color":"var(--ast-global-color-5)","background-image":"","background-repeat":"repeat","background-position":"center center","background-size":"auto","background-attachment":"scroll","background-type":"","background-media":"","overlay-type":"","overlay-color":"","overlay-opacity":"","overlay-gradient":""},"mobile":{"background-color":"var(--ast-global-color-5)","background-image":"","background-repeat":"repeat","background-position":"center center","background-size":"auto","background-attachment":"scroll","background-type":"","background-media":"","overlay-type":"","overlay-color":"","overlay-opacity":"","overlay-gradient":""}},"footnotes":""},"categories":[106,107],"tags":[],"class_list":["post-4909","post","type-post","status-publish","format-standard","has-post-thumbnail","hentry","category-alumnat","category-comunitat"],"post_mailing_queue_ids":[],"_links":{"self":[{"href":"https:\/\/agora.xtec.cat\/inssolderiu\/wp-json\/wp\/v2\/posts\/4909","targetHints":{"allow":["GET"]}}],"collection":[{"href":"https:\/\/agora.xtec.cat\/inssolderiu\/wp-json\/wp\/v2\/posts"}],"about":[{"href":"https:\/\/agora.xtec.cat\/inssolderiu\/wp-json\/wp\/v2\/types\/post"}],"author":[{"embeddable":true,"href":"https:\/\/agora.xtec.cat\/inssolderiu\/wp-json\/wp\/v2\/users\/1"}],"replies":[{"embeddable":true,"href":"https:\/\/agora.xtec.cat\/inssolderiu\/wp-json\/wp\/v2\/comments?post=4909"}],"version-history":[{"count":0,"href":"https:\/\/agora.xtec.cat\/inssolderiu\/wp-json\/wp\/v2\/posts\/4909\/revisions"}],"wp:featuredmedia":[{"embeddable":true,"href":"https:\/\/agora.xtec.cat\/inssolderiu\/wp-json\/wp\/v2\/media\/4910"}],"wp:attachment":[{"href":"https:\/\/agora.xtec.cat\/inssolderiu\/wp-json\/wp\/v2\/media?parent=4909"}],"wp:term":[{"taxonomy":"category","embeddable":true,"href":"https:\/\/agora.xtec.cat\/inssolderiu\/wp-json\/wp\/v2\/categories?post=4909"},{"taxonomy":"post_tag","embeddable":true,"href":"https:\/\/agora.xtec.cat\/inssolderiu\/wp-json\/wp\/v2\/tags?post=4909"}],"curies":[{"name":"wp","href":"https:\/\/api.w.org\/{rel}","templated":true}]}}