{"id":10916,"date":"2026-09-04T17:47:16","date_gmt":"2026-09-04T15:47:16","guid":{"rendered":"https:\/\/agora.xtec.cat\/inssolderiu\/?p=10916"},"modified":"2026-09-04T17:48:13","modified_gmt":"2026-09-04T15:48:13","slug":"vaga-professorat-dia-08-09-2026","status":"publish","type":"post","link":"https:\/\/agora.xtec.cat\/inssolderiu\/general\/vaga-professorat-dia-08-09-2026\/","title":{"rendered":"Vaga Professorat dia 08\/09\/2026"},"content":{"rendered":"<p style=\"text-align: justify;\">Benvolgudes fam\u00edlies,<\/p>\n<p style=\"text-align: justify;\">El proper <strong>dimarts 08\/09\/26<\/strong> hi ha convocada una vaga que afecta al col\u00b7lectiu del professorat. El nostre Centre estar\u00e0 obert per atendre l\u2019alumnat per\u00f2 es pot veure alterat el funcionament de l\u2019activitat ordin\u00e0ria del Centre en funci\u00f3 del professorat que vulgui exercir el dret de vaga. En qualsevol cas sempre es garantiran els serveis m\u00ednims segons marca la normativa. En el nostre centre la regulaci\u00f3 de la no assist\u00e8ncia a classe, que prescriu el decret 102\/2010 d\u2019autonomia de centres, queda especificada clarament a trav\u00e9s dels articles 210 a 212 corresponents al T\u00edtol VII de les NOFC (Normes d\u2019Organitzaci\u00f3 i Funcionament de Centre) aprovades pel Consell Escolar.<\/p>\n<p style=\"text-align: justify;\">El centre estar\u00e0 obert, respectant l\u2019horari lectiu, per a tot l\u2019alumnat que decideixi assistir a classe (ESO, Batxillerat i CFGB). Aix\u00ed mateix, el servei de transport escolar funcionar\u00e0 amb normalitat per a tot l\u2019alumnat que no participar\u00e0 en aquesta convocat\u00f2ria.<\/p>\n<p style=\"text-align: justify;\"><strong>IMPORTANT: Al ser el primer dia de classe l&#8217;alumnat entrar\u00e0 al centre i es dirigir\u00e0 al pati on estar\u00e0 el professorat que, en motiu d&#8217;aquesta vaga, pot ser \u00fanicament el de serveis m\u00ednims. All\u00ed trobaran els llistats dels grups i les aules. Un cop al pati i segons personal disponible s&#8217;anir\u00e0 reubicant l&#8217;alumnat en els espais o aules corresponents.<\/strong><\/p>\n<p style=\"text-align: justify;\">Atentament,<\/p>\n<p style=\"text-align: justify;\">L\u2019equip directiu de l\u2019INS S\u00f2l-de-Riu<\/p>\n","protected":false},"excerpt":{"rendered":"<p>Benvolgudes fam\u00edlies, El proper dimarts 08\/09\/26 hi ha convocada una vaga que afecta al col\u00b7lectiu del professorat. El nostre Centre estar\u00e0 obert per atendre l\u2019alumnat per\u00f2 es pot veure alterat el funcionament de l\u2019activitat ordin\u00e0ria del Centre en funci\u00f3 del professorat que vulgui exercir el dret de vaga. En qualsevol cas sempre es garantiran els [&hellip;]<\/p>\n","protected":false},"author":1,"featured_media":7782,"comment_status":"open","ping_status":"open","sticky":true,"template":"","format":"standard","meta":{"_bbp_topic_count":0,"_bbp_reply_count":0,"_bbp_total_topic_count":0,"_bbp_total_reply_count":0,"_bbp_voice_count":0,"_bbp_anonymous_reply_count":0,"_bbp_topic_count_hidden":0,"_bbp_reply_count_hidden":0,"_bbp_forum_subforum_count":0,"site-sidebar-layout":"default","site-content-layout":"","ast-site-content-layout":"default","site-content-style":"default","site-sidebar-style":"default","ast-global-header-display":"","ast-banner-title-visibility":"","ast-main-header-display":"","ast-hfb-above-header-display":"","ast-hfb-below-header-display":"","ast-hfb-mobile-header-display":"","site-post-title":"","ast-breadcrumbs-content":"","ast-featured-img":"","footer-sml-layout":"","theme-transparent-header-meta":"default","adv-header-id-meta":"","stick-header-meta":"","header-above-stick-meta":"","header-main-stick-meta":"","header-below-stick-meta":"","astra-migrate-meta-layouts":"set","ast-page-background-enabled":"default","ast-page-background-meta":{"desktop":{"background-color":"var(--ast-global-color-4)","background-image":"","background-repeat":"repeat","background-position":"center center","background-size":"auto","background-attachment":"scroll","background-type":"","background-media":"","overlay-type":"","overlay-color":"","overlay-opacity":"","overlay-gradient":""},"tablet":{"background-color":"","background-image":"","background-repeat":"repeat","background-position":"center center","background-size":"auto","background-attachment":"scroll","background-type":"","background-media":"","overlay-type":"","overlay-color":"","overlay-opacity":"","overlay-gradient":""},"mobile":{"background-color":"","background-image":"","background-repeat":"repeat","background-position":"center center","background-size":"auto","background-attachment":"scroll","background-type":"","background-media":"","overlay-type":"","overlay-color":"","overlay-opacity":"","overlay-gradient":""}},"ast-content-background-meta":{"desktop":{"background-color":"var(--ast-global-color-5)","background-image":"","background-repeat":"repeat","background-position":"center center","background-size":"auto","background-attachment":"scroll","background-type":"","background-media":"","overlay-type":"","overlay-color":"","overlay-opacity":"","overlay-gradient":""},"tablet":{"background-color":"var(--ast-global-color-5)","background-image":"","background-repeat":"repeat","background-position":"center center","background-size":"auto","background-attachment":"scroll","background-type":"","background-media":"","overlay-type":"","overlay-color":"","overlay-opacity":"","overlay-gradient":""},"mobile":{"background-color":"var(--ast-global-color-5)","background-image":"","background-repeat":"repeat","background-position":"center center","background-size":"auto","background-attachment":"scroll","background-type":"","background-media":"","overlay-type":"","overlay-color":"","overlay-opacity":"","overlay-gradient":""}},"footnotes":""},"categories":[106,31,8,107,1,105,29],"tags":[],"class_list":["post-10916","post","type-post","status-publish","format-standard","has-post-thumbnail","hentry","category-alumnat","category-ampa","category-batxillerat","category-comunitat","category-general","category-noticies","category-portada"],"post_mailing_queue_ids":[],"_links":{"self":[{"href":"https:\/\/agora.xtec.cat\/inssolderiu\/wp-json\/wp\/v2\/posts\/10916","targetHints":{"allow":["GET"]}}],"collection":[{"href":"https:\/\/agora.xtec.cat\/inssolderiu\/wp-json\/wp\/v2\/posts"}],"about":[{"href":"https:\/\/agora.xtec.cat\/inssolderiu\/wp-json\/wp\/v2\/types\/post"}],"author":[{"embeddable":true,"href":"https:\/\/agora.xtec.cat\/inssolderiu\/wp-json\/wp\/v2\/users\/1"}],"replies":[{"embeddable":true,"href":"https:\/\/agora.xtec.cat\/inssolderiu\/wp-json\/wp\/v2\/comments?post=10916"}],"version-history":[{"count":2,"href":"https:\/\/agora.xtec.cat\/inssolderiu\/wp-json\/wp\/v2\/posts\/10916\/revisions"}],"predecessor-version":[{"id":10918,"href":"https:\/\/agora.xtec.cat\/inssolderiu\/wp-json\/wp\/v2\/posts\/10916\/revisions\/10918"}],"wp:featuredmedia":[{"embeddable":true,"href":"https:\/\/agora.xtec.cat\/inssolderiu\/wp-json\/wp\/v2\/media\/7782"}],"wp:attachment":[{"href":"https:\/\/agora.xtec.cat\/inssolderiu\/wp-json\/wp\/v2\/media?parent=10916"}],"wp:term":[{"taxonomy":"category","embeddable":true,"href":"https:\/\/agora.xtec.cat\/inssolderiu\/wp-json\/wp\/v2\/categories?post=10916"},{"taxonomy":"post_tag","embeddable":true,"href":"https:\/\/agora.xtec.cat\/inssolderiu\/wp-json\/wp\/v2\/tags?post=10916"}],"curies":[{"name":"wp","href":"https:\/\/api.w.org\/{rel}","templated":true}]}}