{"id":10503,"date":"2025-09-04T16:35:34","date_gmt":"2025-09-04T14:35:34","guid":{"rendered":"https:\/\/agora.xtec.cat\/inssolderiu\/?p=10503"},"modified":"2025-09-15T10:20:59","modified_gmt":"2025-09-15T08:20:59","slug":"informacio-inici-curs-25-26-ins-sol-de-riu","status":"publish","type":"post","link":"https:\/\/agora.xtec.cat\/inssolderiu\/general\/informacio-inici-curs-25-26-ins-sol-de-riu\/","title":{"rendered":"Informaci\u00f3 Inici Curs 25\/26 INS S\u00f2l-de-Riu"},"content":{"rendered":"<p><strong style=\"font-size: 1.125em;\">DILLUNS 8 DE SETEMBRE COMENCEN LES CLASSES DELS CURSOS D&#8217;ESO I CFGB.<\/strong><\/p>\n<div class=\"entry-content\">\n<p style=\"padding-left: 40px;\"><strong>HORARI:\u00a0 DE 8.30 A 15.00 h<\/strong><\/p>\n<p style=\"padding-left: 40px;\">Hi ha servei de transport escolar.<\/p>\n<p style=\"padding-left: 40px;\">Portar material escolar (ordinador, llibreta o folis i bol\u00edgraf) i botella d\u2019aigua. (Nota: els que no tinguin ordinador els hi lliurarem aquesta setmana).<\/p>\n<p style=\"padding-left: 40px;\"><b>ACC\u00c9S AL CENTRE<\/b><\/p>\n<p style=\"padding-left: 40px;\">L\u2019alumnat ha d\u2019accedir al centre per la porta principal i anar al pati on trobaran els llistats dels grups classe i als seus corresponents tutors i tutores que els acompanyaran a la seva aula.<\/p>\n<p style=\"padding-left: 40px;\">Les dues primeres hores (de 8:30 fins a 10:30) l&#8217;alumnat estar\u00e0 amb els seus corresponents tutors i tutores els quals els lliuraran tota la documentaci\u00f3 a signar i examinar per les fam\u00edlies (agenda, horari, correus corporatius, fulls de comprom\u00eds, sortides extraescolars, etc.). A m\u00e9s, els guiaran en els primers passos per comen\u00e7ar el curs 25\/26 amb normalitat.<\/p>\n<p style=\"padding-left: 40px;\">Posteriorment l&#8217;alumnat seguir\u00e0 amb l&#8217;horari establert amb el seu professorat de cada mat\u00e8ria.<\/p>\n<p style=\"padding-left: 40px;\">Properament s&#8217;activar\u00e0 el programa de gesti\u00f3 i seguiment acad\u00e8mic iEduca.<\/p>\n<\/div>\n<p>&nbsp;<\/p>\n<p><strong style=\"font-size: 1.125em;\">DIVENDRES 12 DE SETEMBRE COMENCEN LES CLASSES DELS CURSOS DE BATXILLERAT I CFGM.<\/strong><\/p>\n<p style=\"padding-left: 40px;\"><strong>HORARI:\u00a0 DE 8.30 A 15.00 h<\/strong><\/p>\n<p style=\"padding-left: 40px;\">Portar material escolar (ordinador, llibreta o folis i bol\u00edgraf) i botella d\u2019aigua. (Nota: els que no tinguin ordinador els hi lliurarem aquesta setmana).<\/p>\n<p style=\"padding-left: 40px;\"><b>ACC\u00c9S AL CENTRE<\/b><\/p>\n<p style=\"padding-left: 40px;\">L\u2019alumnat ha d\u2019accedir al centre per la porta principal i anar al pati on trobaran els llistats dels grups classe i als seus corresponents tutors i tutores que els acompanyaran a la seva aula.<\/p>\n<p style=\"padding-left: 40px;\">Posteriorment l&#8217;alumnat seguir\u00e0 amb l&#8217;horari establert amb el seu professorat de cada mat\u00e8ria.<\/p>\n<p style=\"padding-left: 40px;\">Properament s&#8217;activar\u00e0 el programa de gesti\u00f3 i seguiment acad\u00e8mic iEduca.<\/p>\n","protected":false},"excerpt":{"rendered":"<p>DILLUNS 8 DE SETEMBRE COMENCEN LES CLASSES DELS CURSOS D&#8217;ESO I CFGB.<\/p>\n<p>HORARI:\u00a0 DE 8.30 A 15.00 h<br \/>\nHi ha servei de transport escolar.<br \/>\nPortar material escolar (ordinador, llibreta o folis i bol\u00edgraf) i botella d\u2019aigua. (Nota: els que no tinguin ordinador els hi lliurarem aquesta setmana).<br \/>\nACC\u00c9S AL&hellip;  <a href=\"https:\/\/agora.xtec.cat\/inssolderiu\/general\/informacio-inici-curs-25-26-ins-sol-de-riu\/\" title=\"Read Informaci\u00f3 Inici Curs 25\/26 INS S\u00f2l-de-Riu\">Llegeix m\u00e9s\u00bb<\/a><\/p>\n","protected":false},"author":1,"featured_media":10504,"comment_status":"open","ping_status":"open","sticky":false,"template":"","format":"standard","meta":{"_bbp_topic_count":0,"_bbp_reply_count":0,"_bbp_total_topic_count":0,"_bbp_total_reply_count":0,"_bbp_voice_count":0,"_bbp_anonymous_reply_count":0,"_bbp_topic_count_hidden":0,"_bbp_reply_count_hidden":0,"_bbp_forum_subforum_count":0,"footnotes":""},"categories":[106,31,107,1,105,29],"tags":[],"class_list":["post-10503","post","type-post","status-publish","format-standard","has-post-thumbnail","hentry","category-alumnat","category-ampa","category-comunitat","category-general","category-noticies","category-portada"],"post_mailing_queue_ids":[],"_links":{"self":[{"href":"https:\/\/agora.xtec.cat\/inssolderiu\/wp-json\/wp\/v2\/posts\/10503","targetHints":{"allow":["GET"]}}],"collection":[{"href":"https:\/\/agora.xtec.cat\/inssolderiu\/wp-json\/wp\/v2\/posts"}],"about":[{"href":"https:\/\/agora.xtec.cat\/inssolderiu\/wp-json\/wp\/v2\/types\/post"}],"author":[{"embeddable":true,"href":"https:\/\/agora.xtec.cat\/inssolderiu\/wp-json\/wp\/v2\/users\/1"}],"replies":[{"embeddable":true,"href":"https:\/\/agora.xtec.cat\/inssolderiu\/wp-json\/wp\/v2\/comments?post=10503"}],"version-history":[{"count":2,"href":"https:\/\/agora.xtec.cat\/inssolderiu\/wp-json\/wp\/v2\/posts\/10503\/revisions"}],"predecessor-version":[{"id":10506,"href":"https:\/\/agora.xtec.cat\/inssolderiu\/wp-json\/wp\/v2\/posts\/10503\/revisions\/10506"}],"wp:featuredmedia":[{"embeddable":true,"href":"https:\/\/agora.xtec.cat\/inssolderiu\/wp-json\/wp\/v2\/media\/10504"}],"wp:attachment":[{"href":"https:\/\/agora.xtec.cat\/inssolderiu\/wp-json\/wp\/v2\/media?parent=10503"}],"wp:term":[{"taxonomy":"category","embeddable":true,"href":"https:\/\/agora.xtec.cat\/inssolderiu\/wp-json\/wp\/v2\/categories?post=10503"},{"taxonomy":"post_tag","embeddable":true,"href":"https:\/\/agora.xtec.cat\/inssolderiu\/wp-json\/wp\/v2\/tags?post=10503"}],"curies":[{"name":"wp","href":"https:\/\/api.w.org\/{rel}","templated":true}]}}