{"id":13296,"date":"2026-09-03T12:29:00","date_gmt":"2026-09-03T10:29:00","guid":{"rendered":"https:\/\/agora.xtec.cat\/inssobreques\/?p=13296"},"modified":"2026-09-03T12:29:57","modified_gmt":"2026-09-03T10:29:57","slug":"representant-del-sobreques-a-florencia","status":"publish","type":"post","link":"https:\/\/agora.xtec.cat\/inssobreques\/portada\/representant-del-sobreques-a-florencia\/","title":{"rendered":"Representant del Sobrequ\u00e9s a Flor\u00e8ncia"},"content":{"rendered":"\n<p>Del 6 al 11 de juliol de 2026, la professora d\u2019angl\u00e8s del centre Nat\u00e0lia Bosch, ha tingut ocasi\u00f3 de rebre una formaci\u00f3 reconeguda a nivell europeu gr\u00e0cies al programa Erasmus+ de la UE, que s\u2019ha portat a terme a Flor\u00e8ncia, It\u00e0lia. Aquesta experi\u00e8ncia ha estat possible gr\u00e0cies al consorci del Centre de Recursos del Giron\u00e8s \u201cECEGir+ 24 European Consortium for Education in Girona\u201d.Ecegir22 .<\/p>\n\n\n\n<figure class=\"wp-block-image size-large\"><a href=\"https:\/\/agora.xtec.cat\/inssobreques\/wp-content\/uploads\/usu152\/2026\/09\/WhatsApp-Image-2026-09-02-at-14.24.56-1.jpeg\"><img loading=\"lazy\" decoding=\"async\" width=\"1024\" height=\"472\" src=\"https:\/\/agora.xtec.cat\/inssobreques\/wp-content\/uploads\/usu152\/2026\/09\/WhatsApp-Image-2026-09-02-at-14.24.56-1-1024x472.jpeg\" alt=\"\" class=\"wp-image-13297\" srcset=\"https:\/\/agora.xtec.cat\/inssobreques\/wp-content\/uploads\/usu152\/2026\/09\/WhatsApp-Image-2026-09-02-at-14.24.56-1-1024x472.jpeg 1024w, https:\/\/agora.xtec.cat\/inssobreques\/wp-content\/uploads\/usu152\/2026\/09\/WhatsApp-Image-2026-09-02-at-14.24.56-1-300x138.jpeg 300w, https:\/\/agora.xtec.cat\/inssobreques\/wp-content\/uploads\/usu152\/2026\/09\/WhatsApp-Image-2026-09-02-at-14.24.56-1-768x354.jpeg 768w, https:\/\/agora.xtec.cat\/inssobreques\/wp-content\/uploads\/usu152\/2026\/09\/WhatsApp-Image-2026-09-02-at-14.24.56-1-1536x708.jpeg 1536w, https:\/\/agora.xtec.cat\/inssobreques\/wp-content\/uploads\/usu152\/2026\/09\/WhatsApp-Image-2026-09-02-at-14.24.56-1.jpeg 1600w\" sizes=\"auto, (max-width: 1024px) 100vw, 1024px\" \/><\/a><\/figure>\n\n\n\n<p>La tem\u00e0tica del curs \u00abDesigning Inclusive Learning Environments to Support all Students\u00bb ha estat centrada en la creaci\u00f3 d\u2019entorns d\u2019aprenentatge inclusius, amb l\u2019objectiu de convertir les nostres aules en espais oberts, din\u00e0mics i flexibles, capa\u00e7os d\u2019adaptar-se a les diferents necessitats i maneres d\u2019aprendre del nostre alumnat.<\/p>\n\n\n\n<p>A partir de principis te\u00f2rics com la Positive Psychology, de Martin Seligman, i la Nonviolent<br>Communication, de Marshall Rosenberg, es van analitzar les diferents necessitats,<br>caracter\u00edstiques i requisits de l\u2019alumnat per tal d\u2019afavorir un aprenentatge significatiu, respectu\u00f3s i accessible per a tothom.<\/p>\n\n\n\n<figure class=\"wp-block-image size-large\"><a href=\"https:\/\/agora.xtec.cat\/inssobreques\/wp-content\/uploads\/usu152\/2026\/09\/WhatsApp-Image-2026-09-02-at-14.24.56.jpeg\"><img loading=\"lazy\" decoding=\"async\" width=\"768\" height=\"1024\" src=\"https:\/\/agora.xtec.cat\/inssobreques\/wp-content\/uploads\/usu152\/2026\/09\/WhatsApp-Image-2026-09-02-at-14.24.56-768x1024.jpeg\" alt=\"\" class=\"wp-image-13298\" srcset=\"https:\/\/agora.xtec.cat\/inssobreques\/wp-content\/uploads\/usu152\/2026\/09\/WhatsApp-Image-2026-09-02-at-14.24.56-768x1024.jpeg 768w, https:\/\/agora.xtec.cat\/inssobreques\/wp-content\/uploads\/usu152\/2026\/09\/WhatsApp-Image-2026-09-02-at-14.24.56-225x300.jpeg 225w, https:\/\/agora.xtec.cat\/inssobreques\/wp-content\/uploads\/usu152\/2026\/09\/WhatsApp-Image-2026-09-02-at-14.24.56-1152x1536.jpeg 1152w, https:\/\/agora.xtec.cat\/inssobreques\/wp-content\/uploads\/usu152\/2026\/09\/WhatsApp-Image-2026-09-02-at-14.24.56.jpeg 1200w\" sizes=\"auto, (max-width: 768px) 100vw, 768px\" \/><\/a><\/figure>\n\n\n\n<p>La part m\u00e9s pr\u00e0ctica va consistir en aprendre i practicar estrat\u00e8gies diverses per dissenyar<br>aquests entorns inclusius i sobretot amb l\u2019intercanvi de bones pr\u00e0ctiques amb els altres participants al curs. Docents de Noruega, Gr\u00e8cia, Creta, Catalunya, Bulg\u00e0ria, Hongria i Pol\u00f2nia vam compartir junts durant aquests dies les bones pr\u00e0ctiques dels nostres centres respectius i vam posar les bases d\u2019unes possibles futures col\u00b7laboracions.<\/p>\n","protected":false},"excerpt":{"rendered":"<p>Del 6 al 11 de juliol de 2026, la professora d\u2019angl\u00e8s del centre Nat\u00e0lia Bosch, ha tingut ocasi\u00f3 de rebre una formaci\u00f3 reconeguda a nivell europeu gr\u00e0cies al programa Erasmus+ de la UE, que s\u2019ha portat a terme a Flor\u00e8ncia, It\u00e0lia. Aquesta experi\u00e8ncia ha estat possible gr\u00e0cies al consorci del Centre de Recursos del Giron\u00e8s [&hellip;]<\/p>\n","protected":false},"author":1,"featured_media":13298,"comment_status":"open","ping_status":"open","sticky":false,"template":"","format":"standard","meta":{"_bbp_topic_count":0,"_bbp_reply_count":0,"_bbp_total_topic_count":0,"_bbp_total_reply_count":0,"_bbp_voice_count":0,"_bbp_anonymous_reply_count":0,"_bbp_topic_count_hidden":0,"_bbp_reply_count_hidden":0,"_bbp_forum_subforum_count":0,"site-sidebar-layout":"default","site-content-layout":"","ast-site-content-layout":"default","site-content-style":"default","site-sidebar-style":"default","ast-global-header-display":"","ast-banner-title-visibility":"","ast-main-header-display":"","ast-hfb-above-header-display":"","ast-hfb-below-header-display":"","ast-hfb-mobile-header-display":"","site-post-title":"","ast-breadcrumbs-content":"","ast-featured-img":"","footer-sml-layout":"","theme-transparent-header-meta":"","adv-header-id-meta":"","stick-header-meta":"","header-above-stick-meta":"","header-main-stick-meta":"","header-below-stick-meta":"","astra-migrate-meta-layouts":"set","ast-page-background-enabled":"default","ast-page-background-meta":{"desktop":{"background-color":"var(--ast-global-color-4)","background-image":"","background-repeat":"repeat","background-position":"center center","background-size":"auto","background-attachment":"scroll","background-type":"","background-media":"","overlay-type":"","overlay-color":"","overlay-opacity":"","overlay-gradient":""},"tablet":{"background-color":"","background-image":"","background-repeat":"repeat","background-position":"center center","background-size":"auto","background-attachment":"scroll","background-type":"","background-media":"","overlay-type":"","overlay-color":"","overlay-opacity":"","overlay-gradient":""},"mobile":{"background-color":"","background-image":"","background-repeat":"repeat","background-position":"center center","background-size":"auto","background-attachment":"scroll","background-type":"","background-media":"","overlay-type":"","overlay-color":"","overlay-opacity":"","overlay-gradient":""}},"ast-content-background-meta":{"desktop":{"background-color":"var(--ast-global-color-5)","background-image":"","background-repeat":"repeat","background-position":"center center","background-size":"auto","background-attachment":"scroll","background-type":"","background-media":"","overlay-type":"","overlay-color":"","overlay-opacity":"","overlay-gradient":""},"tablet":{"background-color":"var(--ast-global-color-5)","background-image":"","background-repeat":"repeat","background-position":"center center","background-size":"auto","background-attachment":"scroll","background-type":"","background-media":"","overlay-type":"","overlay-color":"","overlay-opacity":"","overlay-gradient":""},"mobile":{"background-color":"var(--ast-global-color-5)","background-image":"","background-repeat":"repeat","background-position":"center center","background-size":"auto","background-attachment":"scroll","background-type":"","background-media":"","overlay-type":"","overlay-color":"","overlay-opacity":"","overlay-gradient":""}},"footnotes":""},"categories":[220,29],"tags":[],"class_list":["post-13296","post","type-post","status-publish","format-standard","has-post-thumbnail","hentry","category-erasmus-2","category-portada"],"post_mailing_queue_ids":[],"_links":{"self":[{"href":"https:\/\/agora.xtec.cat\/inssobreques\/wp-json\/wp\/v2\/posts\/13296","targetHints":{"allow":["GET"]}}],"collection":[{"href":"https:\/\/agora.xtec.cat\/inssobreques\/wp-json\/wp\/v2\/posts"}],"about":[{"href":"https:\/\/agora.xtec.cat\/inssobreques\/wp-json\/wp\/v2\/types\/post"}],"author":[{"embeddable":true,"href":"https:\/\/agora.xtec.cat\/inssobreques\/wp-json\/wp\/v2\/users\/1"}],"replies":[{"embeddable":true,"href":"https:\/\/agora.xtec.cat\/inssobreques\/wp-json\/wp\/v2\/comments?post=13296"}],"version-history":[{"count":1,"href":"https:\/\/agora.xtec.cat\/inssobreques\/wp-json\/wp\/v2\/posts\/13296\/revisions"}],"predecessor-version":[{"id":13299,"href":"https:\/\/agora.xtec.cat\/inssobreques\/wp-json\/wp\/v2\/posts\/13296\/revisions\/13299"}],"wp:featuredmedia":[{"embeddable":true,"href":"https:\/\/agora.xtec.cat\/inssobreques\/wp-json\/wp\/v2\/media\/13298"}],"wp:attachment":[{"href":"https:\/\/agora.xtec.cat\/inssobreques\/wp-json\/wp\/v2\/media?parent=13296"}],"wp:term":[{"taxonomy":"category","embeddable":true,"href":"https:\/\/agora.xtec.cat\/inssobreques\/wp-json\/wp\/v2\/categories?post=13296"},{"taxonomy":"post_tag","embeddable":true,"href":"https:\/\/agora.xtec.cat\/inssobreques\/wp-json\/wp\/v2\/tags?post=13296"}],"curies":[{"name":"wp","href":"https:\/\/api.w.org\/{rel}","templated":true}]}}