{"id":21468,"date":"2025-11-11T12:54:25","date_gmt":"2025-11-11T11:54:25","guid":{"rendered":"https:\/\/agora.xtec.cat\/insserradenoet\/?p=21468"},"modified":"2025-11-11T12:56:06","modified_gmt":"2025-11-11T11:56:06","slug":"el-projecte-dautosuficiencia-a-3r-deso","status":"publish","type":"post","link":"https:\/\/agora.xtec.cat\/insserradenoet\/general\/el-projecte-dautosuficiencia-a-3r-deso\/","title":{"rendered":"El projecte d&#8217;Autosufici\u00e8ncia a 3r d&#8217;ESO."},"content":{"rendered":"<p>El projecte d\u2019autosufici\u00e8ncia dels alumnes de 3r d\u2019ESO del programa Recerca Creaci\u00f3<br \/>\ni Servei (RCS) s\u2019ha dut a terme des del setembre fins a la primera setmana de<br \/>\nnovembre amb l\u2019objectiu d\u2019aprendre totes les t\u00e8cniques necess\u00e0ries per mantenir un<br \/>\nhort i entendre les condicions que el fan funcionar correctament. Els participants s\u2019han<br \/>\ndividit di\u00e0riament en dos grups: un que feia activitats te\u00f2riques i de reflexi\u00f3 a l\u2019aula<br \/>\nsobre h\u00e0bits saludables i sostenibles, i un altre que treballava al pati de l\u2019institut<br \/>\nrecuperant i millorant l\u2019hortet del centre. Tamb\u00e9 s\u2019han encarregat de netejar el pati i<br \/>\nreduir els residus per mantenir un entorn m\u00e9s cuidat. Aquest projecte ha servit per<br \/>\nfomentar la consci\u00e8ncia sobre la import\u00e0ncia del treball en equip, la sostenibilitat, la<br \/>\nconviv\u00e8ncia i l\u2019adquisici\u00f3 de bons h\u00e0bits personals.<br \/>\nDurant les set setmanes de treball, els alumnes han realitzat diverses tasques<br \/>\npr\u00e0ctiques com netejar l\u2019espai, eliminar males herbes, recollir pedres, remoure la terra<br \/>\nper fer-la m\u00e9s f\u00e8rtil i construir hivernacles per protegir les plantes durant l\u2019hivern. L\u2019hort<br \/>\ndisposa d\u2019una bassa petita i una altra en construcci\u00f3 m\u00e9s gran, quatre parcel\u00b7les amb<br \/>\nenciams, bledes, cols, apis i cebes, aix\u00ed com una zona de plantes arom\u00e0tiques i un<br \/>\nespantaocells per protegir els cultius. A la part de servei, han col\u00b7laborat amb el Taller<br \/>\nColoma, un centre per a persones amb discapacitat, amb qui van compartir una<br \/>\njornada creant el seu propi hort i intercanviant coneixements i experi\u00e8ncies. El projecte<br \/>\nacaba amb una sensaci\u00f3 d\u2019enriquiment personal i col\u00b7lectiu, i amb una valuosa<br \/>\nexperi\u00e8ncia d\u2019aprenentatge pr\u00e0ctic i hum\u00e0.<\/p>\n<table style=\"border-collapse: collapse; width: 100%;\">\n<tbody>\n<tr>\n<td style=\"width: 33.3333%;\"><img loading=\"lazy\" decoding=\"async\" class=\"aligncenter size-medium wp-image-21469\" src=\"https:\/\/agora.xtec.cat\/insserradenoet\/wp-content\/uploads\/usu924\/2025\/11\/DSC_2505-Copy-300x225.jpg\" alt=\"\" width=\"300\" height=\"225\" srcset=\"https:\/\/agora.xtec.cat\/insserradenoet\/wp-content\/uploads\/usu924\/2025\/11\/DSC_2505-Copy-300x225.jpg 300w, https:\/\/agora.xtec.cat\/insserradenoet\/wp-content\/uploads\/usu924\/2025\/11\/DSC_2505-Copy-768x576.jpg 768w, https:\/\/agora.xtec.cat\/insserradenoet\/wp-content\/uploads\/usu924\/2025\/11\/DSC_2505-Copy-200x150.jpg 200w, https:\/\/agora.xtec.cat\/insserradenoet\/wp-content\/uploads\/usu924\/2025\/11\/DSC_2505-Copy.jpg 1012w\" sizes=\"auto, (max-width: 300px) 100vw, 300px\" \/><\/td>\n<td style=\"width: 33.3333%;\"><img loading=\"lazy\" decoding=\"async\" class=\"aligncenter wp-image-21470\" src=\"https:\/\/agora.xtec.cat\/insserradenoet\/wp-content\/uploads\/usu924\/2025\/11\/DSC_2513-Copy-300x400.jpg\" alt=\"\" width=\"245\" height=\"327\" srcset=\"https:\/\/agora.xtec.cat\/insserradenoet\/wp-content\/uploads\/usu924\/2025\/11\/DSC_2513-Copy-300x400.jpg 300w, https:\/\/agora.xtec.cat\/insserradenoet\/wp-content\/uploads\/usu924\/2025\/11\/DSC_2513-Copy.jpg 569w\" sizes=\"auto, (max-width: 245px) 100vw, 245px\" \/><\/td>\n<td style=\"width: 33.3333%;\"><img loading=\"lazy\" decoding=\"async\" class=\"aligncenter wp-image-21471\" src=\"https:\/\/agora.xtec.cat\/insserradenoet\/wp-content\/uploads\/usu924\/2025\/11\/DSC_2493-Copy-300x400.jpg\" alt=\"\" width=\"256\" height=\"341\" srcset=\"https:\/\/agora.xtec.cat\/insserradenoet\/wp-content\/uploads\/usu924\/2025\/11\/DSC_2493-Copy-300x400.jpg 300w, https:\/\/agora.xtec.cat\/insserradenoet\/wp-content\/uploads\/usu924\/2025\/11\/DSC_2493-Copy.jpg 569w\" sizes=\"auto, (max-width: 256px) 100vw, 256px\" \/><\/td>\n<\/tr>\n<\/tbody>\n<\/table>\n<p>&nbsp;<\/p>\n","protected":false},"excerpt":{"rendered":"<p>El projecte d\u2019autosufici\u00e8ncia dels alumnes de 3r d\u2019ESO del programa Recerca Creaci\u00f3 i Servei (RCS) s\u2019ha dut a terme des del setembre fins a la primera setmana de novembre amb l\u2019objectiu d\u2019aprendre totes les t\u00e8cniques necess\u00e0ries per mantenir un hort i entendre les condicions que el fan funcionar correctament. Els participants s\u2019han dividit di\u00e0riament en [&hellip;]<\/p>\n","protected":false},"author":1,"featured_media":21471,"comment_status":"closed","ping_status":"open","sticky":false,"template":"","format":"standard","meta":{"_bbp_topic_count":0,"_bbp_reply_count":0,"_bbp_total_topic_count":0,"_bbp_total_reply_count":0,"_bbp_voice_count":0,"_bbp_anonymous_reply_count":0,"_bbp_topic_count_hidden":0,"_bbp_reply_count_hidden":0,"_bbp_forum_subforum_count":0,"site-sidebar-layout":"default","site-content-layout":"","ast-site-content-layout":"","site-content-style":"default","site-sidebar-style":"default","ast-global-header-display":"","ast-banner-title-visibility":"","ast-main-header-display":"","ast-hfb-above-header-display":"","ast-hfb-below-header-display":"","ast-hfb-mobile-header-display":"","site-post-title":"","ast-breadcrumbs-content":"","ast-featured-img":"","footer-sml-layout":"","theme-transparent-header-meta":"","adv-header-id-meta":"","stick-header-meta":"","header-above-stick-meta":"","header-main-stick-meta":"","header-below-stick-meta":"","astra-migrate-meta-layouts":"default","ast-page-background-enabled":"default","ast-page-background-meta":{"desktop":{"background-color":"var(--ast-global-color-4)","background-image":"","background-repeat":"repeat","background-position":"center center","background-size":"auto","background-attachment":"scroll","background-type":"","background-media":"","overlay-type":"","overlay-color":"","overlay-opacity":"","overlay-gradient":""},"tablet":{"background-color":"","background-image":"","background-repeat":"repeat","background-position":"center center","background-size":"auto","background-attachment":"scroll","background-type":"","background-media":"","overlay-type":"","overlay-color":"","overlay-opacity":"","overlay-gradient":""},"mobile":{"background-color":"","background-image":"","background-repeat":"repeat","background-position":"center center","background-size":"auto","background-attachment":"scroll","background-type":"","background-media":"","overlay-type":"","overlay-color":"","overlay-opacity":"","overlay-gradient":""}},"ast-content-background-meta":{"desktop":{"background-color":"var(--ast-global-color-5)","background-image":"","background-repeat":"repeat","background-position":"center center","background-size":"auto","background-attachment":"scroll","background-type":"","background-media":"","overlay-type":"","overlay-color":"","overlay-opacity":"","overlay-gradient":""},"tablet":{"background-color":"var(--ast-global-color-5)","background-image":"","background-repeat":"repeat","background-position":"center center","background-size":"auto","background-attachment":"scroll","background-type":"","background-media":"","overlay-type":"","overlay-color":"","overlay-opacity":"","overlay-gradient":""},"mobile":{"background-color":"var(--ast-global-color-5)","background-image":"","background-repeat":"repeat","background-position":"center center","background-size":"auto","background-attachment":"scroll","background-type":"","background-media":"","overlay-type":"","overlay-color":"","overlay-opacity":"","overlay-gradient":""}},"footnotes":""},"categories":[52,31,1,29],"tags":[107,101,106],"class_list":["post-21468","post","type-post","status-publish","format-standard","has-post-thumbnail","hentry","category-eso-3","category-ampa","category-general","category-portada","tag-projectes","tag-rcs","tag-somserradenoet"],"post_mailing_queue_ids":[],"_links":{"self":[{"href":"https:\/\/agora.xtec.cat\/insserradenoet\/wp-json\/wp\/v2\/posts\/21468","targetHints":{"allow":["GET"]}}],"collection":[{"href":"https:\/\/agora.xtec.cat\/insserradenoet\/wp-json\/wp\/v2\/posts"}],"about":[{"href":"https:\/\/agora.xtec.cat\/insserradenoet\/wp-json\/wp\/v2\/types\/post"}],"author":[{"embeddable":true,"href":"https:\/\/agora.xtec.cat\/insserradenoet\/wp-json\/wp\/v2\/users\/1"}],"replies":[{"embeddable":true,"href":"https:\/\/agora.xtec.cat\/insserradenoet\/wp-json\/wp\/v2\/comments?post=21468"}],"version-history":[{"count":2,"href":"https:\/\/agora.xtec.cat\/insserradenoet\/wp-json\/wp\/v2\/posts\/21468\/revisions"}],"predecessor-version":[{"id":21474,"href":"https:\/\/agora.xtec.cat\/insserradenoet\/wp-json\/wp\/v2\/posts\/21468\/revisions\/21474"}],"wp:featuredmedia":[{"embeddable":true,"href":"https:\/\/agora.xtec.cat\/insserradenoet\/wp-json\/wp\/v2\/media\/21471"}],"wp:attachment":[{"href":"https:\/\/agora.xtec.cat\/insserradenoet\/wp-json\/wp\/v2\/media?parent=21468"}],"wp:term":[{"taxonomy":"category","embeddable":true,"href":"https:\/\/agora.xtec.cat\/insserradenoet\/wp-json\/wp\/v2\/categories?post=21468"},{"taxonomy":"post_tag","embeddable":true,"href":"https:\/\/agora.xtec.cat\/insserradenoet\/wp-json\/wp\/v2\/tags?post=21468"}],"curies":[{"name":"wp","href":"https:\/\/api.w.org\/{rel}","templated":true}]}}