{"id":21180,"date":"2025-05-24T19:53:13","date_gmt":"2025-05-24T17:53:13","guid":{"rendered":"https:\/\/agora.xtec.cat\/insserradenoet\/?p=21180"},"modified":"2025-05-24T20:17:35","modified_gmt":"2025-05-24T18:17:35","slug":"iv-premi-de-narrativa-del-bergueda","status":"publish","type":"post","link":"https:\/\/agora.xtec.cat\/insserradenoet\/general\/iv-premi-de-narrativa-del-bergueda\/","title":{"rendered":"IV Premi de Narrativa del Bergued\u00e0"},"content":{"rendered":"<p>Olalla i Adri\u00e0 han estat guardonats en el Premi de Narrativa del Bergued\u00e0, un reconeixement al seu talent i creativitat liter\u00e0ria.Felicitats per aquest \u00e8xit merescut, que confirma el seu potencial en el m\u00f3n de les lletres. Enhorabona!<\/p>\n<table style=\"border-collapse: collapse; width: 100%;\">\n<tbody>\n<tr>\n<td style=\"width: 50%;\"><img loading=\"lazy\" decoding=\"async\" class=\"aligncenter wp-image-21181\" src=\"https:\/\/agora.xtec.cat\/insserradenoet\/wp-content\/uploads\/usu924\/2025\/05\/WhatsApp-Image-2025-05-19-at-18.21.23-300x424.jpeg\" alt=\"\" width=\"157\" height=\"222\" srcset=\"https:\/\/agora.xtec.cat\/insserradenoet\/wp-content\/uploads\/usu924\/2025\/05\/WhatsApp-Image-2025-05-19-at-18.21.23-300x424.jpeg 300w, https:\/\/agora.xtec.cat\/insserradenoet\/wp-content\/uploads\/usu924\/2025\/05\/WhatsApp-Image-2025-05-19-at-18.21.23-768x1086.jpeg 768w, https:\/\/agora.xtec.cat\/insserradenoet\/wp-content\/uploads\/usu924\/2025\/05\/WhatsApp-Image-2025-05-19-at-18.21.23-1086x1536.jpeg 1086w, https:\/\/agora.xtec.cat\/insserradenoet\/wp-content\/uploads\/usu924\/2025\/05\/WhatsApp-Image-2025-05-19-at-18.21.23.jpeg 1448w\" sizes=\"auto, (max-width: 157px) 100vw, 157px\" \/><\/td>\n<td style=\"width: 50%;\"><img loading=\"lazy\" decoding=\"async\" class=\"aligncenter wp-image-21184\" src=\"https:\/\/agora.xtec.cat\/insserradenoet\/wp-content\/uploads\/usu924\/2025\/05\/WhatsApp-Image-2025-05-23-at-18.38.21-300x400.jpeg\" alt=\"\" width=\"149\" height=\"199\" srcset=\"https:\/\/agora.xtec.cat\/insserradenoet\/wp-content\/uploads\/usu924\/2025\/05\/WhatsApp-Image-2025-05-23-at-18.38.21-300x400.jpeg 300w, https:\/\/agora.xtec.cat\/insserradenoet\/wp-content\/uploads\/usu924\/2025\/05\/WhatsApp-Image-2025-05-23-at-18.38.21-768x1024.jpeg 768w, https:\/\/agora.xtec.cat\/insserradenoet\/wp-content\/uploads\/usu924\/2025\/05\/WhatsApp-Image-2025-05-23-at-18.38.21-1152x1536.jpeg 1152w, https:\/\/agora.xtec.cat\/insserradenoet\/wp-content\/uploads\/usu924\/2025\/05\/WhatsApp-Image-2025-05-23-at-18.38.21.jpeg 1200w\" sizes=\"auto, (max-width: 149px) 100vw, 149px\" \/><\/td>\n<\/tr>\n<\/tbody>\n<\/table>\n<p>&nbsp;<\/p>\n<p>&nbsp;<\/p>\n","protected":false},"excerpt":{"rendered":"<p>Olalla i Adri\u00e0 han estat guardonats en el Premi de Narrativa del Bergued\u00e0, un reconeixement al seu talent i creativitat liter\u00e0ria.Felicitats per aquest \u00e8xit merescut, que confirma el seu potencial en el m\u00f3n de les lletres. Enhorabona! &nbsp; &nbsp;<\/p>\n","protected":false},"author":1,"featured_media":21181,"comment_status":"closed","ping_status":"closed","sticky":false,"template":"","format":"standard","meta":{"_bbp_topic_count":0,"_bbp_reply_count":0,"_bbp_total_topic_count":0,"_bbp_total_reply_count":0,"_bbp_voice_count":0,"_bbp_anonymous_reply_count":0,"_bbp_topic_count_hidden":0,"_bbp_reply_count_hidden":0,"_bbp_forum_subforum_count":0,"site-sidebar-layout":"default","site-content-layout":"","ast-site-content-layout":"","site-content-style":"default","site-sidebar-style":"default","ast-global-header-display":"","ast-banner-title-visibility":"","ast-main-header-display":"","ast-hfb-above-header-display":"","ast-hfb-below-header-display":"","ast-hfb-mobile-header-display":"","site-post-title":"","ast-breadcrumbs-content":"","ast-featured-img":"","footer-sml-layout":"","theme-transparent-header-meta":"","adv-header-id-meta":"","stick-header-meta":"","header-above-stick-meta":"","header-main-stick-meta":"","header-below-stick-meta":"","astra-migrate-meta-layouts":"default","ast-page-background-enabled":"default","ast-page-background-meta":{"desktop":{"background-color":"var(--ast-global-color-4)","background-image":"","background-repeat":"repeat","background-position":"center center","background-size":"auto","background-attachment":"scroll","background-type":"","background-media":"","overlay-type":"","overlay-color":"","overlay-opacity":"","overlay-gradient":""},"tablet":{"background-color":"","background-image":"","background-repeat":"repeat","background-position":"center center","background-size":"auto","background-attachment":"scroll","background-type":"","background-media":"","overlay-type":"","overlay-color":"","overlay-opacity":"","overlay-gradient":""},"mobile":{"background-color":"","background-image":"","background-repeat":"repeat","background-position":"center center","background-size":"auto","background-attachment":"scroll","background-type":"","background-media":"","overlay-type":"","overlay-color":"","overlay-opacity":"","overlay-gradient":""}},"ast-content-background-meta":{"desktop":{"background-color":"var(--ast-global-color-5)","background-image":"","background-repeat":"repeat","background-position":"center center","background-size":"auto","background-attachment":"scroll","background-type":"","background-media":"","overlay-type":"","overlay-color":"","overlay-opacity":"","overlay-gradient":""},"tablet":{"background-color":"var(--ast-global-color-5)","background-image":"","background-repeat":"repeat","background-position":"center center","background-size":"auto","background-attachment":"scroll","background-type":"","background-media":"","overlay-type":"","overlay-color":"","overlay-opacity":"","overlay-gradient":""},"mobile":{"background-color":"var(--ast-global-color-5)","background-image":"","background-repeat":"repeat","background-position":"center center","background-size":"auto","background-attachment":"scroll","background-type":"","background-media":"","overlay-type":"","overlay-color":"","overlay-opacity":"","overlay-gradient":""}},"footnotes":""},"categories":[4,5,52,53,31,1,29],"tags":[],"class_list":["post-21180","post","type-post","status-publish","format-standard","has-post-thumbnail","hentry","category-eso-1","category-eso-2","category-eso-3","category-eso-4","category-ampa","category-general","category-portada"],"post_mailing_queue_ids":[],"_links":{"self":[{"href":"https:\/\/agora.xtec.cat\/insserradenoet\/wp-json\/wp\/v2\/posts\/21180","targetHints":{"allow":["GET"]}}],"collection":[{"href":"https:\/\/agora.xtec.cat\/insserradenoet\/wp-json\/wp\/v2\/posts"}],"about":[{"href":"https:\/\/agora.xtec.cat\/insserradenoet\/wp-json\/wp\/v2\/types\/post"}],"author":[{"embeddable":true,"href":"https:\/\/agora.xtec.cat\/insserradenoet\/wp-json\/wp\/v2\/users\/1"}],"replies":[{"embeddable":true,"href":"https:\/\/agora.xtec.cat\/insserradenoet\/wp-json\/wp\/v2\/comments?post=21180"}],"version-history":[{"count":3,"href":"https:\/\/agora.xtec.cat\/insserradenoet\/wp-json\/wp\/v2\/posts\/21180\/revisions"}],"predecessor-version":[{"id":21186,"href":"https:\/\/agora.xtec.cat\/insserradenoet\/wp-json\/wp\/v2\/posts\/21180\/revisions\/21186"}],"wp:featuredmedia":[{"embeddable":true,"href":"https:\/\/agora.xtec.cat\/insserradenoet\/wp-json\/wp\/v2\/media\/21181"}],"wp:attachment":[{"href":"https:\/\/agora.xtec.cat\/insserradenoet\/wp-json\/wp\/v2\/media?parent=21180"}],"wp:term":[{"taxonomy":"category","embeddable":true,"href":"https:\/\/agora.xtec.cat\/insserradenoet\/wp-json\/wp\/v2\/categories?post=21180"},{"taxonomy":"post_tag","embeddable":true,"href":"https:\/\/agora.xtec.cat\/insserradenoet\/wp-json\/wp\/v2\/tags?post=21180"}],"curies":[{"name":"wp","href":"https:\/\/api.w.org\/{rel}","templated":true}]}}