{"id":21158,"date":"2025-05-16T22:52:27","date_gmt":"2025-05-16T20:52:27","guid":{"rendered":"https:\/\/agora.xtec.cat\/insserradenoet\/?p=21158"},"modified":"2025-05-16T22:52:57","modified_gmt":"2025-05-16T20:52:57","slug":"jornada-datletisme-al-congost-de-manresa-2025","status":"publish","type":"post","link":"https:\/\/agora.xtec.cat\/insserradenoet\/general\/jornada-datletisme-al-congost-de-manresa-2025\/","title":{"rendered":"Jornada d&#8217;atletisme al Congost de Manresa 2025"},"content":{"rendered":"<p>Aquest divendres hem viscut una jornada d\u2019atletisme plena d\u2019emoci\u00f3 i bon ambient al Congost de Manresa, on el nostre alumnat de 1r d\u2019ESO ha competit amb energia i il\u00b7lusi\u00f3 contra altres centres de la comarca. Les proves han estat ben diverses: 60\u202fm llisos, 60\u202fm tanques, llan\u00e7ament de pes, salt de llargada, 500\u202fm llisos, relleus 4&#215;60\u202fm i 4&#215;200\u202fm. Cada alumne i alumna ha posat tot de la seva part, aportant esfor\u00e7, actitud i moltes ganes, tant en la competici\u00f3 com animant els companys i companyes des de la grada.<\/p>\n<p>El resultat final ha estat una fant\u00e0stica\u00a0segona posici\u00f3\u00a0al campionat, per\u00f2 el m\u00e9s important ha estat veure com tot el grup ha sumat, treballant conjuntament, respectant els rivals i gaudint d\u2019un dia intens d\u2019activitat f\u00edsica i conviv\u00e8ncia. Ens en tornem orgullosos del paper que han fet, no nom\u00e9s com a esportistes, sin\u00f3 tamb\u00e9 com a companys i persones.<\/p>\n<p>Felicitats a tots i totes! Som un gran equip!<\/p>\n<p>Podeu veure m\u00e9s fotos <a href=\"https:\/\/drive.google.com\/drive\/folders\/1qDIsBx497DxsuNuFHfC2YT-cGVAC_-hS?usp=drive_link\">aqu\u00ed.\u00a0<\/a><\/p>\n<table style=\"border-collapse: collapse; width: 100%;\">\n<tbody>\n<tr>\n<td style=\"width: 50%;\"><img loading=\"lazy\" decoding=\"async\" class=\"aligncenter size-medium wp-image-21160\" src=\"https:\/\/agora.xtec.cat\/insserradenoet\/wp-content\/uploads\/usu924\/2025\/05\/4F2CD68D-22CA-40BF-A153-973D4006DC52-300x300.jpg\" alt=\"\" width=\"300\" height=\"300\" srcset=\"https:\/\/agora.xtec.cat\/insserradenoet\/wp-content\/uploads\/usu924\/2025\/05\/4F2CD68D-22CA-40BF-A153-973D4006DC52-300x300.jpg 300w, https:\/\/agora.xtec.cat\/insserradenoet\/wp-content\/uploads\/usu924\/2025\/05\/4F2CD68D-22CA-40BF-A153-973D4006DC52-150x150.jpg 150w, https:\/\/agora.xtec.cat\/insserradenoet\/wp-content\/uploads\/usu924\/2025\/05\/4F2CD68D-22CA-40BF-A153-973D4006DC52-768x768.jpg 768w, https:\/\/agora.xtec.cat\/insserradenoet\/wp-content\/uploads\/usu924\/2025\/05\/4F2CD68D-22CA-40BF-A153-973D4006DC52-1536x1536.jpg 1536w, https:\/\/agora.xtec.cat\/insserradenoet\/wp-content\/uploads\/usu924\/2025\/05\/4F2CD68D-22CA-40BF-A153-973D4006DC52.jpg 2048w\" sizes=\"auto, (max-width: 300px) 100vw, 300px\" \/><\/td>\n<td style=\"width: 50%;\"><img loading=\"lazy\" decoding=\"async\" class=\"aligncenter size-medium wp-image-21159\" src=\"https:\/\/agora.xtec.cat\/insserradenoet\/wp-content\/uploads\/usu924\/2025\/05\/446229c1-22b9-495a-8775-a7889a68d5a1-1-300x225.jpg\" alt=\"\" width=\"300\" height=\"225\" srcset=\"https:\/\/agora.xtec.cat\/insserradenoet\/wp-content\/uploads\/usu924\/2025\/05\/446229c1-22b9-495a-8775-a7889a68d5a1-1-300x225.jpg 300w, https:\/\/agora.xtec.cat\/insserradenoet\/wp-content\/uploads\/usu924\/2025\/05\/446229c1-22b9-495a-8775-a7889a68d5a1-1-768x576.jpg 768w, https:\/\/agora.xtec.cat\/insserradenoet\/wp-content\/uploads\/usu924\/2025\/05\/446229c1-22b9-495a-8775-a7889a68d5a1-1-1536x1152.jpg 1536w, https:\/\/agora.xtec.cat\/insserradenoet\/wp-content\/uploads\/usu924\/2025\/05\/446229c1-22b9-495a-8775-a7889a68d5a1-1-200x150.jpg 200w, https:\/\/agora.xtec.cat\/insserradenoet\/wp-content\/uploads\/usu924\/2025\/05\/446229c1-22b9-495a-8775-a7889a68d5a1-1.jpg 1600w\" sizes=\"auto, (max-width: 300px) 100vw, 300px\" \/><\/td>\n<\/tr>\n<\/tbody>\n<\/table>\n<p>&nbsp;<\/p>\n<p>&nbsp;<\/p>\n<p>&nbsp;<\/p>\n","protected":false},"excerpt":{"rendered":"<p>Aquest divendres hem viscut una jornada d\u2019atletisme plena d\u2019emoci\u00f3 i bon ambient al Congost de Manresa, on el nostre alumnat de 1r d\u2019ESO ha competit amb energia i il\u00b7lusi\u00f3 contra altres centres de la comarca. Les proves han estat ben diverses: 60\u202fm llisos, 60\u202fm tanques, llan\u00e7ament de pes, salt de llargada, 500\u202fm llisos, relleus 4&#215;60\u202fm [&hellip;]<\/p>\n","protected":false},"author":1,"featured_media":21159,"comment_status":"closed","ping_status":"closed","sticky":false,"template":"","format":"standard","meta":{"_bbp_topic_count":0,"_bbp_reply_count":0,"_bbp_total_topic_count":0,"_bbp_total_reply_count":0,"_bbp_voice_count":0,"_bbp_anonymous_reply_count":0,"_bbp_topic_count_hidden":0,"_bbp_reply_count_hidden":0,"_bbp_forum_subforum_count":0,"site-sidebar-layout":"default","site-content-layout":"","ast-site-content-layout":"","site-content-style":"default","site-sidebar-style":"default","ast-global-header-display":"","ast-banner-title-visibility":"","ast-main-header-display":"","ast-hfb-above-header-display":"","ast-hfb-below-header-display":"","ast-hfb-mobile-header-display":"","site-post-title":"","ast-breadcrumbs-content":"","ast-featured-img":"","footer-sml-layout":"","theme-transparent-header-meta":"","adv-header-id-meta":"","stick-header-meta":"","header-above-stick-meta":"","header-main-stick-meta":"","header-below-stick-meta":"","astra-migrate-meta-layouts":"default","ast-page-background-enabled":"default","ast-page-background-meta":{"desktop":{"background-color":"var(--ast-global-color-4)","background-image":"","background-repeat":"repeat","background-position":"center center","background-size":"auto","background-attachment":"scroll","background-type":"","background-media":"","overlay-type":"","overlay-color":"","overlay-opacity":"","overlay-gradient":""},"tablet":{"background-color":"","background-image":"","background-repeat":"repeat","background-position":"center center","background-size":"auto","background-attachment":"scroll","background-type":"","background-media":"","overlay-type":"","overlay-color":"","overlay-opacity":"","overlay-gradient":""},"mobile":{"background-color":"","background-image":"","background-repeat":"repeat","background-position":"center center","background-size":"auto","background-attachment":"scroll","background-type":"","background-media":"","overlay-type":"","overlay-color":"","overlay-opacity":"","overlay-gradient":""}},"ast-content-background-meta":{"desktop":{"background-color":"var(--ast-global-color-5)","background-image":"","background-repeat":"repeat","background-position":"center center","background-size":"auto","background-attachment":"scroll","background-type":"","background-media":"","overlay-type":"","overlay-color":"","overlay-opacity":"","overlay-gradient":""},"tablet":{"background-color":"var(--ast-global-color-5)","background-image":"","background-repeat":"repeat","background-position":"center center","background-size":"auto","background-attachment":"scroll","background-type":"","background-media":"","overlay-type":"","overlay-color":"","overlay-opacity":"","overlay-gradient":""},"mobile":{"background-color":"var(--ast-global-color-5)","background-image":"","background-repeat":"repeat","background-position":"center center","background-size":"auto","background-attachment":"scroll","background-type":"","background-media":"","overlay-type":"","overlay-color":"","overlay-opacity":"","overlay-gradient":""}},"footnotes":""},"categories":[4,31,1,29],"tags":[107,118,83,106],"class_list":["post-21158","post","type-post","status-publish","format-standard","has-post-thumbnail","hentry","category-eso-1","category-ampa","category-general","category-portada","tag-projectes","tag-seguretat","tag-skamotnoet","tag-somserradenoet"],"post_mailing_queue_ids":[],"_links":{"self":[{"href":"https:\/\/agora.xtec.cat\/insserradenoet\/wp-json\/wp\/v2\/posts\/21158","targetHints":{"allow":["GET"]}}],"collection":[{"href":"https:\/\/agora.xtec.cat\/insserradenoet\/wp-json\/wp\/v2\/posts"}],"about":[{"href":"https:\/\/agora.xtec.cat\/insserradenoet\/wp-json\/wp\/v2\/types\/post"}],"author":[{"embeddable":true,"href":"https:\/\/agora.xtec.cat\/insserradenoet\/wp-json\/wp\/v2\/users\/1"}],"replies":[{"embeddable":true,"href":"https:\/\/agora.xtec.cat\/insserradenoet\/wp-json\/wp\/v2\/comments?post=21158"}],"version-history":[{"count":1,"href":"https:\/\/agora.xtec.cat\/insserradenoet\/wp-json\/wp\/v2\/posts\/21158\/revisions"}],"predecessor-version":[{"id":21161,"href":"https:\/\/agora.xtec.cat\/insserradenoet\/wp-json\/wp\/v2\/posts\/21158\/revisions\/21161"}],"wp:featuredmedia":[{"embeddable":true,"href":"https:\/\/agora.xtec.cat\/insserradenoet\/wp-json\/wp\/v2\/media\/21159"}],"wp:attachment":[{"href":"https:\/\/agora.xtec.cat\/insserradenoet\/wp-json\/wp\/v2\/media?parent=21158"}],"wp:term":[{"taxonomy":"category","embeddable":true,"href":"https:\/\/agora.xtec.cat\/insserradenoet\/wp-json\/wp\/v2\/categories?post=21158"},{"taxonomy":"post_tag","embeddable":true,"href":"https:\/\/agora.xtec.cat\/insserradenoet\/wp-json\/wp\/v2\/tags?post=21158"}],"curies":[{"name":"wp","href":"https:\/\/api.w.org\/{rel}","templated":true}]}}