{"id":3788,"date":"2026-07-14T11:42:02","date_gmt":"2026-07-14T09:42:02","guid":{"rendered":"https:\/\/agora.xtec.cat\/insserrademiramar\/?p=3788"},"modified":"2026-07-14T11:42:02","modified_gmt":"2026-07-14T09:42:02","slug":"linstitut-serra-de-miramar-participa-en-el-projecte-europeu-cete26","status":"publish","type":"post","link":"https:\/\/agora.xtec.cat\/insserrademiramar\/general\/linstitut-serra-de-miramar-participa-en-el-projecte-europeu-cete26\/","title":{"rendered":"L&#8217;Institut Serra de Miramar participa en el projecte europeu CETE+26"},"content":{"rendered":"<p style=\"text-align: justify;\">L&#8217;Institut Serra de Miramar s&#8217;ha incorporat al projecte CETE+26 (Consorci Europeu per a la Transformaci\u00f3 Educativa), una iniciativa del Departament d&#8217;Educaci\u00f3 i Formaci\u00f3 Professional emmarcada en el programa Erasmus+.<\/p>\n<p style=\"text-align: justify;\"><a href=\"https:\/\/agora.xtec.cat\/insserrademiramar\/wp-content\/uploads\/usu2047\/2026\/07\/cete.jpg\"><img loading=\"lazy\" decoding=\"async\" class=\"aligncenter size-medium wp-image-3789\" src=\"https:\/\/agora.xtec.cat\/insserrademiramar\/wp-content\/uploads\/usu2047\/2026\/07\/cete-300x221.jpg\" alt=\"\" width=\"300\" height=\"221\" srcset=\"https:\/\/agora.xtec.cat\/insserrademiramar\/wp-content\/uploads\/usu2047\/2026\/07\/cete-300x221.jpg 300w, https:\/\/agora.xtec.cat\/insserrademiramar\/wp-content\/uploads\/usu2047\/2026\/07\/cete-1024x753.jpg 1024w, https:\/\/agora.xtec.cat\/insserrademiramar\/wp-content\/uploads\/usu2047\/2026\/07\/cete-768x565.jpg 768w, https:\/\/agora.xtec.cat\/insserrademiramar\/wp-content\/uploads\/usu2047\/2026\/07\/cete.jpg 1536w\" sizes=\"auto, (max-width: 300px) 100vw, 300px\" \/><\/a><!--more-->La jornada inaugural, celebrada l&#8217;1 de juliol, va servir per presentar els objectius del projecte i definir les l\u00ednies de treball que guiaran els centres participants durant els pr\u00f2xims dos cursos.<br \/>\nLa participaci\u00f3 en el projecte permetr\u00e0 al professorat del centre impulsar la internacionalitzaci\u00f3, compartir experi\u00e8ncies amb altres centres educatius i continuar promovent una educaci\u00f3 innovadora, oberta i connectada amb Europa.<\/p>\n","protected":false},"excerpt":{"rendered":"<p>L&#8217;Institut Serra de Miramar s&#8217;ha incorporat al projecte CETE+26 (Consorci Europeu per a la Transformaci\u00f3 Educativa), una iniciativa del Departament d&#8217;Educaci\u00f3 i Formaci\u00f3 Professional emmarcada en el programa Erasmus+.<br \/>\n<a href=\"https:\/\/agora.xtec.cat\/insserrademiramar\/wp-content\/uploads\/usu2047\/2026\/07\/cete.jpg\"><\/a><\/p>\n","protected":false},"author":1,"featured_media":0,"comment_status":"open","ping_status":"open","sticky":false,"template":"","format":"standard","meta":{"_bbp_topic_count":0,"_bbp_reply_count":0,"_bbp_total_topic_count":0,"_bbp_total_reply_count":0,"_bbp_voice_count":0,"_bbp_anonymous_reply_count":0,"_bbp_topic_count_hidden":0,"_bbp_reply_count_hidden":0,"_bbp_forum_subforum_count":0,"footnotes":""},"categories":[1],"tags":[],"class_list":["post-3788","post","type-post","status-publish","format-standard","hentry","category-general"],"post_mailing_queue_ids":[],"_links":{"self":[{"href":"https:\/\/agora.xtec.cat\/insserrademiramar\/wp-json\/wp\/v2\/posts\/3788","targetHints":{"allow":["GET"]}}],"collection":[{"href":"https:\/\/agora.xtec.cat\/insserrademiramar\/wp-json\/wp\/v2\/posts"}],"about":[{"href":"https:\/\/agora.xtec.cat\/insserrademiramar\/wp-json\/wp\/v2\/types\/post"}],"author":[{"embeddable":true,"href":"https:\/\/agora.xtec.cat\/insserrademiramar\/wp-json\/wp\/v2\/users\/1"}],"replies":[{"embeddable":true,"href":"https:\/\/agora.xtec.cat\/insserrademiramar\/wp-json\/wp\/v2\/comments?post=3788"}],"version-history":[{"count":1,"href":"https:\/\/agora.xtec.cat\/insserrademiramar\/wp-json\/wp\/v2\/posts\/3788\/revisions"}],"predecessor-version":[{"id":3792,"href":"https:\/\/agora.xtec.cat\/insserrademiramar\/wp-json\/wp\/v2\/posts\/3788\/revisions\/3792"}],"wp:attachment":[{"href":"https:\/\/agora.xtec.cat\/insserrademiramar\/wp-json\/wp\/v2\/media?parent=3788"}],"wp:term":[{"taxonomy":"category","embeddable":true,"href":"https:\/\/agora.xtec.cat\/insserrademiramar\/wp-json\/wp\/v2\/categories?post=3788"},{"taxonomy":"post_tag","embeddable":true,"href":"https:\/\/agora.xtec.cat\/insserrademiramar\/wp-json\/wp\/v2\/tags?post=3788"}],"curies":[{"name":"wp","href":"https:\/\/api.w.org\/{rel}","templated":true}]}}