{"id":12648,"date":"2026-04-28T22:30:00","date_gmt":"2026-04-28T20:30:00","guid":{"rendered":"https:\/\/agora.xtec.cat\/inssantandreu\/?p=12648"},"modified":"2026-04-29T08:15:54","modified_gmt":"2026-04-29T06:15:54","slug":"reunio-families-4t-eso-viatge-final-de-curs","status":"publish","type":"post","link":"https:\/\/agora.xtec.cat\/inssantandreu\/portada\/reunio-families-4t-eso-viatge-final-de-curs\/","title":{"rendered":"Reuni\u00f3 fam\u00edlies 4t ESO, viatge final de curs"},"content":{"rendered":"<p style=\"text-align: justify;\">Dilluns, 27 d&#8217;abril es va fer la reuni\u00f3 per les fam\u00edles del viatge de final de curs de 4t d&#8217;ESO, us adjuntem la presentaci\u00f3 projectada, on es recull la informaci\u00f3 principal sobre l\u2019organitzaci\u00f3 del viatge, les activitats previstes i els aspectes pr\u00e0ctics a tenir en compte.<\/p>\n<p style=\"text-align: justify;\">Per a qualsevol dubte o aclariment, podeu adre\u00e7ar-vos a les tutores.<\/p>\n<p><a href=\"https:\/\/drive.google.com\/file\/d\/1oT7VysXFgYussLC9jsqvUlhra0z-qqfe\/view?usp=sharing\" target=\"_blank\" rel=\"noopener\">PRESENTACI\u00d3 VIATGE 4T ESO<\/a><\/p>\n<p><a href=\"https:\/\/drive.google.com\/file\/d\/1oT7VysXFgYussLC9jsqvUlhra0z-qqfe\/view?usp=sharing\" target=\"_blank\" rel=\"noopener\"><img loading=\"lazy\" decoding=\"async\" class=\"aligncenter wp-image-12650 size-full\" src=\"https:\/\/agora.xtec.cat\/inssantandreu\/wp-content\/uploads\/usu94\/2026\/04\/it26.jpg\" alt=\"\" width=\"751\" height=\"535\" srcset=\"https:\/\/agora.xtec.cat\/inssantandreu\/wp-content\/uploads\/usu94\/2026\/04\/it26.jpg 751w, https:\/\/agora.xtec.cat\/inssantandreu\/wp-content\/uploads\/usu94\/2026\/04\/it26-300x214.jpg 300w\" sizes=\"auto, (max-width: 751px) 100vw, 751px\" \/><\/a><\/p>\n","protected":false},"excerpt":{"rendered":"<p>Dilluns, 27 d&#8217;abril es va fer la reuni\u00f3 per les fam\u00edles del viatge de final de curs de 4t d&#8217;ESO, us adjuntem la presentaci\u00f3 projectada, on es recull la informaci\u00f3 principal sobre l\u2019organitzaci\u00f3 del viatge, les activitats previstes i els aspectes pr\u00e0ctics a tenir en&hellip;  <a href=\"https:\/\/agora.xtec.cat\/inssantandreu\/portada\/reunio-families-4t-eso-viatge-final-de-curs\/\" title=\"Read Reuni\u00f3 fam\u00edlies 4t ESO, viatge final de curs\">Llegeix m\u00e9s\u00bb<\/a><\/p>\n","protected":false},"author":1,"featured_media":0,"comment_status":"closed","ping_status":"closed","sticky":false,"template":"","format":"standard","meta":{"_bbp_topic_count":0,"_bbp_reply_count":0,"_bbp_total_topic_count":0,"_bbp_total_reply_count":0,"_bbp_voice_count":0,"_bbp_anonymous_reply_count":0,"_bbp_topic_count_hidden":0,"_bbp_reply_count_hidden":0,"_bbp_forum_subforum_count":0,"footnotes":""},"categories":[29],"tags":[],"class_list":["post-12648","post","type-post","status-publish","format-standard","hentry","category-portada"],"post_mailing_queue_ids":[],"_links":{"self":[{"href":"https:\/\/agora.xtec.cat\/inssantandreu\/wp-json\/wp\/v2\/posts\/12648","targetHints":{"allow":["GET"]}}],"collection":[{"href":"https:\/\/agora.xtec.cat\/inssantandreu\/wp-json\/wp\/v2\/posts"}],"about":[{"href":"https:\/\/agora.xtec.cat\/inssantandreu\/wp-json\/wp\/v2\/types\/post"}],"author":[{"embeddable":true,"href":"https:\/\/agora.xtec.cat\/inssantandreu\/wp-json\/wp\/v2\/users\/1"}],"replies":[{"embeddable":true,"href":"https:\/\/agora.xtec.cat\/inssantandreu\/wp-json\/wp\/v2\/comments?post=12648"}],"version-history":[{"count":2,"href":"https:\/\/agora.xtec.cat\/inssantandreu\/wp-json\/wp\/v2\/posts\/12648\/revisions"}],"predecessor-version":[{"id":12651,"href":"https:\/\/agora.xtec.cat\/inssantandreu\/wp-json\/wp\/v2\/posts\/12648\/revisions\/12651"}],"wp:attachment":[{"href":"https:\/\/agora.xtec.cat\/inssantandreu\/wp-json\/wp\/v2\/media?parent=12648"}],"wp:term":[{"taxonomy":"category","embeddable":true,"href":"https:\/\/agora.xtec.cat\/inssantandreu\/wp-json\/wp\/v2\/categories?post=12648"},{"taxonomy":"post_tag","embeddable":true,"href":"https:\/\/agora.xtec.cat\/inssantandreu\/wp-json\/wp\/v2\/tags?post=12648"}],"curies":[{"name":"wp","href":"https:\/\/api.w.org\/{rel}","templated":true}]}}