{"id":9671,"date":"2020-01-13T12:45:45","date_gmt":"2020-01-13T11:45:45","guid":{"rendered":"http:\/\/agora.xtec.cat\/inssalvadorsunyer\/?p=9671"},"modified":"2022-02-22T11:17:46","modified_gmt":"2022-02-22T10:17:46","slug":"servei-comunitari-el-gran-recapte-daliments","status":"publish","type":"post","link":"https:\/\/agora.xtec.cat\/inssalvadorsunyer\/portada\/servei-comunitari-el-gran-recapte-daliments\/","title":{"rendered":"SERVEI COMUNITARI \u2013 EL GRAN RECAPTE D\u2019ALIMENTS"},"content":{"rendered":"<p>Com els cursos anteriors els nostres alumnes de 3r d\u2019ESO han participat activament en el projecte El Gran Recapte d\u2019Aliments. Aquest curs, la novetat ha estat que el projecte s\u2019ha ampliat en nombre d\u2019hores de tasques volunt\u00e0ries i en \u00e0rees de treball i s\u2019ha transformat en <strong>Servei Comunitari<\/strong> en col\u00b7laboraci\u00f3 amb el Banc dels Aliments.<\/p>\n<p>Els nois i noies han protagonitzat accions de comprom\u00eds amb la comunitat de diferents maneres: han dif\u00f3s a les escoles de Salt la import\u00e0ncia del projecte del Gran Recapte,\u00a0 han treballat de manera volunt\u00e0ria en el recapte d\u2019aliments als supermercats i en la classificaci\u00f3 i emmagatzematge d\u2019aquests a la seu del Banc dels Aliments i, finalment, han tornat a les escoles per informar dels resultats del projecte.<\/p>\n<p>El projecte, a m\u00e9s de ser un treball per a la comunitat, ha ampliat els coneixements dels alumnes en \u00e0rees com la nutrici\u00f3, la salut, l\u2019activitat f\u00edsica, el paper de les ONG\u2019s, el disseny de cartells i l\u2019estad\u00edstica.<\/p>\n<p><span style=\"color: #000000;\"><strong>Gr\u00e0cies al Banc dels Aliments, a les escoles de Salt que ens van rebre, als professors que han col\u00b7laborat i, sobretot, gr\u00e0cies a vosaltres, nois i noies de 3r, per compartir el vostre temps amb la comunitat.<\/strong><\/span><\/p>\n<p><a href=\"https:\/\/drive.google.com\/file\/d\/11Oa1wTMKyLsbFDG7tr7XgwOV2COBrCYY\/view?usp=sharing\">V\u00eddeo Resum del Projecte<\/a><\/p>\n","protected":false},"excerpt":{"rendered":"<p>Com els cursos anteriors els nostres alumnes de 3r d\u2019ESO han participat activament en el projecte El Gran Recapte d\u2019Aliments. Aquest curs, la novetat ha estat que el projecte s\u2019ha ampliat en nombre d\u2019hores de tasques volunt\u00e0ries i en \u00e0rees de treball i s\u2019ha transformat en Servei Comunitari en col\u00b7laboraci\u00f3 amb el Banc dels Aliments. [&hellip;]<\/p>\n","protected":false},"author":1,"featured_media":9674,"comment_status":"open","ping_status":"closed","sticky":false,"template":"","format":"standard","meta":{"_bbp_topic_count":0,"_bbp_reply_count":0,"_bbp_total_topic_count":0,"_bbp_total_reply_count":0,"_bbp_voice_count":0,"_bbp_anonymous_reply_count":0,"_bbp_topic_count_hidden":0,"_bbp_reply_count_hidden":0,"_bbp_forum_subforum_count":0,"site-sidebar-layout":"default","site-content-layout":"","ast-site-content-layout":"","site-content-style":"default","site-sidebar-style":"default","ast-global-header-display":"","ast-banner-title-visibility":"","ast-main-header-display":"","ast-hfb-above-header-display":"","ast-hfb-below-header-display":"","ast-hfb-mobile-header-display":"","site-post-title":"","ast-breadcrumbs-content":"","ast-featured-img":"","footer-sml-layout":"","theme-transparent-header-meta":"","adv-header-id-meta":"","stick-header-meta":"","header-above-stick-meta":"","header-main-stick-meta":"","header-below-stick-meta":"","astra-migrate-meta-layouts":"default","ast-page-background-enabled":"default","ast-page-background-meta":{"desktop":{"background-color":"var(--ast-global-color-4)","background-image":"","background-repeat":"repeat","background-position":"center center","background-size":"auto","background-attachment":"scroll","background-type":"","background-media":"","overlay-type":"","overlay-color":"","overlay-opacity":"","overlay-gradient":""},"tablet":{"background-color":"","background-image":"","background-repeat":"repeat","background-position":"center center","background-size":"auto","background-attachment":"scroll","background-type":"","background-media":"","overlay-type":"","overlay-color":"","overlay-opacity":"","overlay-gradient":""},"mobile":{"background-color":"","background-image":"","background-repeat":"repeat","background-position":"center center","background-size":"auto","background-attachment":"scroll","background-type":"","background-media":"","overlay-type":"","overlay-color":"","overlay-opacity":"","overlay-gradient":""}},"ast-content-background-meta":{"desktop":{"background-color":"var(--ast-global-color-5)","background-image":"","background-repeat":"repeat","background-position":"center center","background-size":"auto","background-attachment":"scroll","background-type":"","background-media":"","overlay-type":"","overlay-color":"","overlay-opacity":"","overlay-gradient":""},"tablet":{"background-color":"var(--ast-global-color-5)","background-image":"","background-repeat":"repeat","background-position":"center center","background-size":"auto","background-attachment":"scroll","background-type":"","background-media":"","overlay-type":"","overlay-color":"","overlay-opacity":"","overlay-gradient":""},"mobile":{"background-color":"var(--ast-global-color-5)","background-image":"","background-repeat":"repeat","background-position":"center center","background-size":"auto","background-attachment":"scroll","background-type":"","background-media":"","overlay-type":"","overlay-color":"","overlay-opacity":"","overlay-gradient":""}},"footnotes":""},"categories":[93,29],"tags":[],"class_list":["post-9671","post","type-post","status-publish","format-standard","has-post-thumbnail","hentry","category-institut","category-portada"],"post_mailing_queue_ids":[],"_links":{"self":[{"href":"https:\/\/agora.xtec.cat\/inssalvadorsunyer\/wp-json\/wp\/v2\/posts\/9671","targetHints":{"allow":["GET"]}}],"collection":[{"href":"https:\/\/agora.xtec.cat\/inssalvadorsunyer\/wp-json\/wp\/v2\/posts"}],"about":[{"href":"https:\/\/agora.xtec.cat\/inssalvadorsunyer\/wp-json\/wp\/v2\/types\/post"}],"author":[{"embeddable":true,"href":"https:\/\/agora.xtec.cat\/inssalvadorsunyer\/wp-json\/wp\/v2\/users\/1"}],"replies":[{"embeddable":true,"href":"https:\/\/agora.xtec.cat\/inssalvadorsunyer\/wp-json\/wp\/v2\/comments?post=9671"}],"version-history":[{"count":3,"href":"https:\/\/agora.xtec.cat\/inssalvadorsunyer\/wp-json\/wp\/v2\/posts\/9671\/revisions"}],"predecessor-version":[{"id":13605,"href":"https:\/\/agora.xtec.cat\/inssalvadorsunyer\/wp-json\/wp\/v2\/posts\/9671\/revisions\/13605"}],"wp:featuredmedia":[{"embeddable":true,"href":"https:\/\/agora.xtec.cat\/inssalvadorsunyer\/wp-json\/wp\/v2\/media\/9674"}],"wp:attachment":[{"href":"https:\/\/agora.xtec.cat\/inssalvadorsunyer\/wp-json\/wp\/v2\/media?parent=9671"}],"wp:term":[{"taxonomy":"category","embeddable":true,"href":"https:\/\/agora.xtec.cat\/inssalvadorsunyer\/wp-json\/wp\/v2\/categories?post=9671"},{"taxonomy":"post_tag","embeddable":true,"href":"https:\/\/agora.xtec.cat\/inssalvadorsunyer\/wp-json\/wp\/v2\/tags?post=9671"}],"curies":[{"name":"wp","href":"https:\/\/api.w.org\/{rel}","templated":true}]}}