{"id":9624,"date":"2019-12-18T10:48:14","date_gmt":"2019-12-18T09:48:14","guid":{"rendered":"http:\/\/agora.xtec.cat\/inssalvadorsunyer\/?p=9624"},"modified":"2020-10-20T12:37:30","modified_gmt":"2020-10-20T10:37:30","slug":"taller-de-comerc","status":"publish","type":"post","link":"https:\/\/agora.xtec.cat\/inssalvadorsunyer\/portada\/taller-de-comerc\/","title":{"rendered":"TALLER DE COMER\u00c7"},"content":{"rendered":"<div>Aquest any els alumnes de Comer\u00e7 hem utilitzat el cartr\u00f3 i la fusta com a elements de reciclatge, dins la decoraci\u00f3 de nadal.<\/div>\n<div>Hem decorat el nostre aparador amb les casetes nevades de nadal i el hall de l&#8217;institut amb unes casetes penjades enllumenades i les caixes de fusta treballades en grups petits i en conjunt de tota la classe, amb aquesta composici\u00f3 d&#8217;arbre de nadal.<\/div>\n<div><\/div>\n<div>Us desitgem molt bones festes a tothom i dol\u00e7os moments en fam\u00edlia!<\/div>\n<div><\/div>\n<div><\/div>\n<div><\/div>\n<div><\/div>\n<div><a href=\"https:\/\/agora.xtec.cat\/inssalvadorsunyer\/wp-content\/uploads\/usu1009\/2019\/12\/IMG_20191209_192839.jpg\"><img loading=\"lazy\" decoding=\"async\" class=\"wp-image-9626 alignleft\" src=\"https:\/\/agora.xtec.cat\/inssalvadorsunyer\/wp-content\/uploads\/usu1009\/2019\/12\/IMG_20191209_192839.jpg\" alt=\"\" width=\"416\" height=\"281\" srcset=\"https:\/\/agora.xtec.cat\/inssalvadorsunyer\/wp-content\/uploads\/usu1009\/2019\/12\/IMG_20191209_192839.jpg 946w, https:\/\/agora.xtec.cat\/inssalvadorsunyer\/wp-content\/uploads\/usu1009\/2019\/12\/IMG_20191209_192839-300x203.jpg 300w, https:\/\/agora.xtec.cat\/inssalvadorsunyer\/wp-content\/uploads\/usu1009\/2019\/12\/IMG_20191209_192839-768x520.jpg 768w\" sizes=\"auto, (max-width: 416px) 100vw, 416px\" \/><\/a> <a href=\"https:\/\/agora.xtec.cat\/inssalvadorsunyer\/wp-content\/uploads\/usu1009\/2019\/12\/IMG-20191204-WA0027.jpeg\"><img loading=\"lazy\" decoding=\"async\" class=\"aligncenter wp-image-9627\" src=\"https:\/\/agora.xtec.cat\/inssalvadorsunyer\/wp-content\/uploads\/usu1009\/2019\/12\/IMG-20191204-WA0027.jpeg\" alt=\"\" width=\"470\" height=\"235\" srcset=\"https:\/\/agora.xtec.cat\/inssalvadorsunyer\/wp-content\/uploads\/usu1009\/2019\/12\/IMG-20191204-WA0027.jpeg 832w, https:\/\/agora.xtec.cat\/inssalvadorsunyer\/wp-content\/uploads\/usu1009\/2019\/12\/IMG-20191204-WA0027-300x150.jpeg 300w, https:\/\/agora.xtec.cat\/inssalvadorsunyer\/wp-content\/uploads\/usu1009\/2019\/12\/IMG-20191204-WA0027-768x384.jpeg 768w\" sizes=\"auto, (max-width: 470px) 100vw, 470px\" \/><\/a><\/div>\n","protected":false},"excerpt":{"rendered":"<p>Aquest any els alumnes de Comer\u00e7 hem utilitzat el cartr\u00f3 i la fusta com a elements de reciclatge, dins la decoraci\u00f3 de nadal. Hem decorat el nostre aparador amb les casetes nevades de nadal i el hall de l&#8217;institut amb unes casetes penjades enllumenades i les caixes de fusta treballades en grups petits i en [&hellip;]<\/p>\n","protected":false},"author":1,"featured_media":9625,"comment_status":"open","ping_status":"closed","sticky":false,"template":"","format":"standard","meta":{"_bbp_topic_count":0,"_bbp_reply_count":0,"_bbp_total_topic_count":0,"_bbp_total_reply_count":0,"_bbp_voice_count":0,"_bbp_anonymous_reply_count":0,"_bbp_topic_count_hidden":0,"_bbp_reply_count_hidden":0,"_bbp_forum_subforum_count":0,"site-sidebar-layout":"default","site-content-layout":"","ast-site-content-layout":"","site-content-style":"default","site-sidebar-style":"default","ast-global-header-display":"","ast-banner-title-visibility":"","ast-main-header-display":"","ast-hfb-above-header-display":"","ast-hfb-below-header-display":"","ast-hfb-mobile-header-display":"","site-post-title":"","ast-breadcrumbs-content":"","ast-featured-img":"","footer-sml-layout":"","theme-transparent-header-meta":"","adv-header-id-meta":"","stick-header-meta":"","header-above-stick-meta":"","header-main-stick-meta":"","header-below-stick-meta":"","astra-migrate-meta-layouts":"default","ast-page-background-enabled":"default","ast-page-background-meta":{"desktop":{"background-color":"var(--ast-global-color-4)","background-image":"","background-repeat":"repeat","background-position":"center center","background-size":"auto","background-attachment":"scroll","background-type":"","background-media":"","overlay-type":"","overlay-color":"","overlay-opacity":"","overlay-gradient":""},"tablet":{"background-color":"","background-image":"","background-repeat":"repeat","background-position":"center center","background-size":"auto","background-attachment":"scroll","background-type":"","background-media":"","overlay-type":"","overlay-color":"","overlay-opacity":"","overlay-gradient":""},"mobile":{"background-color":"","background-image":"","background-repeat":"repeat","background-position":"center center","background-size":"auto","background-attachment":"scroll","background-type":"","background-media":"","overlay-type":"","overlay-color":"","overlay-opacity":"","overlay-gradient":""}},"ast-content-background-meta":{"desktop":{"background-color":"var(--ast-global-color-5)","background-image":"","background-repeat":"repeat","background-position":"center center","background-size":"auto","background-attachment":"scroll","background-type":"","background-media":"","overlay-type":"","overlay-color":"","overlay-opacity":"","overlay-gradient":""},"tablet":{"background-color":"var(--ast-global-color-5)","background-image":"","background-repeat":"repeat","background-position":"center center","background-size":"auto","background-attachment":"scroll","background-type":"","background-media":"","overlay-type":"","overlay-color":"","overlay-opacity":"","overlay-gradient":""},"mobile":{"background-color":"var(--ast-global-color-5)","background-image":"","background-repeat":"repeat","background-position":"center center","background-size":"auto","background-attachment":"scroll","background-type":"","background-media":"","overlay-type":"","overlay-color":"","overlay-opacity":"","overlay-gradient":""}},"footnotes":""},"categories":[93,29],"tags":[],"class_list":["post-9624","post","type-post","status-publish","format-standard","has-post-thumbnail","hentry","category-institut","category-portada"],"post_mailing_queue_ids":[],"_links":{"self":[{"href":"https:\/\/agora.xtec.cat\/inssalvadorsunyer\/wp-json\/wp\/v2\/posts\/9624","targetHints":{"allow":["GET"]}}],"collection":[{"href":"https:\/\/agora.xtec.cat\/inssalvadorsunyer\/wp-json\/wp\/v2\/posts"}],"about":[{"href":"https:\/\/agora.xtec.cat\/inssalvadorsunyer\/wp-json\/wp\/v2\/types\/post"}],"author":[{"embeddable":true,"href":"https:\/\/agora.xtec.cat\/inssalvadorsunyer\/wp-json\/wp\/v2\/users\/1"}],"replies":[{"embeddable":true,"href":"https:\/\/agora.xtec.cat\/inssalvadorsunyer\/wp-json\/wp\/v2\/comments?post=9624"}],"version-history":[{"count":3,"href":"https:\/\/agora.xtec.cat\/inssalvadorsunyer\/wp-json\/wp\/v2\/posts\/9624\/revisions"}],"predecessor-version":[{"id":9630,"href":"https:\/\/agora.xtec.cat\/inssalvadorsunyer\/wp-json\/wp\/v2\/posts\/9624\/revisions\/9630"}],"wp:featuredmedia":[{"embeddable":true,"href":"https:\/\/agora.xtec.cat\/inssalvadorsunyer\/wp-json\/wp\/v2\/media\/9625"}],"wp:attachment":[{"href":"https:\/\/agora.xtec.cat\/inssalvadorsunyer\/wp-json\/wp\/v2\/media?parent=9624"}],"wp:term":[{"taxonomy":"category","embeddable":true,"href":"https:\/\/agora.xtec.cat\/inssalvadorsunyer\/wp-json\/wp\/v2\/categories?post=9624"},{"taxonomy":"post_tag","embeddable":true,"href":"https:\/\/agora.xtec.cat\/inssalvadorsunyer\/wp-json\/wp\/v2\/tags?post=9624"}],"curies":[{"name":"wp","href":"https:\/\/api.w.org\/{rel}","templated":true}]}}