{"id":940,"date":"2017-10-31T14:36:30","date_gmt":"2017-10-31T13:36:30","guid":{"rendered":"http:\/\/agora.xtec.cat\/inssalvadorsunyer\/?p=940"},"modified":"2020-10-20T13:37:18","modified_gmt":"2020-10-20T11:37:18","slug":"la-corda","status":"publish","type":"post","link":"https:\/\/agora.xtec.cat\/inssalvadorsunyer\/portada\/la-corda\/","title":{"rendered":"La Corda"},"content":{"rendered":"<p><a href=\"http:\/\/agora.xtec.cat\/inssalvadorsunyer\/wp-content\/uploads\/usu1009\/2017\/10\/Foto-La-Corda.jpg\"><img loading=\"lazy\" decoding=\"async\" class=\"aligncenter size-medium wp-image-941\" src=\"http:\/\/agora.xtec.cat\/inssalvadorsunyer\/wp-content\/uploads\/usu1009\/2017\/10\/Foto-La-Corda-300x200.jpg\" alt=\"\" width=\"300\" height=\"200\" \/><\/a><\/p>\n<p>EL TEMPORADA ALTA ENS VISITA!<\/p>\n<p>El dilluns 16 d\u2019octubre, l\u2019alumnat de 4t d\u2019ESO va gaudir dins de l\u2019aula de la representaci\u00f3 de l\u2019obra La corda. La pe\u00e7a, dirigida per Cl\u00e0udia Ced\u00f3 i interpretada per l\u2019actor Oriol Casals, tracta sobre la viol\u00e8ncia de g\u00e8nere i es complementa amb un debat posterior en qu\u00e8 participen l\u2019actor i els nois i noies de 4t. La corda forma part del nou projecte A Tempo. Arts i Formaci\u00f3 que engega el festival Temporada Alta i que t\u00e9 com a objectiu potenciar les relacions entre el m\u00f3n cultural i l\u2019educatiu.<\/p>\n<p>Opinions d\u2019alumnes:<br \/>\n\u201cUn actor va venir a fer-nos una obra de teatre sobre la viol\u00e8ncia de g\u00e8nere a partir del que ell anomenava la teoria de la corda. Quan va acabar vam fer un debat sobre aquest mateix tema.<br \/>\nEm va semblar molt b\u00e9 perqu\u00e8 no va ser una xerrada avorrida i es va poder aprendre una mica m\u00e9s sobre el tema.\u201d<\/p>\n<p>\u201cUna noi que va resultar ser un actor va arribar a classe i va fer una actuaci\u00f3 sobre la viol\u00e8ncia de g\u00e8nere; despr\u00e9s d\u2019aix\u00f2 vam fer un debat sobre el tema.<br \/>\nDes del meu punt de vista, l\u2019actuaci\u00f3 del noi va ser molt realista. Hi va haver un moment en el qual em va irritar molt amb el seu comportament i vaig allunyar la meva taula al m\u00e0xim possible, encara que sabia que no era de veritat.<br \/>\nEl debat que vam fer despr\u00e9s va ser molt interessant, per\u00f2 estava molt desordenat.\u201d<\/p>\n<p>\u201cUn noi va venir a la classe de tutoria amb l\u2019Imma, la professora de socials, i jo pensava que era un noi que arreglava els ordinadors. Despr\u00e9s d\u2019una estona va comen\u00e7ar a parlar; com que hi havia molt de soroll jo no sabia el que estava dient. El noi va comen\u00e7ar a parlar molt alt i en aquell moment va ser quan vaig comen\u00e7ar a escoltar i vaig entendre que era teatre.<br \/>\nAquest noi \u00e9s un actor que va venir a fer una representaci\u00f3 sobre la viol\u00e8ncia de g\u00e8nere. La corda que va utilitzar simbolitzava, sota l\u2019aparen\u00e7a de la confian\u00e7a, el control que pot tenir un membre de la parella sobre l\u2019altre.\u201d<\/p>\n","protected":false},"excerpt":{"rendered":"<p>EL TEMPORADA ALTA ENS VISITA! El dilluns 16 d\u2019octubre, l\u2019alumnat de 4t d\u2019ESO va gaudir dins de l\u2019aula de la representaci\u00f3 de l\u2019obra La corda. La pe\u00e7a, dirigida per Cl\u00e0udia Ced\u00f3 i interpretada per l\u2019actor Oriol Casals, tracta sobre la viol\u00e8ncia de g\u00e8nere i es complementa amb un debat posterior en qu\u00e8 participen l\u2019actor i [&hellip;]<\/p>\n","protected":false},"author":1,"featured_media":941,"comment_status":"open","ping_status":"closed","sticky":false,"template":"","format":"standard","meta":{"_bbp_topic_count":0,"_bbp_reply_count":0,"_bbp_total_topic_count":0,"_bbp_total_reply_count":0,"_bbp_voice_count":0,"_bbp_anonymous_reply_count":0,"_bbp_topic_count_hidden":0,"_bbp_reply_count_hidden":0,"_bbp_forum_subforum_count":0,"site-sidebar-layout":"default","site-content-layout":"","ast-site-content-layout":"","site-content-style":"default","site-sidebar-style":"default","ast-global-header-display":"","ast-banner-title-visibility":"","ast-main-header-display":"","ast-hfb-above-header-display":"","ast-hfb-below-header-display":"","ast-hfb-mobile-header-display":"","site-post-title":"","ast-breadcrumbs-content":"","ast-featured-img":"","footer-sml-layout":"","theme-transparent-header-meta":"","adv-header-id-meta":"","stick-header-meta":"","header-above-stick-meta":"","header-main-stick-meta":"","header-below-stick-meta":"","astra-migrate-meta-layouts":"default","ast-page-background-enabled":"default","ast-page-background-meta":{"desktop":{"background-color":"var(--ast-global-color-4)","background-image":"","background-repeat":"repeat","background-position":"center center","background-size":"auto","background-attachment":"scroll","background-type":"","background-media":"","overlay-type":"","overlay-color":"","overlay-opacity":"","overlay-gradient":""},"tablet":{"background-color":"","background-image":"","background-repeat":"repeat","background-position":"center center","background-size":"auto","background-attachment":"scroll","background-type":"","background-media":"","overlay-type":"","overlay-color":"","overlay-opacity":"","overlay-gradient":""},"mobile":{"background-color":"","background-image":"","background-repeat":"repeat","background-position":"center center","background-size":"auto","background-attachment":"scroll","background-type":"","background-media":"","overlay-type":"","overlay-color":"","overlay-opacity":"","overlay-gradient":""}},"ast-content-background-meta":{"desktop":{"background-color":"var(--ast-global-color-5)","background-image":"","background-repeat":"repeat","background-position":"center center","background-size":"auto","background-attachment":"scroll","background-type":"","background-media":"","overlay-type":"","overlay-color":"","overlay-opacity":"","overlay-gradient":""},"tablet":{"background-color":"var(--ast-global-color-5)","background-image":"","background-repeat":"repeat","background-position":"center center","background-size":"auto","background-attachment":"scroll","background-type":"","background-media":"","overlay-type":"","overlay-color":"","overlay-opacity":"","overlay-gradient":""},"mobile":{"background-color":"var(--ast-global-color-5)","background-image":"","background-repeat":"repeat","background-position":"center center","background-size":"auto","background-attachment":"scroll","background-type":"","background-media":"","overlay-type":"","overlay-color":"","overlay-opacity":"","overlay-gradient":""}},"footnotes":""},"categories":[93,29],"tags":[],"class_list":["post-940","post","type-post","status-publish","format-standard","has-post-thumbnail","hentry","category-institut","category-portada"],"post_mailing_queue_ids":[],"_links":{"self":[{"href":"https:\/\/agora.xtec.cat\/inssalvadorsunyer\/wp-json\/wp\/v2\/posts\/940","targetHints":{"allow":["GET"]}}],"collection":[{"href":"https:\/\/agora.xtec.cat\/inssalvadorsunyer\/wp-json\/wp\/v2\/posts"}],"about":[{"href":"https:\/\/agora.xtec.cat\/inssalvadorsunyer\/wp-json\/wp\/v2\/types\/post"}],"author":[{"embeddable":true,"href":"https:\/\/agora.xtec.cat\/inssalvadorsunyer\/wp-json\/wp\/v2\/users\/1"}],"replies":[{"embeddable":true,"href":"https:\/\/agora.xtec.cat\/inssalvadorsunyer\/wp-json\/wp\/v2\/comments?post=940"}],"version-history":[{"count":1,"href":"https:\/\/agora.xtec.cat\/inssalvadorsunyer\/wp-json\/wp\/v2\/posts\/940\/revisions"}],"predecessor-version":[{"id":942,"href":"https:\/\/agora.xtec.cat\/inssalvadorsunyer\/wp-json\/wp\/v2\/posts\/940\/revisions\/942"}],"wp:featuredmedia":[{"embeddable":true,"href":"https:\/\/agora.xtec.cat\/inssalvadorsunyer\/wp-json\/wp\/v2\/media\/941"}],"wp:attachment":[{"href":"https:\/\/agora.xtec.cat\/inssalvadorsunyer\/wp-json\/wp\/v2\/media?parent=940"}],"wp:term":[{"taxonomy":"category","embeddable":true,"href":"https:\/\/agora.xtec.cat\/inssalvadorsunyer\/wp-json\/wp\/v2\/categories?post=940"},{"taxonomy":"post_tag","embeddable":true,"href":"https:\/\/agora.xtec.cat\/inssalvadorsunyer\/wp-json\/wp\/v2\/tags?post=940"}],"curies":[{"name":"wp","href":"https:\/\/api.w.org\/{rel}","templated":true}]}}