{"id":9198,"date":"2019-04-26T09:27:59","date_gmt":"2019-04-26T07:27:59","guid":{"rendered":"http:\/\/agora.xtec.cat\/inssalvadorsunyer\/?p=9198"},"modified":"2020-10-20T13:13:15","modified_gmt":"2020-10-20T11:13:15","slug":"sant-jordi-2019","status":"publish","type":"post","link":"https:\/\/agora.xtec.cat\/inssalvadorsunyer\/portada\/sant-jordi-2019\/","title":{"rendered":"SANT JORDI 2019"},"content":{"rendered":"<p>Enguany per celebrar la diada de Sant Jordi el nostre institut ha posat parada al Passeig Ciutat de Girona de SALT on els alumnes d\u2019Emprenedoria de 3r d\u2019ESO, els alumnes de 4t d\u2019ESO i els de CFGM de Comer\u00e7 han venut roses, llibres i objectes diversos que han confeccionat als seus tallers. Agra\u00efm a l\u2019AMPA el seu suport i la seva dedicaci\u00f3 per haver estat tamb\u00e9 a la parada durant tota la jornada.<\/p>\n<p>Dins del l\u2019institut es van entregar els premis literaris en les quatre lleng\u00fces impartides al nostre centre i tamb\u00e9 els premis d\u2019arts pl\u00e0stiques. Hi ha hagut quinze alumnes premiats i deu finalistes.\u00a0 A continuaci\u00f3 teniu el palmar\u00e8s i les fotografies dels premiats. Moltes gr\u00e0cies a tot l\u2019alumnat que va participar amb els seus escrits i dibuixos!<\/p>\n<p><strong>Primer premi catal\u00e0:<\/strong><\/p>\n<p>1r ESO Emma Viladomat<\/p>\n<p>2n ESO Laia Palah\u00ed<\/p>\n<p>3r ESO J\u00falia Garc\u00eda<\/p>\n<p>4t ESO Iman Benkal<\/p>\n<p>AA: Mahamadou Gumaneh<\/p>\n<p><strong>Primer premi castell\u00e0:<\/strong><\/p>\n<p>1r ESO Mart\u00ed Homs<\/p>\n<p>2n ESO Ona Malo<\/p>\n<p>3r ESO Ekhine Espinosa<\/p>\n<p>4t ESO Amal Boughassal<\/p>\n<p><strong>Primer premi angl\u00e8s:<\/strong><\/p>\n<p>1r cicle J\u00falia Pelegr\u00ed<\/p>\n<p>2n cicle \u00c1ngel Lu\u00eds Enaruna<\/p>\n<p>Finalistes: Cristina Viladomat i Saibrat Thapa<\/p>\n<p><strong>Primer premi franc\u00e8s:<\/strong><\/p>\n<p>1r cicle Mariam Diakite<\/p>\n<p>2n cicle J\u00falia Ofalla<\/p>\n<p>Finalistes: Aya El Abous, Marina Serrat, Laia Palah\u00ed, Marina Gardavoir<\/p>\n<p><strong>Primer premi visual i pl\u00e0stica:<\/strong><\/p>\n<p>1r cicle Oriol Roig<\/p>\n<p>2n cicle Amal Boughassal<\/p>\n<p>Finalistes: Laia Castillo, Lawreta Sarpong, Hassane Tacania i J\u00falia Ofalla<\/p>\n<p><strong>Premiats amb un roser i un llibre:<\/strong><\/p>\n<p>Inas Zerouali i Jaume Ferrer<\/p>\n<div id='gallery-1' class='gallery galleryid-9198 gallery-columns-4 gallery-size-thumbnail'><figure class='gallery-item'>\n\t\t\t<div class='gallery-icon portrait'>\n\t\t\t\t<a href='https:\/\/agora.xtec.cat\/inssalvadorsunyer\/portada\/sant-jordi-2019\/attachment\/1r-prremi-frances-2n-cicle-julia-ofalla\/'><img loading=\"lazy\" decoding=\"async\" width=\"150\" height=\"150\" src=\"https:\/\/agora.xtec.cat\/inssalvadorsunyer\/wp-content\/uploads\/usu1009\/2019\/04\/1r-prremi-Franc\u00e8s-2n-cicle-J\u00falia-Ofalla-150x150.jpg\" class=\"attachment-thumbnail size-thumbnail\" alt=\"\" \/><\/a>\n\t\t\t<\/div><\/figure><figure class='gallery-item'>\n\t\t\t<div class='gallery-icon portrait'>\n\t\t\t\t<a href='https:\/\/agora.xtec.cat\/inssalvadorsunyer\/portada\/sant-jordi-2019\/attachment\/finalista-angles-2n-cicle-cristina-viladomat\/'><img loading=\"lazy\" decoding=\"async\" width=\"150\" height=\"150\" src=\"https:\/\/agora.xtec.cat\/inssalvadorsunyer\/wp-content\/uploads\/usu1009\/2019\/04\/Finalista-Angl\u00e8s-2n-cicle-Cristina-Viladomat-150x150.jpg\" class=\"attachment-thumbnail size-thumbnail\" alt=\"\" \/><\/a>\n\t\t\t<\/div><\/figure><figure class='gallery-item'>\n\t\t\t<div class='gallery-icon landscape'>\n\t\t\t\t<a href='https:\/\/agora.xtec.cat\/inssalvadorsunyer\/portada\/sant-jordi-2019\/attachment\/finalista-angles-2n-cicle-saibrat-thapa\/'><img loading=\"lazy\" decoding=\"async\" width=\"150\" height=\"150\" src=\"https:\/\/agora.xtec.cat\/inssalvadorsunyer\/wp-content\/uploads\/usu1009\/2019\/04\/Finalista-Angl\u00e8s-2n-cicle-Saibrat-Thapa-150x150.jpg\" class=\"attachment-thumbnail size-thumbnail\" alt=\"\" \/><\/a>\n\t\t\t<\/div><\/figure><figure class='gallery-item'>\n\t\t\t<div class='gallery-icon landscape'>\n\t\t\t\t<a href='https:\/\/agora.xtec.cat\/inssalvadorsunyer\/portada\/sant-jordi-2019\/attachment\/finalistes-frances-aya-el-abous-marina-serrat-laia-palahi-marina-gardavoir\/'><img loading=\"lazy\" decoding=\"async\" width=\"150\" height=\"150\" src=\"https:\/\/agora.xtec.cat\/inssalvadorsunyer\/wp-content\/uploads\/usu1009\/2019\/04\/Finalistes-Franc\u00e8s-Aya-El-Abous-Marina-Serrat-Laia-Palah\u00ed-Marina-Gardavoir-150x150.jpg\" class=\"attachment-thumbnail size-thumbnail\" alt=\"\" \/><\/a>\n\t\t\t<\/div><\/figure><figure class='gallery-item'>\n\t\t\t<div class='gallery-icon landscape'>\n\t\t\t\t<a href='https:\/\/agora.xtec.cat\/inssalvadorsunyer\/portada\/sant-jordi-2019\/attachment\/img_20190423_142608_936\/'><img loading=\"lazy\" decoding=\"async\" width=\"150\" height=\"150\" src=\"https:\/\/agora.xtec.cat\/inssalvadorsunyer\/wp-content\/uploads\/usu1009\/2019\/04\/IMG_20190423_142608_936-150x150.jpg\" class=\"attachment-thumbnail size-thumbnail\" alt=\"\" \/><\/a>\n\t\t\t<\/div><\/figure><figure class='gallery-item'>\n\t\t\t<div class='gallery-icon landscape'>\n\t\t\t\t<a href='https:\/\/agora.xtec.cat\/inssalvadorsunyer\/portada\/sant-jordi-2019\/attachment\/img_20190423_142623_743\/'><img loading=\"lazy\" decoding=\"async\" width=\"150\" height=\"150\" src=\"https:\/\/agora.xtec.cat\/inssalvadorsunyer\/wp-content\/uploads\/usu1009\/2019\/04\/IMG_20190423_142623_743-150x150.jpg\" class=\"attachment-thumbnail size-thumbnail\" alt=\"\" \/><\/a>\n\t\t\t<\/div><\/figure><figure class='gallery-item'>\n\t\t\t<div class='gallery-icon landscape'>\n\t\t\t\t<a href='https:\/\/agora.xtec.cat\/inssalvadorsunyer\/portada\/sant-jordi-2019\/attachment\/img_20190423_143228_005\/'><img loading=\"lazy\" decoding=\"async\" width=\"150\" height=\"150\" src=\"https:\/\/agora.xtec.cat\/inssalvadorsunyer\/wp-content\/uploads\/usu1009\/2019\/04\/IMG_20190423_143228_005-150x150.jpg\" class=\"attachment-thumbnail size-thumbnail\" alt=\"\" \/><\/a>\n\t\t\t<\/div><\/figure><figure class='gallery-item'>\n\t\t\t<div class='gallery-icon landscape'>\n\t\t\t\t<a href='https:\/\/agora.xtec.cat\/inssalvadorsunyer\/portada\/sant-jordi-2019\/attachment\/img_20190423_143235_605\/'><img loading=\"lazy\" decoding=\"async\" width=\"150\" height=\"150\" src=\"https:\/\/agora.xtec.cat\/inssalvadorsunyer\/wp-content\/uploads\/usu1009\/2019\/04\/IMG_20190423_143235_605-150x150.jpg\" class=\"attachment-thumbnail size-thumbnail\" alt=\"\" \/><\/a>\n\t\t\t<\/div><\/figure><figure class='gallery-item'>\n\t\t\t<div class='gallery-icon landscape'>\n\t\t\t\t<a href='https:\/\/agora.xtec.cat\/inssalvadorsunyer\/portada\/sant-jordi-2019\/attachment\/img_20190423_143836_768\/'><img loading=\"lazy\" decoding=\"async\" width=\"150\" height=\"150\" src=\"https:\/\/agora.xtec.cat\/inssalvadorsunyer\/wp-content\/uploads\/usu1009\/2019\/04\/IMG_20190423_143836_768-150x150.jpg\" class=\"attachment-thumbnail size-thumbnail\" alt=\"\" \/><\/a>\n\t\t\t<\/div><\/figure><figure class='gallery-item'>\n\t\t\t<div class='gallery-icon landscape'>\n\t\t\t\t<a href='https:\/\/agora.xtec.cat\/inssalvadorsunyer\/portada\/sant-jordi-2019\/attachment\/1r-premi-angles-1r-cicle-julia-pelegri\/'><img loading=\"lazy\" decoding=\"async\" width=\"150\" height=\"150\" src=\"https:\/\/agora.xtec.cat\/inssalvadorsunyer\/wp-content\/uploads\/usu1009\/2019\/04\/1r-premi-Angl\u00e8s-1r-cicle-Julia-Pelegr\u00ed-150x150.jpg\" class=\"attachment-thumbnail size-thumbnail\" alt=\"\" \/><\/a>\n\t\t\t<\/div><\/figure><figure class='gallery-item'>\n\t\t\t<div class='gallery-icon landscape'>\n\t\t\t\t<a href='https:\/\/agora.xtec.cat\/inssalvadorsunyer\/portada\/sant-jordi-2019\/attachment\/1r-premi-angles-2n-cicle-angel-luis-enaruna\/'><img loading=\"lazy\" decoding=\"async\" width=\"150\" height=\"150\" src=\"https:\/\/agora.xtec.cat\/inssalvadorsunyer\/wp-content\/uploads\/usu1009\/2019\/04\/1r-premi-Angl\u00e8s-2n-cicle-\u00c1ngel-Lu\u00eds-Enaruna-150x150.jpg\" class=\"attachment-thumbnail size-thumbnail\" alt=\"\" \/><\/a>\n\t\t\t<\/div><\/figure><figure class='gallery-item'>\n\t\t\t<div class='gallery-icon landscape'>\n\t\t\t\t<a href='https:\/\/agora.xtec.cat\/inssalvadorsunyer\/portada\/sant-jordi-2019\/attachment\/1r-premi-castella-1r-eso-marti-homs\/'><img loading=\"lazy\" decoding=\"async\" width=\"150\" height=\"150\" src=\"https:\/\/agora.xtec.cat\/inssalvadorsunyer\/wp-content\/uploads\/usu1009\/2019\/04\/1r-premi-Castell\u00e0-1r-ESO-Mart\u00ed-Homs-150x150.jpg\" class=\"attachment-thumbnail size-thumbnail\" alt=\"\" \/><\/a>\n\t\t\t<\/div><\/figure><figure class='gallery-item'>\n\t\t\t<div class='gallery-icon landscape'>\n\t\t\t\t<a href='https:\/\/agora.xtec.cat\/inssalvadorsunyer\/portada\/sant-jordi-2019\/attachment\/1r-premi-castella-2n-eso-ona-malo\/'><img loading=\"lazy\" decoding=\"async\" width=\"150\" height=\"150\" src=\"https:\/\/agora.xtec.cat\/inssalvadorsunyer\/wp-content\/uploads\/usu1009\/2019\/04\/1r-premi-Castell\u00e0-2n-ESO-Ona-Malo-150x150.jpg\" class=\"attachment-thumbnail size-thumbnail\" alt=\"\" \/><\/a>\n\t\t\t<\/div><\/figure><figure class='gallery-item'>\n\t\t\t<div class='gallery-icon landscape'>\n\t\t\t\t<a href='https:\/\/agora.xtec.cat\/inssalvadorsunyer\/portada\/sant-jordi-2019\/attachment\/1r-premi-catala-2n-eso-laia-palahi\/'><img loading=\"lazy\" decoding=\"async\" width=\"150\" height=\"150\" src=\"https:\/\/agora.xtec.cat\/inssalvadorsunyer\/wp-content\/uploads\/usu1009\/2019\/04\/1r-premi-Catal\u00e0-2n-ESO-Laia-Palah\u00ed-150x150.jpg\" class=\"attachment-thumbnail size-thumbnail\" alt=\"\" \/><\/a>\n\t\t\t<\/div><\/figure><figure class='gallery-item'>\n\t\t\t<div class='gallery-icon landscape'>\n\t\t\t\t<a href='https:\/\/agora.xtec.cat\/inssalvadorsunyer\/portada\/sant-jordi-2019\/attachment\/1r-premi-catala-3r-eso-julia-garcia\/'><img loading=\"lazy\" decoding=\"async\" width=\"150\" height=\"150\" src=\"https:\/\/agora.xtec.cat\/inssalvadorsunyer\/wp-content\/uploads\/usu1009\/2019\/04\/1r-premi-Catal\u00e0-3r-ESO-J\u00falia-Garc\u00eda-150x150.jpg\" class=\"attachment-thumbnail size-thumbnail\" alt=\"\" \/><\/a>\n\t\t\t<\/div><\/figure><figure class='gallery-item'>\n\t\t\t<div class='gallery-icon landscape'>\n\t\t\t\t<a href='https:\/\/agora.xtec.cat\/inssalvadorsunyer\/portada\/sant-jordi-2019\/attachment\/1r-premi-catala-4t-eso-iman-benkal\/'><img loading=\"lazy\" decoding=\"async\" width=\"150\" height=\"150\" src=\"https:\/\/agora.xtec.cat\/inssalvadorsunyer\/wp-content\/uploads\/usu1009\/2019\/04\/1r-premi-Catal\u00e0-4t-ESO-Iman-Benkal-150x150.jpg\" class=\"attachment-thumbnail size-thumbnail\" alt=\"\" \/><\/a>\n\t\t\t<\/div><\/figure><figure class='gallery-item'>\n\t\t\t<div class='gallery-icon landscape'>\n\t\t\t\t<a href='https:\/\/agora.xtec.cat\/inssalvadorsunyer\/portada\/sant-jordi-2019\/attachment\/1r-premi-evp-1r-cicle-oriol-roig\/'><img loading=\"lazy\" decoding=\"async\" width=\"150\" height=\"150\" src=\"https:\/\/agora.xtec.cat\/inssalvadorsunyer\/wp-content\/uploads\/usu1009\/2019\/04\/1r-premi-EVP-1r-cicle-Oriol-Roig-150x150.jpg\" class=\"attachment-thumbnail size-thumbnail\" alt=\"\" \/><\/a>\n\t\t\t<\/div><\/figure><figure class='gallery-item'>\n\t\t\t<div class='gallery-icon landscape'>\n\t\t\t\t<a href='https:\/\/agora.xtec.cat\/inssalvadorsunyer\/portada\/sant-jordi-2019\/attachment\/1r-premi-frances-1r-cicle-mariam-diakite\/'><img loading=\"lazy\" decoding=\"async\" width=\"150\" height=\"150\" src=\"https:\/\/agora.xtec.cat\/inssalvadorsunyer\/wp-content\/uploads\/usu1009\/2019\/04\/1r-premi-Franc\u00e8s-1r-cicle-Mariam-Diakite-150x150.jpg\" class=\"attachment-thumbnail size-thumbnail\" alt=\"\" \/><\/a>\n\t\t\t<\/div><\/figure><figure class='gallery-item'>\n\t\t\t<div class='gallery-icon landscape'>\n\t\t\t\t<a href='https:\/\/agora.xtec.cat\/inssalvadorsunyer\/portada\/sant-jordi-2019\/attachment\/premiada-roser-inas-zerouali\/'><img loading=\"lazy\" decoding=\"async\" width=\"150\" height=\"150\" src=\"https:\/\/agora.xtec.cat\/inssalvadorsunyer\/wp-content\/uploads\/usu1009\/2019\/04\/Premiada-roser-Inas-Zerouali-150x150.jpg\" class=\"attachment-thumbnail size-thumbnail\" alt=\"\" \/><\/a>\n\t\t\t<\/div><\/figure><figure class='gallery-item'>\n\t\t\t<div class='gallery-icon landscape'>\n\t\t\t\t<a href='https:\/\/agora.xtec.cat\/inssalvadorsunyer\/portada\/sant-jordi-2019\/attachment\/premiat-llibre-jaume-ferrer\/'><img loading=\"lazy\" decoding=\"async\" width=\"150\" height=\"150\" src=\"https:\/\/agora.xtec.cat\/inssalvadorsunyer\/wp-content\/uploads\/usu1009\/2019\/04\/Premiat-llibre-Jaume-Ferrer-150x150.jpg\" class=\"attachment-thumbnail size-thumbnail\" alt=\"\" \/><\/a>\n\t\t\t<\/div><\/figure><figure class='gallery-item'>\n\t\t\t<div class='gallery-icon landscape'>\n\t\t\t\t<a href='https:\/\/agora.xtec.cat\/inssalvadorsunyer\/portada\/sant-jordi-2019\/attachment\/parada-sant-jordi-1\/'><img loading=\"lazy\" decoding=\"async\" width=\"150\" height=\"150\" src=\"https:\/\/agora.xtec.cat\/inssalvadorsunyer\/wp-content\/uploads\/usu1009\/2019\/04\/parada-sant-jordi-1-150x150.jpg\" class=\"attachment-thumbnail size-thumbnail\" alt=\"\" \/><\/a>\n\t\t\t<\/div><\/figure><figure class='gallery-item'>\n\t\t\t<div class='gallery-icon landscape'>\n\t\t\t\t<a href='https:\/\/agora.xtec.cat\/inssalvadorsunyer\/portada\/sant-jordi-2019\/attachment\/parada3\/'><img loading=\"lazy\" decoding=\"async\" width=\"150\" height=\"150\" src=\"https:\/\/agora.xtec.cat\/inssalvadorsunyer\/wp-content\/uploads\/usu1009\/2019\/04\/PARADA3-150x150.jpg\" class=\"attachment-thumbnail size-thumbnail\" alt=\"\" \/><\/a>\n\t\t\t<\/div><\/figure><figure class='gallery-item'>\n\t\t\t<div class='gallery-icon portrait'>\n\t\t\t\t<a href='https:\/\/agora.xtec.cat\/inssalvadorsunyer\/portada\/sant-jordi-2019\/attachment\/parada4\/'><img loading=\"lazy\" decoding=\"async\" width=\"150\" height=\"150\" src=\"https:\/\/agora.xtec.cat\/inssalvadorsunyer\/wp-content\/uploads\/usu1009\/2019\/04\/PARADA4-150x150.jpg\" class=\"attachment-thumbnail size-thumbnail\" alt=\"\" \/><\/a>\n\t\t\t<\/div><\/figure>\n\t\t<\/div>\n\n<p>&nbsp;<\/p>\n","protected":false},"excerpt":{"rendered":"<p>Enguany per celebrar la diada de Sant Jordi el nostre institut ha posat parada al Passeig Ciutat de Girona de SALT on els alumnes d\u2019Emprenedoria de 3r d\u2019ESO, els alumnes de 4t d\u2019ESO i els de CFGM de Comer\u00e7 han venut roses, llibres i objectes diversos que han confeccionat als seus tallers. Agra\u00efm a l\u2019AMPA [&hellip;]<\/p>\n","protected":false},"author":1,"featured_media":0,"comment_status":"open","ping_status":"closed","sticky":false,"template":"","format":"standard","meta":{"_bbp_topic_count":0,"_bbp_reply_count":0,"_bbp_total_topic_count":0,"_bbp_total_reply_count":0,"_bbp_voice_count":0,"_bbp_anonymous_reply_count":0,"_bbp_topic_count_hidden":0,"_bbp_reply_count_hidden":0,"_bbp_forum_subforum_count":0,"site-sidebar-layout":"default","site-content-layout":"","ast-site-content-layout":"","site-content-style":"default","site-sidebar-style":"default","ast-global-header-display":"","ast-banner-title-visibility":"","ast-main-header-display":"","ast-hfb-above-header-display":"","ast-hfb-below-header-display":"","ast-hfb-mobile-header-display":"","site-post-title":"","ast-breadcrumbs-content":"","ast-featured-img":"","footer-sml-layout":"","theme-transparent-header-meta":"","adv-header-id-meta":"","stick-header-meta":"","header-above-stick-meta":"","header-main-stick-meta":"","header-below-stick-meta":"","astra-migrate-meta-layouts":"default","ast-page-background-enabled":"default","ast-page-background-meta":{"desktop":{"background-color":"var(--ast-global-color-4)","background-image":"","background-repeat":"repeat","background-position":"center center","background-size":"auto","background-attachment":"scroll","background-type":"","background-media":"","overlay-type":"","overlay-color":"","overlay-opacity":"","overlay-gradient":""},"tablet":{"background-color":"","background-image":"","background-repeat":"repeat","background-position":"center center","background-size":"auto","background-attachment":"scroll","background-type":"","background-media":"","overlay-type":"","overlay-color":"","overlay-opacity":"","overlay-gradient":""},"mobile":{"background-color":"","background-image":"","background-repeat":"repeat","background-position":"center center","background-size":"auto","background-attachment":"scroll","background-type":"","background-media":"","overlay-type":"","overlay-color":"","overlay-opacity":"","overlay-gradient":""}},"ast-content-background-meta":{"desktop":{"background-color":"var(--ast-global-color-5)","background-image":"","background-repeat":"repeat","background-position":"center center","background-size":"auto","background-attachment":"scroll","background-type":"","background-media":"","overlay-type":"","overlay-color":"","overlay-opacity":"","overlay-gradient":""},"tablet":{"background-color":"var(--ast-global-color-5)","background-image":"","background-repeat":"repeat","background-position":"center center","background-size":"auto","background-attachment":"scroll","background-type":"","background-media":"","overlay-type":"","overlay-color":"","overlay-opacity":"","overlay-gradient":""},"mobile":{"background-color":"var(--ast-global-color-5)","background-image":"","background-repeat":"repeat","background-position":"center center","background-size":"auto","background-attachment":"scroll","background-type":"","background-media":"","overlay-type":"","overlay-color":"","overlay-opacity":"","overlay-gradient":""}},"footnotes":""},"categories":[93,29],"tags":[],"class_list":["post-9198","post","type-post","status-publish","format-standard","hentry","category-institut","category-portada"],"post_mailing_queue_ids":[],"_links":{"self":[{"href":"https:\/\/agora.xtec.cat\/inssalvadorsunyer\/wp-json\/wp\/v2\/posts\/9198","targetHints":{"allow":["GET"]}}],"collection":[{"href":"https:\/\/agora.xtec.cat\/inssalvadorsunyer\/wp-json\/wp\/v2\/posts"}],"about":[{"href":"https:\/\/agora.xtec.cat\/inssalvadorsunyer\/wp-json\/wp\/v2\/types\/post"}],"author":[{"embeddable":true,"href":"https:\/\/agora.xtec.cat\/inssalvadorsunyer\/wp-json\/wp\/v2\/users\/1"}],"replies":[{"embeddable":true,"href":"https:\/\/agora.xtec.cat\/inssalvadorsunyer\/wp-json\/wp\/v2\/comments?post=9198"}],"version-history":[{"count":3,"href":"https:\/\/agora.xtec.cat\/inssalvadorsunyer\/wp-json\/wp\/v2\/posts\/9198\/revisions"}],"predecessor-version":[{"id":9233,"href":"https:\/\/agora.xtec.cat\/inssalvadorsunyer\/wp-json\/wp\/v2\/posts\/9198\/revisions\/9233"}],"wp:attachment":[{"href":"https:\/\/agora.xtec.cat\/inssalvadorsunyer\/wp-json\/wp\/v2\/media?parent=9198"}],"wp:term":[{"taxonomy":"category","embeddable":true,"href":"https:\/\/agora.xtec.cat\/inssalvadorsunyer\/wp-json\/wp\/v2\/categories?post=9198"},{"taxonomy":"post_tag","embeddable":true,"href":"https:\/\/agora.xtec.cat\/inssalvadorsunyer\/wp-json\/wp\/v2\/tags?post=9198"}],"curies":[{"name":"wp","href":"https:\/\/api.w.org\/{rel}","templated":true}]}}