{"id":893,"date":"2017-06-12T12:30:21","date_gmt":"2017-06-12T10:30:21","guid":{"rendered":"http:\/\/agora.xtec.cat\/inssalvadorsunyer\/?p=893"},"modified":"2017-06-12T12:30:21","modified_gmt":"2017-06-12T10:30:21","slug":"mor-salvador-sunyer-i-aimeric","status":"publish","type":"post","link":"https:\/\/agora.xtec.cat\/inssalvadorsunyer\/general\/mor-salvador-sunyer-i-aimeric\/","title":{"rendered":"Mor Salvador Sunyer i Aimeric"},"content":{"rendered":"<p style=\"text-align: justify;\">Volem retre el nostre petit homenatge al Sr Salvador Sunyer i Aimeric en agra\u00efment a totes les estones que els nostres alumnes ha compartit amb ell arribant a establir una comuni\u00f3 total. I \u00e9s que el Sr Salvador Sunyer es feia escoltar amb la senzillesa \u00a0i mestratge de les seves paraules acompanyades d&#8217;aquell somriure tan proper als nostres adolescent. Tamb\u00e9 li volem agrair tota la comunitat educativa que sempre tenia un s\u00ed per tot el que ens fes falta. De segur que aquest final de curs a la festa de promoci\u00f3 de quart trobarem a faltar els seus mots. All\u00e0 on siguis en aquest viatge envia&#8217;ns el teu somriure. Molt\u00edssimes gr\u00e0cies Salvador.<\/p>\n<p style=\"text-align: center;\">Contents anem-hi, companys,<\/p>\n<p style=\"text-align: center;\">cada dia a l&#8217;Institut<\/p>\n<p style=\"text-align: center;\">per a omplir els nostres afanys<\/p>\n<p style=\"text-align: center;\">de saber i de virtut.<\/p>\n<p style=\"text-align: center;\">Que la vida \u00e9s un somriure<\/p>\n<p style=\"text-align: center;\">si tenim el cor obert,<\/p>\n<p style=\"text-align: center;\">si hem ben apr\u00e8s de conviure<\/p>\n<p style=\"text-align: center;\">plantant flors en un desert.<\/p>\n<p style=\"text-align: center;\">Quin goig per aquesta terra<\/p>\n<p style=\"text-align: center;\">si hi visqu\u00e9ssim com germans,<\/p>\n<p style=\"text-align: center;\">sempre pau, mai m\u00e9s cap guerra,<\/p>\n<p style=\"text-align: center;\">donant-nos sempre les mans!<\/p>\n<p style=\"text-align: center; padding-left: 60px;\"><b>Salvador Sunyer i Aimeric<\/b><\/p>\n<p style=\"text-align: center; padding-left: 150px;\"><u>Salt, 5-XI-10<\/u><\/p>\n","protected":false},"excerpt":{"rendered":"<p>Volem retre el nostre petit homenatge al Sr Salvador Sunyer i Aimeric en agra\u00efment a totes les estones que els nostres alumnes ha compartit amb ell arribant a establir una comuni\u00f3 total. I \u00e9s que el Sr Salvador Sunyer es feia escoltar amb la senzillesa \u00a0i mestratge de les seves paraules acompanyades d&#8217;aquell somriure tan [&hellip;]<\/p>\n","protected":false},"author":1,"featured_media":0,"comment_status":"open","ping_status":"closed","sticky":false,"template":"","format":"standard","meta":{"_bbp_topic_count":0,"_bbp_reply_count":0,"_bbp_total_topic_count":0,"_bbp_total_reply_count":0,"_bbp_voice_count":0,"_bbp_anonymous_reply_count":0,"_bbp_topic_count_hidden":0,"_bbp_reply_count_hidden":0,"_bbp_forum_subforum_count":0,"site-sidebar-layout":"default","site-content-layout":"","ast-site-content-layout":"","site-content-style":"default","site-sidebar-style":"default","ast-global-header-display":"","ast-banner-title-visibility":"","ast-main-header-display":"","ast-hfb-above-header-display":"","ast-hfb-below-header-display":"","ast-hfb-mobile-header-display":"","site-post-title":"","ast-breadcrumbs-content":"","ast-featured-img":"","footer-sml-layout":"","theme-transparent-header-meta":"","adv-header-id-meta":"","stick-header-meta":"","header-above-stick-meta":"","header-main-stick-meta":"","header-below-stick-meta":"","astra-migrate-meta-layouts":"default","ast-page-background-enabled":"default","ast-page-background-meta":{"desktop":{"background-color":"var(--ast-global-color-4)","background-image":"","background-repeat":"repeat","background-position":"center center","background-size":"auto","background-attachment":"scroll","background-type":"","background-media":"","overlay-type":"","overlay-color":"","overlay-opacity":"","overlay-gradient":""},"tablet":{"background-color":"","background-image":"","background-repeat":"repeat","background-position":"center center","background-size":"auto","background-attachment":"scroll","background-type":"","background-media":"","overlay-type":"","overlay-color":"","overlay-opacity":"","overlay-gradient":""},"mobile":{"background-color":"","background-image":"","background-repeat":"repeat","background-position":"center center","background-size":"auto","background-attachment":"scroll","background-type":"","background-media":"","overlay-type":"","overlay-color":"","overlay-opacity":"","overlay-gradient":""}},"ast-content-background-meta":{"desktop":{"background-color":"var(--ast-global-color-5)","background-image":"","background-repeat":"repeat","background-position":"center center","background-size":"auto","background-attachment":"scroll","background-type":"","background-media":"","overlay-type":"","overlay-color":"","overlay-opacity":"","overlay-gradient":""},"tablet":{"background-color":"var(--ast-global-color-5)","background-image":"","background-repeat":"repeat","background-position":"center center","background-size":"auto","background-attachment":"scroll","background-type":"","background-media":"","overlay-type":"","overlay-color":"","overlay-opacity":"","overlay-gradient":""},"mobile":{"background-color":"var(--ast-global-color-5)","background-image":"","background-repeat":"repeat","background-position":"center center","background-size":"auto","background-attachment":"scroll","background-type":"","background-media":"","overlay-type":"","overlay-color":"","overlay-opacity":"","overlay-gradient":""}},"footnotes":""},"categories":[1,29],"tags":[],"class_list":["post-893","post","type-post","status-publish","format-standard","hentry","category-general","category-portada"],"post_mailing_queue_ids":[],"_links":{"self":[{"href":"https:\/\/agora.xtec.cat\/inssalvadorsunyer\/wp-json\/wp\/v2\/posts\/893","targetHints":{"allow":["GET"]}}],"collection":[{"href":"https:\/\/agora.xtec.cat\/inssalvadorsunyer\/wp-json\/wp\/v2\/posts"}],"about":[{"href":"https:\/\/agora.xtec.cat\/inssalvadorsunyer\/wp-json\/wp\/v2\/types\/post"}],"author":[{"embeddable":true,"href":"https:\/\/agora.xtec.cat\/inssalvadorsunyer\/wp-json\/wp\/v2\/users\/1"}],"replies":[{"embeddable":true,"href":"https:\/\/agora.xtec.cat\/inssalvadorsunyer\/wp-json\/wp\/v2\/comments?post=893"}],"version-history":[{"count":3,"href":"https:\/\/agora.xtec.cat\/inssalvadorsunyer\/wp-json\/wp\/v2\/posts\/893\/revisions"}],"predecessor-version":[{"id":898,"href":"https:\/\/agora.xtec.cat\/inssalvadorsunyer\/wp-json\/wp\/v2\/posts\/893\/revisions\/898"}],"wp:attachment":[{"href":"https:\/\/agora.xtec.cat\/inssalvadorsunyer\/wp-json\/wp\/v2\/media?parent=893"}],"wp:term":[{"taxonomy":"category","embeddable":true,"href":"https:\/\/agora.xtec.cat\/inssalvadorsunyer\/wp-json\/wp\/v2\/categories?post=893"},{"taxonomy":"post_tag","embeddable":true,"href":"https:\/\/agora.xtec.cat\/inssalvadorsunyer\/wp-json\/wp\/v2\/tags?post=893"}],"curies":[{"name":"wp","href":"https:\/\/api.w.org\/{rel}","templated":true}]}}