{"id":2358,"date":"2018-11-07T11:21:59","date_gmt":"2018-11-07T10:21:59","guid":{"rendered":"http:\/\/agora.xtec.cat\/inssalvadorsunyer\/?p=2358"},"modified":"2020-10-20T13:24:08","modified_gmt":"2020-10-20T11:24:08","slug":"convocatoria-eleccions-consell-escolar-2018","status":"publish","type":"post","link":"https:\/\/agora.xtec.cat\/inssalvadorsunyer\/portada\/convocatoria-eleccions-consell-escolar-2018\/","title":{"rendered":"Convocat\u00f2ria ELECCIONS CONSELL ESCOLAR 2018"},"content":{"rendered":"<p>El Director del centre ha signat la convocat\u00f2ria d&#8217;eleccions del consell escolar. El proc\u00e8s s&#8217;inicia el proper dia <strong>6 de novembre de 2018<\/strong>.<\/p>\n<p><a href=\"http:\/\/iessalvadorespriu-salt.cat\/documents\/1819\/CE\/candidats.pdf\">Formulari per presentar candidatura<\/a>, fins el <strong>15 de novembre de 2018<\/strong> . Els candidats podran fer campanya electoral des del mateix dia que presentin la seva candidatura, i el director hi doni el vist-i-plau,\u00a0 fins el dia <strong>25 de novembre de 2018<\/strong><\/p>\n<ul>\n<li>En el tauler, al costat de la finestra de les oficines, els alumnes i els seus pares\/tutors poden consultar el llistat ddel cens electoral.<\/li>\n<\/ul>\n<p>Es poden presentar reclamacions al cens electoral fins el <strong>12 de novembre de 2018<\/strong>.<\/p>\n<p>Les votacions comen\u00e7aran el <strong>27 de novembre de 2018<\/strong> votar\u00e0 el professorat ( hores del pati, a la sala de professorat), el <strong>29 de novembre de 2018<\/strong> votaran els pares\/mares\/tutors\/tutores legals dels alumnes. ( de 15:30 a 19:00 h a la biblioteca ; el <strong>29 de novembre de 2018<\/strong>\u00a0 l\u2019alumnat (a partir de les 9:15 es passar\u00e0 una urna per a cada classe).<\/p>\n","protected":false},"excerpt":{"rendered":"<p>El Director del centre ha signat la convocat\u00f2ria d&#8217;eleccions del consell escolar. El proc\u00e8s s&#8217;inicia el proper dia 6 de novembre de 2018. Formulari per presentar candidatura, fins el 15 de novembre de 2018 . Els candidats podran fer campanya electoral des del mateix dia que presentin la seva candidatura, i el director hi doni [&hellip;]<\/p>\n","protected":false},"author":1,"featured_media":2361,"comment_status":"open","ping_status":"closed","sticky":false,"template":"","format":"standard","meta":{"_bbp_topic_count":0,"_bbp_reply_count":0,"_bbp_total_topic_count":0,"_bbp_total_reply_count":0,"_bbp_voice_count":0,"_bbp_anonymous_reply_count":0,"_bbp_topic_count_hidden":0,"_bbp_reply_count_hidden":0,"_bbp_forum_subforum_count":0,"site-sidebar-layout":"default","site-content-layout":"","ast-site-content-layout":"","site-content-style":"default","site-sidebar-style":"default","ast-global-header-display":"","ast-banner-title-visibility":"","ast-main-header-display":"","ast-hfb-above-header-display":"","ast-hfb-below-header-display":"","ast-hfb-mobile-header-display":"","site-post-title":"","ast-breadcrumbs-content":"","ast-featured-img":"","footer-sml-layout":"","theme-transparent-header-meta":"","adv-header-id-meta":"","stick-header-meta":"","header-above-stick-meta":"","header-main-stick-meta":"","header-below-stick-meta":"","astra-migrate-meta-layouts":"default","ast-page-background-enabled":"default","ast-page-background-meta":{"desktop":{"background-color":"var(--ast-global-color-4)","background-image":"","background-repeat":"repeat","background-position":"center center","background-size":"auto","background-attachment":"scroll","background-type":"","background-media":"","overlay-type":"","overlay-color":"","overlay-opacity":"","overlay-gradient":""},"tablet":{"background-color":"","background-image":"","background-repeat":"repeat","background-position":"center center","background-size":"auto","background-attachment":"scroll","background-type":"","background-media":"","overlay-type":"","overlay-color":"","overlay-opacity":"","overlay-gradient":""},"mobile":{"background-color":"","background-image":"","background-repeat":"repeat","background-position":"center center","background-size":"auto","background-attachment":"scroll","background-type":"","background-media":"","overlay-type":"","overlay-color":"","overlay-opacity":"","overlay-gradient":""}},"ast-content-background-meta":{"desktop":{"background-color":"var(--ast-global-color-5)","background-image":"","background-repeat":"repeat","background-position":"center center","background-size":"auto","background-attachment":"scroll","background-type":"","background-media":"","overlay-type":"","overlay-color":"","overlay-opacity":"","overlay-gradient":""},"tablet":{"background-color":"var(--ast-global-color-5)","background-image":"","background-repeat":"repeat","background-position":"center center","background-size":"auto","background-attachment":"scroll","background-type":"","background-media":"","overlay-type":"","overlay-color":"","overlay-opacity":"","overlay-gradient":""},"mobile":{"background-color":"var(--ast-global-color-5)","background-image":"","background-repeat":"repeat","background-position":"center center","background-size":"auto","background-attachment":"scroll","background-type":"","background-media":"","overlay-type":"","overlay-color":"","overlay-opacity":"","overlay-gradient":""}},"footnotes":""},"categories":[93,29],"tags":[],"class_list":["post-2358","post","type-post","status-publish","format-standard","has-post-thumbnail","hentry","category-institut","category-portada"],"post_mailing_queue_ids":[],"_links":{"self":[{"href":"https:\/\/agora.xtec.cat\/inssalvadorsunyer\/wp-json\/wp\/v2\/posts\/2358","targetHints":{"allow":["GET"]}}],"collection":[{"href":"https:\/\/agora.xtec.cat\/inssalvadorsunyer\/wp-json\/wp\/v2\/posts"}],"about":[{"href":"https:\/\/agora.xtec.cat\/inssalvadorsunyer\/wp-json\/wp\/v2\/types\/post"}],"author":[{"embeddable":true,"href":"https:\/\/agora.xtec.cat\/inssalvadorsunyer\/wp-json\/wp\/v2\/users\/1"}],"replies":[{"embeddable":true,"href":"https:\/\/agora.xtec.cat\/inssalvadorsunyer\/wp-json\/wp\/v2\/comments?post=2358"}],"version-history":[{"count":1,"href":"https:\/\/agora.xtec.cat\/inssalvadorsunyer\/wp-json\/wp\/v2\/posts\/2358\/revisions"}],"predecessor-version":[{"id":2359,"href":"https:\/\/agora.xtec.cat\/inssalvadorsunyer\/wp-json\/wp\/v2\/posts\/2358\/revisions\/2359"}],"wp:featuredmedia":[{"embeddable":true,"href":"https:\/\/agora.xtec.cat\/inssalvadorsunyer\/wp-json\/wp\/v2\/media\/2361"}],"wp:attachment":[{"href":"https:\/\/agora.xtec.cat\/inssalvadorsunyer\/wp-json\/wp\/v2\/media?parent=2358"}],"wp:term":[{"taxonomy":"category","embeddable":true,"href":"https:\/\/agora.xtec.cat\/inssalvadorsunyer\/wp-json\/wp\/v2\/categories?post=2358"},{"taxonomy":"post_tag","embeddable":true,"href":"https:\/\/agora.xtec.cat\/inssalvadorsunyer\/wp-json\/wp\/v2\/tags?post=2358"}],"curies":[{"name":"wp","href":"https:\/\/api.w.org\/{rel}","templated":true}]}}