{"id":2317,"date":"2018-10-25T19:42:33","date_gmt":"2018-10-25T17:42:33","guid":{"rendered":"http:\/\/agora.xtec.cat\/inssalvadorsunyer\/?p=2317"},"modified":"2020-10-20T13:24:25","modified_gmt":"2020-10-20T11:24:25","slug":"temporada-alta-ens-visita","status":"publish","type":"post","link":"https:\/\/agora.xtec.cat\/inssalvadorsunyer\/portada\/temporada-alta-ens-visita\/","title":{"rendered":"TEMPORADA ALTA ENS VISITA!"},"content":{"rendered":"<p>El dilluns 22 d\u2019octubre el TEMPORADA ALTA va arribar a l\u2019Institut. Dins del programa A TEMPO que porta els artistes a l\u2019aula, l\u2019alumnat de 3r i 4t d\u2019ESO va gaudir de dues obres teatrals.<\/p>\n<ul>\n<li>L\u2019obra <strong><em>Albert\/Berta<\/em> <\/strong>a 3r d\u2019ESO<\/li>\n<\/ul>\n<table style=\"border-collapse: collapse; width: 100%;\" border=\"1\">\n<tbody>\n<tr>\n<td style=\"width: 100%;\"><strong>Fitxa art\u00edstica<\/strong><\/p>\n<p><strong>Dramat\u00fargia: Marc Rosich ( a partir del text Limbo)<\/strong><\/p>\n<p><strong>Direcci\u00f3: Montse Rodr\u00edguez<\/strong><\/p>\n<p><strong>Companyia: Associaci\u00f3 Cultural de Granollers<\/strong><\/p>\n<p><strong>Actriu: Marta Hern\u00e1ndez<\/strong><\/td>\n<\/tr>\n<\/tbody>\n<\/table>\n<p>L\u2019actriu Marta Hern\u00e1ndez amb un mon\u00f2leg colpidor va acostar als alumnes\u00a0 la hist\u00f2ria de l\u2019Albert que quan va n\u00e9ixer es deia Berta\u2026Despr\u00e9s de l\u2019obra, els nois i noies van debatre sobre aquesta hist\u00f2ria, sobre la transsexualitat i la identitat de g\u00e8nere.<\/p>\n<p>Alguns comentaris dels nois i noies de 3r:<\/p>\n<p><em>\u201c\u201dEns va fer veure i sentir el dif\u00edcil que \u00e9s admetre que una persona \u00e9s transsexual. Per\u00f2 el m\u00e9s complicat de tot \u00e9s quan la gent et critica i quan part d\u2019aquesta gent que et critica \u00e9s la que m\u00e9s estimes\u00a0\u00bb.\u00a0<\/em><\/p>\n<p><em>\u201cMolt emotiva, hauria de fer-se a altres instituts perqu\u00e8 ajuda a entendre les altres persones\u201d<\/em><\/p>\n<p><em>\u201cServeix per comprendre el comportament dels altres\u201d<\/em><\/p>\n<p>\u201c<em>Molt bona actriu\u201d<\/em><\/p>\n<ul>\n<li>L\u2019obra <strong><em>La corda<\/em> <\/strong>a 4t d\u2019ESO<\/li>\n<\/ul>\n<table style=\"border-collapse: collapse; width: 100%;\" border=\"1\">\n<tbody>\n<tr>\n<td style=\"width: 100%;\"><strong>Fitxa art\u00edstica<\/strong><\/p>\n<p><strong>Dramat\u00fargia: Cl\u00e0udia Ced\u00f3<\/strong><\/p>\n<p><strong>Direcci\u00f3: Cl\u00e0udia Ced\u00f3<\/strong><\/p>\n<p><strong>Companyia: Associaci\u00f3 Cultural de Granollers<\/strong><\/p>\n<p><strong>Actor: Adri\u00e0 D\u00edaz<\/strong><\/td>\n<\/tr>\n<\/tbody>\n<\/table>\n<p>En aquesta obra, tamb\u00e9 de petit format, el protagonista mant\u00e9 una conversa telef\u00f2nica amb la seva parella que actua com a catalitzador per iniciar una discussi\u00f3 \u00e0mplia sobre l\u2019origen de la viol\u00e8ncia de g\u00e8nere en el m\u00f3n adolescent. La corda no \u00e9s el lligam invisible de confian\u00e7a entre els amants, \u00e9s la met\u00e0fora del control i de la possessi\u00f3 d\u2019un sobre l\u2019altre.<\/p>\n<p>Alguns comentaris dels alumnes de 4t :<\/p>\n<p><em>\u201c Molt interessant i divertit\u201d<\/em><\/p>\n<p><em>\u201cAl principi pensava que tot era veritat i fins que no va comen\u00e7ar a discutir amb la noia no vaig veure que era una actuaci\u00f3.\u201d<\/em><\/p>\n<p><em>\u201cAquesta hist\u00f2ria passa molt\u201d<\/em><\/p>\n<p><em>\u201cLa corda \u00e9s el control\u201d<\/em><\/p>\n<p><em>\u201cL\u2019actor, genial!\u201d<\/em><\/p>\n<div id='gallery-1' class='gallery galleryid-2317 gallery-columns-4 gallery-size-thumbnail'><figure class='gallery-item'>\n\t\t\t<div class='gallery-icon landscape'>\n\t\t\t\t<a href='https:\/\/agora.xtec.cat\/inssalvadorsunyer\/portada\/temporada-alta-ens-visita\/attachment\/20181022_133336\/'><img loading=\"lazy\" decoding=\"async\" width=\"150\" height=\"150\" src=\"https:\/\/agora.xtec.cat\/inssalvadorsunyer\/wp-content\/uploads\/usu1009\/2018\/10\/20181022_133336-150x150.jpg\" class=\"attachment-thumbnail size-thumbnail\" alt=\"\" \/><\/a>\n\t\t\t<\/div><\/figure><figure class='gallery-item'>\n\t\t\t<div class='gallery-icon landscape'>\n\t\t\t\t<a href='https:\/\/agora.xtec.cat\/inssalvadorsunyer\/portada\/temporada-alta-ens-visita\/attachment\/20181022_133328\/'><img loading=\"lazy\" decoding=\"async\" width=\"150\" height=\"150\" src=\"https:\/\/agora.xtec.cat\/inssalvadorsunyer\/wp-content\/uploads\/usu1009\/2018\/10\/20181022_133328-150x150.jpg\" class=\"attachment-thumbnail size-thumbnail\" alt=\"\" \/><\/a>\n\t\t\t<\/div><\/figure><figure class='gallery-item'>\n\t\t\t<div class='gallery-icon landscape'>\n\t\t\t\t<a href='https:\/\/agora.xtec.cat\/inssalvadorsunyer\/portada\/temporada-alta-ens-visita\/attachment\/20181022_131855\/'><img loading=\"lazy\" decoding=\"async\" width=\"150\" height=\"150\" src=\"https:\/\/agora.xtec.cat\/inssalvadorsunyer\/wp-content\/uploads\/usu1009\/2018\/10\/20181022_131855-150x150.jpg\" class=\"attachment-thumbnail size-thumbnail\" alt=\"\" \/><\/a>\n\t\t\t<\/div><\/figure><figure class='gallery-item'>\n\t\t\t<div class='gallery-icon landscape'>\n\t\t\t\t<a href='https:\/\/agora.xtec.cat\/inssalvadorsunyer\/portada\/temporada-alta-ens-visita\/attachment\/20181022_131852\/'><img loading=\"lazy\" decoding=\"async\" width=\"150\" height=\"150\" src=\"https:\/\/agora.xtec.cat\/inssalvadorsunyer\/wp-content\/uploads\/usu1009\/2018\/10\/20181022_131852-150x150.jpg\" class=\"attachment-thumbnail size-thumbnail\" alt=\"\" \/><\/a>\n\t\t\t<\/div><\/figure><figure class='gallery-item'>\n\t\t\t<div class='gallery-icon landscape'>\n\t\t\t\t<a href='https:\/\/agora.xtec.cat\/inssalvadorsunyer\/portada\/temporada-alta-ens-visita\/attachment\/whatsapp-image-2018-10-22-at-16-58-42\/'><img loading=\"lazy\" decoding=\"async\" width=\"150\" height=\"150\" src=\"https:\/\/agora.xtec.cat\/inssalvadorsunyer\/wp-content\/uploads\/usu1009\/2018\/10\/WhatsApp-Image-2018-10-22-at-16.58.42-150x150.jpeg\" class=\"attachment-thumbnail size-thumbnail\" alt=\"\" \/><\/a>\n\t\t\t<\/div><\/figure><figure class='gallery-item'>\n\t\t\t<div class='gallery-icon landscape'>\n\t\t\t\t<a href='https:\/\/agora.xtec.cat\/inssalvadorsunyer\/portada\/temporada-alta-ens-visita\/attachment\/whatsapp-image-2018-10-22-at-16-58-42-2\/'><img loading=\"lazy\" decoding=\"async\" width=\"150\" height=\"150\" src=\"https:\/\/agora.xtec.cat\/inssalvadorsunyer\/wp-content\/uploads\/usu1009\/2018\/10\/WhatsApp-Image-2018-10-22-at-16.58.42-2-150x150.jpeg\" class=\"attachment-thumbnail size-thumbnail\" alt=\"\" \/><\/a>\n\t\t\t<\/div><\/figure><figure class='gallery-item'>\n\t\t\t<div class='gallery-icon landscape'>\n\t\t\t\t<a href='https:\/\/agora.xtec.cat\/inssalvadorsunyer\/portada\/temporada-alta-ens-visita\/attachment\/20181022_132035\/'><img loading=\"lazy\" decoding=\"async\" width=\"150\" height=\"150\" src=\"https:\/\/agora.xtec.cat\/inssalvadorsunyer\/wp-content\/uploads\/usu1009\/2018\/10\/20181022_132035-150x150.jpg\" class=\"attachment-thumbnail size-thumbnail\" alt=\"\" \/><\/a>\n\t\t\t<\/div><\/figure><figure class='gallery-item'>\n\t\t\t<div class='gallery-icon landscape'>\n\t\t\t\t<a href='https:\/\/agora.xtec.cat\/inssalvadorsunyer\/portada\/temporada-alta-ens-visita\/attachment\/whatsapp-image-2018-10-22-at-16-58-42-3\/'><img loading=\"lazy\" decoding=\"async\" width=\"150\" height=\"150\" src=\"https:\/\/agora.xtec.cat\/inssalvadorsunyer\/wp-content\/uploads\/usu1009\/2018\/10\/WhatsApp-Image-2018-10-22-at-16.58.42-3-150x150.jpeg\" class=\"attachment-thumbnail size-thumbnail\" alt=\"\" \/><\/a>\n\t\t\t<\/div><\/figure><figure class='gallery-item'>\n\t\t\t<div class='gallery-icon landscape'>\n\t\t\t\t<a href='https:\/\/agora.xtec.cat\/inssalvadorsunyer\/portada\/temporada-alta-ens-visita\/attachment\/whatsapp-image-2018-10-22-at-16-58-44\/'><img loading=\"lazy\" decoding=\"async\" width=\"150\" height=\"150\" src=\"https:\/\/agora.xtec.cat\/inssalvadorsunyer\/wp-content\/uploads\/usu1009\/2018\/10\/WhatsApp-Image-2018-10-22-at-16.58.44-150x150.jpeg\" class=\"attachment-thumbnail size-thumbnail\" alt=\"\" \/><\/a>\n\t\t\t<\/div><\/figure><figure class='gallery-item'>\n\t\t\t<div class='gallery-icon landscape'>\n\t\t\t\t<a href='https:\/\/agora.xtec.cat\/inssalvadorsunyer\/portada\/temporada-alta-ens-visita\/attachment\/whatsapp-image-2018-10-22-at-16-58-44-2\/'><img loading=\"lazy\" decoding=\"async\" width=\"150\" height=\"150\" src=\"https:\/\/agora.xtec.cat\/inssalvadorsunyer\/wp-content\/uploads\/usu1009\/2018\/10\/WhatsApp-Image-2018-10-22-at-16.58.44-2-150x150.jpeg\" class=\"attachment-thumbnail size-thumbnail\" alt=\"\" \/><\/a>\n\t\t\t<\/div><\/figure><figure class='gallery-item'>\n\t\t\t<div class='gallery-icon landscape'>\n\t\t\t\t<a href='https:\/\/agora.xtec.cat\/inssalvadorsunyer\/portada\/temporada-alta-ens-visita\/attachment\/whatsapp-image-2018-10-22-at-16-58-44-1\/'><img loading=\"lazy\" decoding=\"async\" width=\"150\" height=\"150\" src=\"https:\/\/agora.xtec.cat\/inssalvadorsunyer\/wp-content\/uploads\/usu1009\/2018\/10\/WhatsApp-Image-2018-10-22-at-16.58.44-1-150x150.jpeg\" class=\"attachment-thumbnail size-thumbnail\" alt=\"\" \/><\/a>\n\t\t\t<\/div><\/figure><figure class='gallery-item'>\n\t\t\t<div class='gallery-icon landscape'>\n\t\t\t\t<a href='https:\/\/agora.xtec.cat\/inssalvadorsunyer\/portada\/temporada-alta-ens-visita\/attachment\/whatsapp-image-2018-10-22-at-16-58-43\/'><img loading=\"lazy\" decoding=\"async\" width=\"150\" height=\"150\" src=\"https:\/\/agora.xtec.cat\/inssalvadorsunyer\/wp-content\/uploads\/usu1009\/2018\/10\/WhatsApp-Image-2018-10-22-at-16.58.43-150x150.jpeg\" class=\"attachment-thumbnail size-thumbnail\" alt=\"\" \/><\/a>\n\t\t\t<\/div><\/figure><figure class='gallery-item'>\n\t\t\t<div class='gallery-icon landscape'>\n\t\t\t\t<a href='https:\/\/agora.xtec.cat\/inssalvadorsunyer\/portada\/temporada-alta-ens-visita\/attachment\/whatsapp-image-2018-10-22-at-16-58-43-4\/'><img loading=\"lazy\" decoding=\"async\" width=\"150\" height=\"150\" src=\"https:\/\/agora.xtec.cat\/inssalvadorsunyer\/wp-content\/uploads\/usu1009\/2018\/10\/WhatsApp-Image-2018-10-22-at-16.58.43-4-150x150.jpeg\" class=\"attachment-thumbnail size-thumbnail\" alt=\"\" \/><\/a>\n\t\t\t<\/div><\/figure><figure class='gallery-item'>\n\t\t\t<div class='gallery-icon landscape'>\n\t\t\t\t<a href='https:\/\/agora.xtec.cat\/inssalvadorsunyer\/portada\/temporada-alta-ens-visita\/attachment\/whatsapp-image-2018-10-22-at-16-58-43-3\/'><img loading=\"lazy\" decoding=\"async\" width=\"150\" height=\"150\" src=\"https:\/\/agora.xtec.cat\/inssalvadorsunyer\/wp-content\/uploads\/usu1009\/2018\/10\/WhatsApp-Image-2018-10-22-at-16.58.43-3-150x150.jpeg\" class=\"attachment-thumbnail size-thumbnail\" alt=\"\" \/><\/a>\n\t\t\t<\/div><\/figure><figure class='gallery-item'>\n\t\t\t<div class='gallery-icon landscape'>\n\t\t\t\t<a href='https:\/\/agora.xtec.cat\/inssalvadorsunyer\/portada\/temporada-alta-ens-visita\/attachment\/whatsapp-image-2018-10-22-at-16-58-43-2\/'><img loading=\"lazy\" decoding=\"async\" width=\"150\" height=\"150\" src=\"https:\/\/agora.xtec.cat\/inssalvadorsunyer\/wp-content\/uploads\/usu1009\/2018\/10\/WhatsApp-Image-2018-10-22-at-16.58.43-2-150x150.jpeg\" class=\"attachment-thumbnail size-thumbnail\" alt=\"\" \/><\/a>\n\t\t\t<\/div><\/figure><figure class='gallery-item'>\n\t\t\t<div class='gallery-icon landscape'>\n\t\t\t\t<a href='https:\/\/agora.xtec.cat\/inssalvadorsunyer\/portada\/temporada-alta-ens-visita\/attachment\/whatsapp-image-2018-10-22-at-16-58-43-1\/'><img loading=\"lazy\" decoding=\"async\" width=\"150\" height=\"150\" src=\"https:\/\/agora.xtec.cat\/inssalvadorsunyer\/wp-content\/uploads\/usu1009\/2018\/10\/WhatsApp-Image-2018-10-22-at-16.58.43-1-150x150.jpeg\" class=\"attachment-thumbnail size-thumbnail\" alt=\"\" \/><\/a>\n\t\t\t<\/div><\/figure>\n\t\t<\/div>\n\n","protected":false},"excerpt":{"rendered":"<p>El dilluns 22 d\u2019octubre el TEMPORADA ALTA va arribar a l\u2019Institut. Dins del programa A TEMPO que porta els artistes a l\u2019aula, l\u2019alumnat de 3r i 4t d\u2019ESO va gaudir de dues obres teatrals. L\u2019obra Albert\/Berta a 3r d\u2019ESO Fitxa art\u00edstica Dramat\u00fargia: Marc Rosich ( a partir del text Limbo) Direcci\u00f3: Montse Rodr\u00edguez Companyia: Associaci\u00f3 [&hellip;]<\/p>\n","protected":false},"author":1,"featured_media":2329,"comment_status":"open","ping_status":"closed","sticky":false,"template":"","format":"standard","meta":{"_bbp_topic_count":0,"_bbp_reply_count":0,"_bbp_total_topic_count":0,"_bbp_total_reply_count":0,"_bbp_voice_count":0,"_bbp_anonymous_reply_count":0,"_bbp_topic_count_hidden":0,"_bbp_reply_count_hidden":0,"_bbp_forum_subforum_count":0,"site-sidebar-layout":"default","site-content-layout":"","ast-site-content-layout":"","site-content-style":"default","site-sidebar-style":"default","ast-global-header-display":"","ast-banner-title-visibility":"","ast-main-header-display":"","ast-hfb-above-header-display":"","ast-hfb-below-header-display":"","ast-hfb-mobile-header-display":"","site-post-title":"","ast-breadcrumbs-content":"","ast-featured-img":"","footer-sml-layout":"","theme-transparent-header-meta":"","adv-header-id-meta":"","stick-header-meta":"","header-above-stick-meta":"","header-main-stick-meta":"","header-below-stick-meta":"","astra-migrate-meta-layouts":"default","ast-page-background-enabled":"default","ast-page-background-meta":{"desktop":{"background-color":"var(--ast-global-color-4)","background-image":"","background-repeat":"repeat","background-position":"center center","background-size":"auto","background-attachment":"scroll","background-type":"","background-media":"","overlay-type":"","overlay-color":"","overlay-opacity":"","overlay-gradient":""},"tablet":{"background-color":"","background-image":"","background-repeat":"repeat","background-position":"center center","background-size":"auto","background-attachment":"scroll","background-type":"","background-media":"","overlay-type":"","overlay-color":"","overlay-opacity":"","overlay-gradient":""},"mobile":{"background-color":"","background-image":"","background-repeat":"repeat","background-position":"center center","background-size":"auto","background-attachment":"scroll","background-type":"","background-media":"","overlay-type":"","overlay-color":"","overlay-opacity":"","overlay-gradient":""}},"ast-content-background-meta":{"desktop":{"background-color":"var(--ast-global-color-5)","background-image":"","background-repeat":"repeat","background-position":"center center","background-size":"auto","background-attachment":"scroll","background-type":"","background-media":"","overlay-type":"","overlay-color":"","overlay-opacity":"","overlay-gradient":""},"tablet":{"background-color":"var(--ast-global-color-5)","background-image":"","background-repeat":"repeat","background-position":"center center","background-size":"auto","background-attachment":"scroll","background-type":"","background-media":"","overlay-type":"","overlay-color":"","overlay-opacity":"","overlay-gradient":""},"mobile":{"background-color":"var(--ast-global-color-5)","background-image":"","background-repeat":"repeat","background-position":"center center","background-size":"auto","background-attachment":"scroll","background-type":"","background-media":"","overlay-type":"","overlay-color":"","overlay-opacity":"","overlay-gradient":""}},"footnotes":""},"categories":[93,29],"tags":[],"class_list":["post-2317","post","type-post","status-publish","format-standard","has-post-thumbnail","hentry","category-institut","category-portada"],"post_mailing_queue_ids":[],"_links":{"self":[{"href":"https:\/\/agora.xtec.cat\/inssalvadorsunyer\/wp-json\/wp\/v2\/posts\/2317","targetHints":{"allow":["GET"]}}],"collection":[{"href":"https:\/\/agora.xtec.cat\/inssalvadorsunyer\/wp-json\/wp\/v2\/posts"}],"about":[{"href":"https:\/\/agora.xtec.cat\/inssalvadorsunyer\/wp-json\/wp\/v2\/types\/post"}],"author":[{"embeddable":true,"href":"https:\/\/agora.xtec.cat\/inssalvadorsunyer\/wp-json\/wp\/v2\/users\/1"}],"replies":[{"embeddable":true,"href":"https:\/\/agora.xtec.cat\/inssalvadorsunyer\/wp-json\/wp\/v2\/comments?post=2317"}],"version-history":[{"count":3,"href":"https:\/\/agora.xtec.cat\/inssalvadorsunyer\/wp-json\/wp\/v2\/posts\/2317\/revisions"}],"predecessor-version":[{"id":2340,"href":"https:\/\/agora.xtec.cat\/inssalvadorsunyer\/wp-json\/wp\/v2\/posts\/2317\/revisions\/2340"}],"wp:featuredmedia":[{"embeddable":true,"href":"https:\/\/agora.xtec.cat\/inssalvadorsunyer\/wp-json\/wp\/v2\/media\/2329"}],"wp:attachment":[{"href":"https:\/\/agora.xtec.cat\/inssalvadorsunyer\/wp-json\/wp\/v2\/media?parent=2317"}],"wp:term":[{"taxonomy":"category","embeddable":true,"href":"https:\/\/agora.xtec.cat\/inssalvadorsunyer\/wp-json\/wp\/v2\/categories?post=2317"},{"taxonomy":"post_tag","embeddable":true,"href":"https:\/\/agora.xtec.cat\/inssalvadorsunyer\/wp-json\/wp\/v2\/tags?post=2317"}],"curies":[{"name":"wp","href":"https:\/\/api.w.org\/{rel}","templated":true}]}}