{"id":15618,"date":"2025-04-22T09:58:43","date_gmt":"2025-04-22T07:58:43","guid":{"rendered":"https:\/\/agora.xtec.cat\/inssalvadorsunyer\/?p=15618"},"modified":"2025-04-22T10:01:11","modified_gmt":"2025-04-22T08:01:11","slug":"pintada-de-murals-al-pati","status":"publish","type":"post","link":"https:\/\/agora.xtec.cat\/inssalvadorsunyer\/general\/pintada-de-murals-al-pati\/","title":{"rendered":"PINTADA DE MURALS AL PATI"},"content":{"rendered":"<p dir=\"ltr\">Durant els \u00faltims mesos, l\u2019alumnat de\u00a04t d\u2019ESO\u00a0de l\u2019optativa d\u2019Expressi\u00f3 Art\u00edstica ha pogut concloure el projecte de murals que es va comen\u00e7ar el passat curs, amb el suport del\u00a0Pla de millora d&#8217;oportunitats educatives\u00a0(PMOE &#8211; PROA+) i la col\u00b7laboraci\u00f3 de les mat\u00e8ries d\u2019Aula Oberta i Projectes, i de l\u2019artista Ilich Roimeser (<a href=\"https:\/\/www.instagram.com\/ilich_roimeser\/\" target=\"_blank\" rel=\"noopener\" data-saferedirecturl=\"https:\/\/www.google.com\/url?q=https:\/\/www.instagram.com\/ilich_roimeser\/&amp;source=gmail&amp;ust=1745394461256000&amp;usg=AOvVaw3TLooOBev1P5kS7cxFdCHb\">@ilich_roimeser<\/a>).<\/p>\n<p dir=\"ltr\">Els dos nous murals (\u201cLES DONES TAMB\u00c9 HI EREN\u201d i \u201cSOM\u00a0ESCOLA VERDA\u201d), s\u2019han sumat als dos que ja hav\u00edem fet (\u201cSOM DIVERSOS\u201d i \u201cCONVIV\u00c8NCIA AL SUNYER\u201d) per completar aquest projecte relacionat amb diferents ODS. Ens ha quedat un pati ben maco!<\/p>\n<p dir=\"ltr\">El nostre punt de partida va ser la visita guiada al\u00a0Festival MONAR\u2019T. Vam\u00a0veure com canvia un barri amb intervencions murals d\u2019artistes de diferents nacionalitats, i ens va motivar per fer una petita recerca i con\u00e8ixer diferents referents, t\u00e8cniques i esdeveniments relacionats amb l\u2019art urb\u00e0.<\/p>\n<p dir=\"ltr\">L\u2019alumnat de 2n d\u2019ESO, a trav\u00e9s de la mat\u00e8ria de Projectes, van crear uns\u00a0lemes\u00a0per al 8M, als quals van donar difusi\u00f3 estampant-los en les seves samarretes. Aquests lemes ens han servit de base per al mural que pret\u00e9n reivindicar el paper de la dona al llarg de la hist\u00f2ria.<\/p>\n<p dir=\"ltr\">Gr\u00e0cies a la preparaci\u00f3 inicial de l\u2019alumnat d\u2019Aula Oberta, vam poder portar a terme aquests murals dels quals sentim molt d\u2019orgull. L\u2019acompanyament de l\u2019artista especialista en art urb\u00e0 ha estat clau durant el\u00a0proc\u00e9s\u00a0i l\u2019execuci\u00f3: pluja d\u2019idees, posada en com\u00fa, presa de decisions, preparaci\u00f3 de material i pintada final.<\/p>\n<p dir=\"ltr\">Nom\u00e9s ens queda donar l\u2019enhorabona\u00a0a aquest gran equip per la seva feina i implicaci\u00f3! Moltes gr\u00e0cies!<\/p>\n<p dir=\"ltr\">\r\n\t<div class=\"slideshow_container slideshow_container_style-light\" style=\" \" data-slideshow-id=\"15614\" data-style-name=\"style-light\" data-style-version=\"2.3.1\" >\r\n\r\n\t\t\t\t\t<div class=\"slideshow_loading_icon\"><\/div>\r\n\t\t\r\n\t\t<div class=\"slideshow_content\" style=\"display: none;\">\r\n\r\n\t\t\t<div class=\"slideshow_view\">\r\n\t\t\t\t<div class=\"slideshow_slide slideshow_slide_image\">\r\n\t\t\t\t\t\t\t\t\t\t\t<img src=\"https:\/\/agora.xtec.cat\/inssalvadorsunyer\/wp-content\/uploads\/usu1009\/2025\/04\/20250403_153357-scaled.jpg\" alt=\"20250403_153357\" width=\"2560\" height=\"1920\" \/>\r\n\t\t\t\t\t\t\t\t\t\t<div class=\"slideshow_description_box slideshow_transparent\">\r\n\t\t\t\t\t\t<div class=\"slideshow_title\">20250403_153357<\/div>\t\t\t\t\t\t\t\t\t\t\t<\/div>\r\n\t\t\t\t<\/div>\r\n\r\n\t\t\t\t\t\t\r\n\t\t\t\t<div class=\"slideshow_slide slideshow_slide_image\">\r\n\t\t\t\t\t\t\t\t\t\t\t<img src=\"https:\/\/agora.xtec.cat\/inssalvadorsunyer\/wp-content\/uploads\/usu1009\/2025\/04\/20250403_153446-scaled.jpg\" alt=\"20250403_153446\" width=\"2560\" height=\"1920\" \/>\r\n\t\t\t\t\t\t\t\t\t\t<div class=\"slideshow_description_box slideshow_transparent\">\r\n\t\t\t\t\t\t<div class=\"slideshow_title\">20250403_153446<\/div>\t\t\t\t\t\t\t\t\t\t\t<\/div>\r\n\t\t\t\t<\/div>\r\n\r\n\t\t\t\t\t\t<div style=\"clear: both;\"><\/div><\/div><div class=\"slideshow_view\">\r\n\t\t\t\t<div class=\"slideshow_slide slideshow_slide_image\">\r\n\t\t\t\t\t\t\t\t\t\t\t<img src=\"https:\/\/agora.xtec.cat\/inssalvadorsunyer\/wp-content\/uploads\/usu1009\/2025\/04\/20250403_153604-scaled.jpg\" alt=\"20250403_153604\" width=\"2560\" height=\"1920\" \/>\r\n\t\t\t\t\t\t\t\t\t\t<div class=\"slideshow_description_box slideshow_transparent\">\r\n\t\t\t\t\t\t<div class=\"slideshow_title\">20250403_153604<\/div>\t\t\t\t\t\t\t\t\t\t\t<\/div>\r\n\t\t\t\t<\/div>\r\n\r\n\t\t\t\t\t\t<div style=\"clear: both;\"><\/div><\/div>\r\n\t\t<\/div>\r\n\r\n\t\t<div class=\"slideshow_controlPanel slideshow_transparent\" style=\"display: none;\"><ul><li class=\"slideshow_togglePlay\" data-play-text=\"Visualitza\" data-pause-text=\"Pausa\"><\/li><\/ul><\/div>\r\n\r\n\t\t<div class=\"slideshow_button slideshow_previous slideshow_transparent\" role=\"button\" data-previous-text=\"Anterior\" style=\"display: none;\"><\/div>\r\n\t\t<div class=\"slideshow_button slideshow_next slideshow_transparent\" role=\"button\" data-next-text=\"Seg\u00fcent\" style=\"display: none;\"><\/div>\r\n\r\n\t\t<div class=\"slideshow_pagination\" style=\"display: none;\" data-go-to-text=\"V\u00e9s a la diapositiva\"><div class=\"slideshow_pagination_center\"><\/div><\/div>\r\n\r\n\t\t<!-- WordPress Slideshow Version 2.3.1 -->\r\n\r\n\t\t\t<\/div>\r\n\r\n<\/p>\n<p dir=\"ltr\"><a href=\"https:\/\/drive.google.com\/file\/d\/1-Rbo4NNytz0S9xcFS2NgWuAceCWE7TQe\/view?usp=sharing\">VIDEO<\/a><\/p>\n<p dir=\"ltr\">\n","protected":false},"excerpt":{"rendered":"<p>Durant els \u00faltims mesos, l\u2019alumnat de\u00a04t d\u2019ESO\u00a0de l\u2019optativa d\u2019Expressi\u00f3 Art\u00edstica ha pogut concloure el projecte de murals que es va comen\u00e7ar el passat curs, amb el suport del\u00a0Pla de millora d&#8217;oportunitats educatives\u00a0(PMOE &#8211; PROA+) i la col\u00b7laboraci\u00f3 de les mat\u00e8ries d\u2019Aula Oberta i Projectes, i de l\u2019artista Ilich Roimeser (@ilich_roimeser). Els dos nous murals (\u201cLES [&hellip;]<\/p>\n","protected":false},"author":1,"featured_media":0,"comment_status":"open","ping_status":"closed","sticky":false,"template":"","format":"standard","meta":{"_bbp_topic_count":0,"_bbp_reply_count":0,"_bbp_total_topic_count":0,"_bbp_total_reply_count":0,"_bbp_voice_count":0,"_bbp_anonymous_reply_count":0,"_bbp_topic_count_hidden":0,"_bbp_reply_count_hidden":0,"_bbp_forum_subforum_count":0,"site-sidebar-layout":"default","site-content-layout":"","ast-site-content-layout":"","site-content-style":"default","site-sidebar-style":"default","ast-global-header-display":"","ast-banner-title-visibility":"","ast-main-header-display":"","ast-hfb-above-header-display":"","ast-hfb-below-header-display":"","ast-hfb-mobile-header-display":"","site-post-title":"","ast-breadcrumbs-content":"","ast-featured-img":"","footer-sml-layout":"","theme-transparent-header-meta":"","adv-header-id-meta":"","stick-header-meta":"","header-above-stick-meta":"","header-main-stick-meta":"","header-below-stick-meta":"","astra-migrate-meta-layouts":"default","ast-page-background-enabled":"default","ast-page-background-meta":{"desktop":{"background-color":"var(--ast-global-color-4)","background-image":"","background-repeat":"repeat","background-position":"center center","background-size":"auto","background-attachment":"scroll","background-type":"","background-media":"","overlay-type":"","overlay-color":"","overlay-opacity":"","overlay-gradient":""},"tablet":{"background-color":"","background-image":"","background-repeat":"repeat","background-position":"center center","background-size":"auto","background-attachment":"scroll","background-type":"","background-media":"","overlay-type":"","overlay-color":"","overlay-opacity":"","overlay-gradient":""},"mobile":{"background-color":"","background-image":"","background-repeat":"repeat","background-position":"center center","background-size":"auto","background-attachment":"scroll","background-type":"","background-media":"","overlay-type":"","overlay-color":"","overlay-opacity":"","overlay-gradient":""}},"ast-content-background-meta":{"desktop":{"background-color":"var(--ast-global-color-5)","background-image":"","background-repeat":"repeat","background-position":"center center","background-size":"auto","background-attachment":"scroll","background-type":"","background-media":"","overlay-type":"","overlay-color":"","overlay-opacity":"","overlay-gradient":""},"tablet":{"background-color":"var(--ast-global-color-5)","background-image":"","background-repeat":"repeat","background-position":"center center","background-size":"auto","background-attachment":"scroll","background-type":"","background-media":"","overlay-type":"","overlay-color":"","overlay-opacity":"","overlay-gradient":""},"mobile":{"background-color":"var(--ast-global-color-5)","background-image":"","background-repeat":"repeat","background-position":"center center","background-size":"auto","background-attachment":"scroll","background-type":"","background-media":"","overlay-type":"","overlay-color":"","overlay-opacity":"","overlay-gradient":""}},"footnotes":""},"categories":[1,29],"tags":[],"class_list":["post-15618","post","type-post","status-publish","format-standard","hentry","category-general","category-portada"],"post_mailing_queue_ids":[],"_links":{"self":[{"href":"https:\/\/agora.xtec.cat\/inssalvadorsunyer\/wp-json\/wp\/v2\/posts\/15618","targetHints":{"allow":["GET"]}}],"collection":[{"href":"https:\/\/agora.xtec.cat\/inssalvadorsunyer\/wp-json\/wp\/v2\/posts"}],"about":[{"href":"https:\/\/agora.xtec.cat\/inssalvadorsunyer\/wp-json\/wp\/v2\/types\/post"}],"author":[{"embeddable":true,"href":"https:\/\/agora.xtec.cat\/inssalvadorsunyer\/wp-json\/wp\/v2\/users\/1"}],"replies":[{"embeddable":true,"href":"https:\/\/agora.xtec.cat\/inssalvadorsunyer\/wp-json\/wp\/v2\/comments?post=15618"}],"version-history":[{"count":2,"href":"https:\/\/agora.xtec.cat\/inssalvadorsunyer\/wp-json\/wp\/v2\/posts\/15618\/revisions"}],"predecessor-version":[{"id":15620,"href":"https:\/\/agora.xtec.cat\/inssalvadorsunyer\/wp-json\/wp\/v2\/posts\/15618\/revisions\/15620"}],"wp:attachment":[{"href":"https:\/\/agora.xtec.cat\/inssalvadorsunyer\/wp-json\/wp\/v2\/media?parent=15618"}],"wp:term":[{"taxonomy":"category","embeddable":true,"href":"https:\/\/agora.xtec.cat\/inssalvadorsunyer\/wp-json\/wp\/v2\/categories?post=15618"},{"taxonomy":"post_tag","embeddable":true,"href":"https:\/\/agora.xtec.cat\/inssalvadorsunyer\/wp-json\/wp\/v2\/tags?post=15618"}],"curies":[{"name":"wp","href":"https:\/\/api.w.org\/{rel}","templated":true}]}}