{"id":15212,"date":"2023-12-01T11:59:45","date_gmt":"2023-12-01T10:59:45","guid":{"rendered":"https:\/\/agora.xtec.cat\/inssalvadorsunyer\/?p=15212"},"modified":"2023-12-01T11:59:45","modified_gmt":"2023-12-01T10:59:45","slug":"saltqueting","status":"publish","type":"post","link":"https:\/\/agora.xtec.cat\/inssalvadorsunyer\/general\/saltqueting\/","title":{"rendered":"SALTQUETING"},"content":{"rendered":"<p>L\u2019alumnat del PFI Salt Vendes organitza la campanya de dinamitzaci\u00f3 PVE Giron\u00e8s<\/p>\n<p>Aquest any el grup del PFI PTT de Vendes de Salt ha creat la marca Saltqueting, sota la que treballen en diferents projectes al llarg del curs. Com per exemple el voluntariat al Giroc\u00f2mic, la col\u00b7laboraci\u00f3 en el centre de distribuci\u00f3 d\u2019aliments, la creaci\u00f3 d\u2019aparadors per comer\u00e7os del barri, la decoraci\u00f3 del Cap de Salt, o el projecte que us presentem a continuaci\u00f3.<\/p>\n<p>Cada any, l\u2019alumnat PFI de tot Catalunya realitza el PVE (Projecte Valors en l\u2019Esport). Aquest inclou jornades esportives i sessions a l\u2019aula per treballar valors associats a l\u2019esport. I finalitza amb una trobada per territoris dels diferents grups PFI.<\/p>\n<p>Com que enguany, a Salt, s\u00f3n la seu de la trobada del territori, han aprofitat per fer de la situaci\u00f3 l\u2019oportunitat. I com a Microprojecte, estan realitzant una campanya de dinamitzaci\u00f3 durant els mesos previs pels PFI\u2019s assistents a la cloenda.<\/p>\n<p>Els alumnes proposen un concurs a trav\u00e9s de la creaci\u00f3 de cinc v\u00eddeos on es plantegen als altres PFI, diferents reptes. Com s\u00f3n un concurs de fotografies per representar valors o la decoraci\u00f3 de l\u2019espai de la trobada, el disseny de la samarreta, obsequis o publicitat de l\u2019acte entre tots.<\/p>\n<p>Han contactat un jurat en representaci\u00f3 dels dos instituts organitzadors de la jornada, l\u2019institut Salvador Sunyer i Aimeric i, l\u2019institut Salvador Espriu i, una representant d\u2019educaci\u00f3 de l\u2019Ajuntament de Salt. D\u2019altra banda, han sol\u00b7licitat a empreses de l\u2019entorn i relacionades amb el m\u00f3n de l\u2019esport, la participaci\u00f3 per aconseguir obsequis pels guanyadors del concurs de reptes.<\/p>\n<p>Han treballat en comissions de tecnol\u00f2gics, comunicadors, artistes i coordinadors per cooperativament aconseguir fer de la jornada un acte compartit i transversal per col\u00b7lectivament fer-s\u2019ho propi. La promoci\u00f3 final del projecte s\u2019ha fet a R\u00e0dio Salt. Completant aix\u00ed una campanya de dinamitzaci\u00f3 real que ha perm\u00e8s un aprenentatge compartit i un treball cooperatiu amb els altres PFI.<\/p>\n<p><a href=\"https:\/\/drive.google.com\/file\/d\/1wlcR4Pgxed2AZEQ5E12aknNxZMJ5Ocfz\/view?usp=sharing\">VIDEO<\/a><\/p>\n<p><a href=\"https:\/\/drive.google.com\/file\/d\/1r1hzUxQjHvAX0tM6p_74bCPZOpjSZOV0\/view?usp=sharing\">FALCA DE R\u00c0DIO<\/a><\/p>\n\r\n\t<div class=\"slideshow_container slideshow_container_style-light\" style=\" \" data-slideshow-id=\"15208\" data-style-name=\"style-light\" data-style-version=\"2.3.1\" >\r\n\r\n\t\t\t\t\t<div class=\"slideshow_loading_icon\"><\/div>\r\n\t\t\r\n\t\t<div class=\"slideshow_content\" style=\"display: none;\">\r\n\r\n\t\t\t<div class=\"slideshow_view\">\r\n\t\t\t\t<div class=\"slideshow_slide slideshow_slide_image\">\r\n\t\t\t\t\t\t\t\t\t\t\t<img src=\"https:\/\/agora.xtec.cat\/inssalvadorsunyer\/wp-content\/uploads\/usu1009\/2023\/12\/Microprojecte_Radio-Salt.jpeg\" alt=\"Microprojecte_R\u00e0dio Salt\" width=\"1434\" height=\"944\" \/>\r\n\t\t\t\t\t\t\t\t\t\t<div class=\"slideshow_description_box slideshow_transparent\">\r\n\t\t\t\t\t\t<div class=\"slideshow_title\">Microprojecte_R\u00e0dio Salt<\/div>\t\t\t\t\t\t\t\t\t\t\t<\/div>\r\n\t\t\t\t<\/div>\r\n\r\n\t\t\t\t\t\t\r\n\t\t\t\t<div class=\"slideshow_slide slideshow_slide_image\">\r\n\t\t\t\t\t\t\t\t\t\t\t<img src=\"https:\/\/agora.xtec.cat\/inssalvadorsunyer\/wp-content\/uploads\/usu1009\/2023\/12\/Microprojecte-Salt_RodatgeR3.jpg\" alt=\"Microprojecte Salt_RodatgeR3\" width=\"2000\" height=\"1500\" \/>\r\n\t\t\t\t\t\t\t\t\t\t<div class=\"slideshow_description_box slideshow_transparent\">\r\n\t\t\t\t\t\t<div class=\"slideshow_title\">Microprojecte Salt_RodatgeR3<\/div>\t\t\t\t\t\t\t\t\t\t\t<\/div>\r\n\t\t\t\t<\/div>\r\n\r\n\t\t\t\t\t\t<div style=\"clear: both;\"><\/div><\/div><div class=\"slideshow_view\">\r\n\t\t\t\t<div class=\"slideshow_slide slideshow_slide_image\">\r\n\t\t\t\t\t\t\t\t\t\t\t<img src=\"https:\/\/agora.xtec.cat\/inssalvadorsunyer\/wp-content\/uploads\/usu1009\/2023\/12\/Logo-Saltqueting_1.png\" alt=\"Logo Saltqueting_1\" width=\"1000\" height=\"1000\" \/>\r\n\t\t\t\t\t\t\t\t\t\t<div class=\"slideshow_description_box slideshow_transparent\">\r\n\t\t\t\t\t\t<div class=\"slideshow_title\">Logo Saltqueting_1<\/div>\t\t\t\t\t\t\t\t\t\t\t<\/div>\r\n\t\t\t\t<\/div>\r\n\r\n\t\t\t\t\t\t<div style=\"clear: both;\"><\/div><\/div>\r\n\t\t<\/div>\r\n\r\n\t\t<div class=\"slideshow_controlPanel slideshow_transparent\" style=\"display: none;\"><ul><li class=\"slideshow_togglePlay\" data-play-text=\"Visualitza\" data-pause-text=\"Pausa\"><\/li><\/ul><\/div>\r\n\r\n\t\t<div class=\"slideshow_button slideshow_previous slideshow_transparent\" role=\"button\" data-previous-text=\"Anterior\" style=\"display: none;\"><\/div>\r\n\t\t<div class=\"slideshow_button slideshow_next slideshow_transparent\" role=\"button\" data-next-text=\"Seg\u00fcent\" style=\"display: none;\"><\/div>\r\n\r\n\t\t<div class=\"slideshow_pagination\" style=\"display: none;\" data-go-to-text=\"V\u00e9s a la diapositiva\"><div class=\"slideshow_pagination_center\"><\/div><\/div>\r\n\r\n\t\t<!-- WordPress Slideshow Version 2.3.1 -->\r\n\r\n\t\t\t<\/div>\r\n\r\n\n","protected":false},"excerpt":{"rendered":"<p>L\u2019alumnat del PFI Salt Vendes organitza la campanya de dinamitzaci\u00f3 PVE Giron\u00e8s Aquest any el grup del PFI PTT de Vendes de Salt ha creat la marca Saltqueting, sota la que treballen en diferents projectes al llarg del curs. Com per exemple el voluntariat al Giroc\u00f2mic, la col\u00b7laboraci\u00f3 en el centre de distribuci\u00f3 d\u2019aliments, la [&hellip;]<\/p>\n","protected":false},"author":1,"featured_media":15211,"comment_status":"open","ping_status":"closed","sticky":false,"template":"","format":"standard","meta":{"_bbp_topic_count":0,"_bbp_reply_count":0,"_bbp_total_topic_count":0,"_bbp_total_reply_count":0,"_bbp_voice_count":0,"_bbp_anonymous_reply_count":0,"_bbp_topic_count_hidden":0,"_bbp_reply_count_hidden":0,"_bbp_forum_subforum_count":0,"site-sidebar-layout":"default","site-content-layout":"","ast-site-content-layout":"","site-content-style":"default","site-sidebar-style":"default","ast-global-header-display":"","ast-banner-title-visibility":"","ast-main-header-display":"","ast-hfb-above-header-display":"","ast-hfb-below-header-display":"","ast-hfb-mobile-header-display":"","site-post-title":"","ast-breadcrumbs-content":"","ast-featured-img":"","footer-sml-layout":"","theme-transparent-header-meta":"","adv-header-id-meta":"","stick-header-meta":"","header-above-stick-meta":"","header-main-stick-meta":"","header-below-stick-meta":"","astra-migrate-meta-layouts":"default","ast-page-background-enabled":"default","ast-page-background-meta":{"desktop":{"background-color":"var(--ast-global-color-4)","background-image":"","background-repeat":"repeat","background-position":"center center","background-size":"auto","background-attachment":"scroll","background-type":"","background-media":"","overlay-type":"","overlay-color":"","overlay-opacity":"","overlay-gradient":""},"tablet":{"background-color":"","background-image":"","background-repeat":"repeat","background-position":"center center","background-size":"auto","background-attachment":"scroll","background-type":"","background-media":"","overlay-type":"","overlay-color":"","overlay-opacity":"","overlay-gradient":""},"mobile":{"background-color":"","background-image":"","background-repeat":"repeat","background-position":"center center","background-size":"auto","background-attachment":"scroll","background-type":"","background-media":"","overlay-type":"","overlay-color":"","overlay-opacity":"","overlay-gradient":""}},"ast-content-background-meta":{"desktop":{"background-color":"var(--ast-global-color-5)","background-image":"","background-repeat":"repeat","background-position":"center center","background-size":"auto","background-attachment":"scroll","background-type":"","background-media":"","overlay-type":"","overlay-color":"","overlay-opacity":"","overlay-gradient":""},"tablet":{"background-color":"var(--ast-global-color-5)","background-image":"","background-repeat":"repeat","background-position":"center center","background-size":"auto","background-attachment":"scroll","background-type":"","background-media":"","overlay-type":"","overlay-color":"","overlay-opacity":"","overlay-gradient":""},"mobile":{"background-color":"var(--ast-global-color-5)","background-image":"","background-repeat":"repeat","background-position":"center center","background-size":"auto","background-attachment":"scroll","background-type":"","background-media":"","overlay-type":"","overlay-color":"","overlay-opacity":"","overlay-gradient":""}},"footnotes":""},"categories":[1,29],"tags":[],"class_list":["post-15212","post","type-post","status-publish","format-standard","has-post-thumbnail","hentry","category-general","category-portada"],"post_mailing_queue_ids":[],"_links":{"self":[{"href":"https:\/\/agora.xtec.cat\/inssalvadorsunyer\/wp-json\/wp\/v2\/posts\/15212","targetHints":{"allow":["GET"]}}],"collection":[{"href":"https:\/\/agora.xtec.cat\/inssalvadorsunyer\/wp-json\/wp\/v2\/posts"}],"about":[{"href":"https:\/\/agora.xtec.cat\/inssalvadorsunyer\/wp-json\/wp\/v2\/types\/post"}],"author":[{"embeddable":true,"href":"https:\/\/agora.xtec.cat\/inssalvadorsunyer\/wp-json\/wp\/v2\/users\/1"}],"replies":[{"embeddable":true,"href":"https:\/\/agora.xtec.cat\/inssalvadorsunyer\/wp-json\/wp\/v2\/comments?post=15212"}],"version-history":[{"count":4,"href":"https:\/\/agora.xtec.cat\/inssalvadorsunyer\/wp-json\/wp\/v2\/posts\/15212\/revisions"}],"predecessor-version":[{"id":15216,"href":"https:\/\/agora.xtec.cat\/inssalvadorsunyer\/wp-json\/wp\/v2\/posts\/15212\/revisions\/15216"}],"wp:featuredmedia":[{"embeddable":true,"href":"https:\/\/agora.xtec.cat\/inssalvadorsunyer\/wp-json\/wp\/v2\/media\/15211"}],"wp:attachment":[{"href":"https:\/\/agora.xtec.cat\/inssalvadorsunyer\/wp-json\/wp\/v2\/media?parent=15212"}],"wp:term":[{"taxonomy":"category","embeddable":true,"href":"https:\/\/agora.xtec.cat\/inssalvadorsunyer\/wp-json\/wp\/v2\/categories?post=15212"},{"taxonomy":"post_tag","embeddable":true,"href":"https:\/\/agora.xtec.cat\/inssalvadorsunyer\/wp-json\/wp\/v2\/tags?post=15212"}],"curies":[{"name":"wp","href":"https:\/\/api.w.org\/{rel}","templated":true}]}}