{"id":14814,"date":"2023-04-25T09:50:17","date_gmt":"2023-04-25T07:50:17","guid":{"rendered":"https:\/\/agora.xtec.cat\/inssalvadorsunyer\/?p=14814"},"modified":"2023-04-25T13:22:18","modified_gmt":"2023-04-25T11:22:18","slug":"torneig-de-discurs-oral-escolar-tedis","status":"publish","type":"post","link":"https:\/\/agora.xtec.cat\/inssalvadorsunyer\/general\/torneig-de-discurs-oral-escolar-tedis\/","title":{"rendered":"Torneig de discurs oral escolar TEDIS"},"content":{"rendered":"<p>Dues alumnes de 1r d\u2019ESO, la Jana Pastor i l\u2019Afra Borr\u00e0s, han quedat finalistes del torneig de discurs oral escolar Tedis. El tema del discurs consistia en centrar-se en un dels ODS (Objectius de Desenvolupament Sostenible de l\u2019Agenda 2030), concretament l\u2019ODS16: \u201cPau, just\u00edcia i institucions solid\u00e0ries\u201d. El seu discurs, els ha perm\u00e8s expressar, analitzar i reflexionar en trobar maneres per millorar les relacions entre societats diverses i aconseguir un m\u00f3n m\u00e9s pac\u00edfic, just i solidari.<\/p>\n<p>Hi han posat molta ganes i il.lusi\u00f3, tot demostrant que l\u2019orat\u00f2ria \u00e9s una habilitat imprescindible per comunicar-nos oralment.<\/p>\n<p>Aquest\u00a0<strong>dimecres 26 d&#8217;abril a les 18h a La Farga-Mirasol<\/strong>\u00a0\u00e9s la final de la VII edici\u00f3 del torneig de discurs escolar TEDIS 2023 i l&#8217;entrega de premis dels guanyadors.<\/p>\n<p>Us animem a veure la final per poder continuar aprenent d&#8217;altres joves, agafar idees per l&#8217;any que ve i con\u00e8ixer els premiats d&#8217;aquest any. Podreu veure la\u00a0<strong>FINAL TEDIS 2023<\/strong> al canal de youtube\u00a0<a href=\"https:\/\/www.youtube.com\/channel\/UC8xS2dm10pPMND9e0i7Q9mw\">@impulseducacio<\/a>\u00a0o en el seg\u00fcent enlla\u00e7:\u00a0<a href=\"https:\/\/youtube.com\/live\/UK5mVEinE6M?feature=share\">https:\/\/youtube.com\/live\/UK5mVEinE6M?feature=share<\/a>.<\/p>\n<p>El mateix dimecres 26 d&#8217;abril de 13h a 15h tindrem les votacions pel PREMI DEL P\u00daBLIC, els guanyadors del qual seran aquells que vosaltres h\u00e0giu votat. Al compte d&#8217;Instagram <a href=\"https:\/\/www.instagram.com\/impulseducacio\/?hl=es\">@impulseducacio<\/a> es publicaran els v\u00eddeos dels finalistes d&#8217;aquest any perqu\u00e8 el p\u00fablic pugui votar els discursos que m\u00e9s els agradin. Hi haur\u00e0 un <strong>guanyador per llengua<\/strong>\u00a0(catal\u00e0, castell\u00e0 i angl\u00e8s) i aquest ser\u00e0 el que obtingui m\u00e9s &#8220;<strong>m&#8217;agrada<\/strong>&#8221; en el v\u00eddeo del seu discurs.<\/p>\n<p><strong>RECORDA! Nom\u00e9s es comptaran els &#8220;m&#8217;agrada&#8221; que s&#8217;hagin fet el dimecres 26 d&#8217;abril de 13h a 15h.<\/strong><\/p>\n<table style=\"height: 333px; width: 99.0575%; border-collapse: collapse; border-style: none; border-color: #ffffff;\">\n<tbody>\n<tr style=\"height: 329px;\">\n<td style=\"width: 502.938px; height: 329px;\"><a href=\"https:\/\/agora.xtec.cat\/inssalvadorsunyer\/wp-content\/uploads\/usu1009\/2023\/04\/0.jpg\"><img loading=\"lazy\" decoding=\"async\" class=\"wp-image-14817 aligncenter\" src=\"https:\/\/agora.xtec.cat\/inssalvadorsunyer\/wp-content\/uploads\/usu1009\/2023\/04\/0.jpg\" alt=\"\" width=\"377\" height=\"283\" \/><\/a><\/td>\n<td style=\"width: 301.219px; height: 329px;\"><a href=\"https:\/\/agora.xtec.cat\/inssalvadorsunyer\/wp-content\/uploads\/usu1009\/2023\/04\/TEDIS.png\"><img loading=\"lazy\" decoding=\"async\" class=\"size-full wp-image-14816 aligncenter\" src=\"https:\/\/agora.xtec.cat\/inssalvadorsunyer\/wp-content\/uploads\/usu1009\/2023\/04\/TEDIS.png\" alt=\"\" width=\"201\" height=\"284\" \/><\/a><\/td>\n<td style=\"width: 560.844px; height: 329px;\"><a href=\"https:\/\/agora.xtec.cat\/inssalvadorsunyer\/wp-content\/uploads\/usu1009\/2023\/04\/WhatsApp-Image-2023-04-25-at-09.37.30.jpeg\"><img loading=\"lazy\" decoding=\"async\" class=\"wp-image-14815 aligncenter\" src=\"https:\/\/agora.xtec.cat\/inssalvadorsunyer\/wp-content\/uploads\/usu1009\/2023\/04\/WhatsApp-Image-2023-04-25-at-09.37.30.jpeg\" alt=\"TEDIS\" width=\"307\" height=\"281\" srcset=\"https:\/\/agora.xtec.cat\/inssalvadorsunyer\/wp-content\/uploads\/usu1009\/2023\/04\/WhatsApp-Image-2023-04-25-at-09.37.30.jpeg 1024w, https:\/\/agora.xtec.cat\/inssalvadorsunyer\/wp-content\/uploads\/usu1009\/2023\/04\/WhatsApp-Image-2023-04-25-at-09.37.30-300x275.jpeg 300w, https:\/\/agora.xtec.cat\/inssalvadorsunyer\/wp-content\/uploads\/usu1009\/2023\/04\/WhatsApp-Image-2023-04-25-at-09.37.30-768x704.jpeg 768w\" sizes=\"auto, (max-width: 307px) 100vw, 307px\" \/><\/a><\/td>\n<\/tr>\n<\/tbody>\n<\/table>\n<p><a href=\"https:\/\/agora.xtec.cat\/inssalvadorsunyer\/wp-content\/uploads\/usu1009\/2023\/04\/0.jpg\">\u00a0 \u00a0 <\/a>\u00a0<a href=\"https:\/\/agora.xtec.cat\/inssalvadorsunyer\/wp-content\/uploads\/usu1009\/2023\/04\/TEDIS.png\">\u00a0 \u00a0\u00a0<\/a><\/p>\n<table style=\"border-collapse: collapse; width: 100%;\">\n<tbody>\n<tr>\n<td style=\"width: 50%;\"><iframe loading=\"lazy\" src=\"\/\/www.youtube.com\/embed\/NCg4-QOYLSE\" width=\"560\" height=\"314\" allowfullscreen=\"allowfullscreen\"><\/iframe><\/td>\n<td style=\"width: 50%;\"><iframe loading=\"lazy\" src=\"\/\/www.youtube.com\/embed\/C-pvavcGuuw\" width=\"560\" height=\"314\" allowfullscreen=\"allowfullscreen\"><\/iframe><\/td>\n<\/tr>\n<\/tbody>\n<\/table>\n","protected":false},"excerpt":{"rendered":"<p>Dues alumnes de 1r d\u2019ESO, la Jana Pastor i l\u2019Afra Borr\u00e0s, han quedat finalistes del torneig de discurs oral escolar Tedis. El tema del discurs consistia en centrar-se en un dels ODS (Objectius de Desenvolupament Sostenible de l\u2019Agenda 2030), concretament l\u2019ODS16: \u201cPau, just\u00edcia i institucions solid\u00e0ries\u201d. El seu discurs, els ha perm\u00e8s expressar, analitzar i [&hellip;]<\/p>\n","protected":false},"author":1,"featured_media":14817,"comment_status":"open","ping_status":"closed","sticky":false,"template":"","format":"standard","meta":{"_bbp_topic_count":0,"_bbp_reply_count":0,"_bbp_total_topic_count":0,"_bbp_total_reply_count":0,"_bbp_voice_count":0,"_bbp_anonymous_reply_count":0,"_bbp_topic_count_hidden":0,"_bbp_reply_count_hidden":0,"_bbp_forum_subforum_count":0,"site-sidebar-layout":"default","site-content-layout":"","ast-site-content-layout":"","site-content-style":"default","site-sidebar-style":"default","ast-global-header-display":"","ast-banner-title-visibility":"","ast-main-header-display":"","ast-hfb-above-header-display":"","ast-hfb-below-header-display":"","ast-hfb-mobile-header-display":"","site-post-title":"","ast-breadcrumbs-content":"","ast-featured-img":"","footer-sml-layout":"","theme-transparent-header-meta":"","adv-header-id-meta":"","stick-header-meta":"","header-above-stick-meta":"","header-main-stick-meta":"","header-below-stick-meta":"","astra-migrate-meta-layouts":"default","ast-page-background-enabled":"default","ast-page-background-meta":{"desktop":{"background-color":"var(--ast-global-color-4)","background-image":"","background-repeat":"repeat","background-position":"center center","background-size":"auto","background-attachment":"scroll","background-type":"","background-media":"","overlay-type":"","overlay-color":"","overlay-opacity":"","overlay-gradient":""},"tablet":{"background-color":"","background-image":"","background-repeat":"repeat","background-position":"center center","background-size":"auto","background-attachment":"scroll","background-type":"","background-media":"","overlay-type":"","overlay-color":"","overlay-opacity":"","overlay-gradient":""},"mobile":{"background-color":"","background-image":"","background-repeat":"repeat","background-position":"center center","background-size":"auto","background-attachment":"scroll","background-type":"","background-media":"","overlay-type":"","overlay-color":"","overlay-opacity":"","overlay-gradient":""}},"ast-content-background-meta":{"desktop":{"background-color":"var(--ast-global-color-5)","background-image":"","background-repeat":"repeat","background-position":"center center","background-size":"auto","background-attachment":"scroll","background-type":"","background-media":"","overlay-type":"","overlay-color":"","overlay-opacity":"","overlay-gradient":""},"tablet":{"background-color":"var(--ast-global-color-5)","background-image":"","background-repeat":"repeat","background-position":"center center","background-size":"auto","background-attachment":"scroll","background-type":"","background-media":"","overlay-type":"","overlay-color":"","overlay-opacity":"","overlay-gradient":""},"mobile":{"background-color":"var(--ast-global-color-5)","background-image":"","background-repeat":"repeat","background-position":"center center","background-size":"auto","background-attachment":"scroll","background-type":"","background-media":"","overlay-type":"","overlay-color":"","overlay-opacity":"","overlay-gradient":""}},"footnotes":""},"categories":[1,29],"tags":[],"class_list":["post-14814","post","type-post","status-publish","format-standard","has-post-thumbnail","hentry","category-general","category-portada"],"post_mailing_queue_ids":[],"_links":{"self":[{"href":"https:\/\/agora.xtec.cat\/inssalvadorsunyer\/wp-json\/wp\/v2\/posts\/14814","targetHints":{"allow":["GET"]}}],"collection":[{"href":"https:\/\/agora.xtec.cat\/inssalvadorsunyer\/wp-json\/wp\/v2\/posts"}],"about":[{"href":"https:\/\/agora.xtec.cat\/inssalvadorsunyer\/wp-json\/wp\/v2\/types\/post"}],"author":[{"embeddable":true,"href":"https:\/\/agora.xtec.cat\/inssalvadorsunyer\/wp-json\/wp\/v2\/users\/1"}],"replies":[{"embeddable":true,"href":"https:\/\/agora.xtec.cat\/inssalvadorsunyer\/wp-json\/wp\/v2\/comments?post=14814"}],"version-history":[{"count":4,"href":"https:\/\/agora.xtec.cat\/inssalvadorsunyer\/wp-json\/wp\/v2\/posts\/14814\/revisions"}],"predecessor-version":[{"id":14850,"href":"https:\/\/agora.xtec.cat\/inssalvadorsunyer\/wp-json\/wp\/v2\/posts\/14814\/revisions\/14850"}],"wp:featuredmedia":[{"embeddable":true,"href":"https:\/\/agora.xtec.cat\/inssalvadorsunyer\/wp-json\/wp\/v2\/media\/14817"}],"wp:attachment":[{"href":"https:\/\/agora.xtec.cat\/inssalvadorsunyer\/wp-json\/wp\/v2\/media?parent=14814"}],"wp:term":[{"taxonomy":"category","embeddable":true,"href":"https:\/\/agora.xtec.cat\/inssalvadorsunyer\/wp-json\/wp\/v2\/categories?post=14814"},{"taxonomy":"post_tag","embeddable":true,"href":"https:\/\/agora.xtec.cat\/inssalvadorsunyer\/wp-json\/wp\/v2\/tags?post=14814"}],"curies":[{"name":"wp","href":"https:\/\/api.w.org\/{rel}","templated":true}]}}