{"id":14763,"date":"2023-04-15T10:22:01","date_gmt":"2023-04-15T08:22:01","guid":{"rendered":"https:\/\/agora.xtec.cat\/inssalvadorsunyer\/?p=14763"},"modified":"2023-04-17T15:27:13","modified_gmt":"2023-04-17T13:27:13","slug":"carrer-de-la-inclusio","status":"publish","type":"post","link":"https:\/\/agora.xtec.cat\/inssalvadorsunyer\/general\/carrer-de-la-inclusio\/","title":{"rendered":"CARRER DE LA INCLUSI\u00d3"},"content":{"rendered":"<div dir=\"auto\">\n<p style=\"text-align: justify;\">Aquest curs hem participat en el 39 concurs escolar del Grup Social ONCE, \u201cONCITY, el videojoc que ens fa iguals\u201d i hem apr\u00e8s la import\u00e0ncia de treballar per un m\u00f3n m\u00e9s inclusiu, perqu\u00e8 totes les persones puguin viure en igualtat de condicions. Per aix\u00f2, volem demanar a l\u2019Ajuntament que en Salt existeixi el \u201cCarrer de la Inclusi\u00f3\u201d.<\/p>\n<p style=\"text-align: justify;\">Molts carrers prenen el seu nom de persones o col\u00b7lectius importants, successos hist\u00f2rics rellevants o conceptes significatius, per\u00f2 no trobem cap carrer en el nostre entorn dedicat a la inclusi\u00f3. Creiem que l&#8217;exist\u00e8ncia d&#8217;aquest carrer contribuir\u00e0 a posar el focus en la import\u00e0ncia de la creaci\u00f3 d&#8217;una societat m\u00e9s inclusiva, i convidar\u00e0 a la reflexi\u00f3 de tothom que passi o visqui en ella. Ser\u00e0 un gest que farem l&#8217;Institut Salvador Sunyer i romandr\u00e0 en la nostra localitat. Parlar\u00e0 de la nostra sensibilitat cap a un assumpte tan important. Fem que existeixi!<\/p>\n<p style=\"text-align: justify;\">Amb la vostra signatura podem aconseguir que el CARRER DE LA INCLUSI\u00d3 a Salt sigui una realitat! Uneix-te a la petici\u00f3, COMPARTEIX i SIGNA aqu\u00ed! Farem arribar totes les signatures a l&#8217;Ajuntament. Com m\u00e9s siguem, m\u00e9s a prop estarem d&#8217;aconseguir-ho!<\/p>\n<p><a href=\"https:\/\/www.concursoescolaronce.es\/firmas\/salt\/\">https:\/\/www.concursoescolaronce.es\/firmas\/salt\/<\/a><\/p>\n<p>En aquest segon enlla\u00e7 podeu veure el r\u00e0nquing de peticions:<\/p>\n<p><a href=\"https:\/\/www.concursoescolaronce.es\/calle-inclusion\/\">https:\/\/www.concursoescolaronce.es\/calle-inclusion\/<\/a><\/p>\n<\/div>\n<div dir=\"auto\">Moltes gr\u00e0cies per participar i col\u00b7laborar amb nosaltres en aquest projecte!<\/div>\n<div dir=\"auto\"><\/div>\n<div dir=\"auto\"><a href=\"https:\/\/agora.xtec.cat\/inssalvadorsunyer\/wp-content\/uploads\/usu1009\/2023\/04\/1.jpg\"><img loading=\"lazy\" decoding=\"async\" class=\"wp-image-14762 alignleft\" src=\"https:\/\/agora.xtec.cat\/inssalvadorsunyer\/wp-content\/uploads\/usu1009\/2023\/04\/1-1024x768.jpg\" alt=\"\" width=\"348\" height=\"261\" srcset=\"https:\/\/agora.xtec.cat\/inssalvadorsunyer\/wp-content\/uploads\/usu1009\/2023\/04\/1-1024x768.jpg 1024w, https:\/\/agora.xtec.cat\/inssalvadorsunyer\/wp-content\/uploads\/usu1009\/2023\/04\/1-300x225.jpg 300w, https:\/\/agora.xtec.cat\/inssalvadorsunyer\/wp-content\/uploads\/usu1009\/2023\/04\/1-768x576.jpg 768w, https:\/\/agora.xtec.cat\/inssalvadorsunyer\/wp-content\/uploads\/usu1009\/2023\/04\/1-1536x1152.jpg 1536w, https:\/\/agora.xtec.cat\/inssalvadorsunyer\/wp-content\/uploads\/usu1009\/2023\/04\/1-200x150.jpg 200w, https:\/\/agora.xtec.cat\/inssalvadorsunyer\/wp-content\/uploads\/usu1009\/2023\/04\/1.jpg 1600w\" sizes=\"auto, (max-width: 348px) 100vw, 348px\" \/><\/a><a href=\"https:\/\/agora.xtec.cat\/inssalvadorsunyer\/wp-content\/uploads\/usu1009\/2023\/04\/2.jpg\"><img loading=\"lazy\" decoding=\"async\" class=\"wp-image-14761 alignright\" src=\"https:\/\/agora.xtec.cat\/inssalvadorsunyer\/wp-content\/uploads\/usu1009\/2023\/04\/2-1024x768.jpg\" alt=\"\" width=\"350\" height=\"262\" srcset=\"https:\/\/agora.xtec.cat\/inssalvadorsunyer\/wp-content\/uploads\/usu1009\/2023\/04\/2-1024x768.jpg 1024w, https:\/\/agora.xtec.cat\/inssalvadorsunyer\/wp-content\/uploads\/usu1009\/2023\/04\/2-300x225.jpg 300w, https:\/\/agora.xtec.cat\/inssalvadorsunyer\/wp-content\/uploads\/usu1009\/2023\/04\/2-768x576.jpg 768w, https:\/\/agora.xtec.cat\/inssalvadorsunyer\/wp-content\/uploads\/usu1009\/2023\/04\/2-1536x1152.jpg 1536w, https:\/\/agora.xtec.cat\/inssalvadorsunyer\/wp-content\/uploads\/usu1009\/2023\/04\/2-200x150.jpg 200w, https:\/\/agora.xtec.cat\/inssalvadorsunyer\/wp-content\/uploads\/usu1009\/2023\/04\/2.jpg 1600w\" sizes=\"auto, (max-width: 350px) 100vw, 350px\" \/><\/a><\/div>\n","protected":false},"excerpt":{"rendered":"<p>Aquest curs hem participat en el 39 concurs escolar del Grup Social ONCE, \u201cONCITY, el videojoc que ens fa iguals\u201d i hem apr\u00e8s la import\u00e0ncia de treballar per un m\u00f3n m\u00e9s inclusiu, perqu\u00e8 totes les persones puguin viure en igualtat de condicions. Per aix\u00f2, volem demanar a l\u2019Ajuntament que en Salt existeixi el \u201cCarrer de [&hellip;]<\/p>\n","protected":false},"author":1,"featured_media":14762,"comment_status":"open","ping_status":"closed","sticky":false,"template":"","format":"standard","meta":{"_bbp_topic_count":0,"_bbp_reply_count":0,"_bbp_total_topic_count":0,"_bbp_total_reply_count":0,"_bbp_voice_count":0,"_bbp_anonymous_reply_count":0,"_bbp_topic_count_hidden":0,"_bbp_reply_count_hidden":0,"_bbp_forum_subforum_count":0,"site-sidebar-layout":"default","site-content-layout":"","ast-site-content-layout":"","site-content-style":"default","site-sidebar-style":"default","ast-global-header-display":"","ast-banner-title-visibility":"","ast-main-header-display":"","ast-hfb-above-header-display":"","ast-hfb-below-header-display":"","ast-hfb-mobile-header-display":"","site-post-title":"","ast-breadcrumbs-content":"","ast-featured-img":"","footer-sml-layout":"","theme-transparent-header-meta":"","adv-header-id-meta":"","stick-header-meta":"","header-above-stick-meta":"","header-main-stick-meta":"","header-below-stick-meta":"","astra-migrate-meta-layouts":"default","ast-page-background-enabled":"default","ast-page-background-meta":{"desktop":{"background-color":"var(--ast-global-color-4)","background-image":"","background-repeat":"repeat","background-position":"center center","background-size":"auto","background-attachment":"scroll","background-type":"","background-media":"","overlay-type":"","overlay-color":"","overlay-opacity":"","overlay-gradient":""},"tablet":{"background-color":"","background-image":"","background-repeat":"repeat","background-position":"center center","background-size":"auto","background-attachment":"scroll","background-type":"","background-media":"","overlay-type":"","overlay-color":"","overlay-opacity":"","overlay-gradient":""},"mobile":{"background-color":"","background-image":"","background-repeat":"repeat","background-position":"center center","background-size":"auto","background-attachment":"scroll","background-type":"","background-media":"","overlay-type":"","overlay-color":"","overlay-opacity":"","overlay-gradient":""}},"ast-content-background-meta":{"desktop":{"background-color":"var(--ast-global-color-5)","background-image":"","background-repeat":"repeat","background-position":"center center","background-size":"auto","background-attachment":"scroll","background-type":"","background-media":"","overlay-type":"","overlay-color":"","overlay-opacity":"","overlay-gradient":""},"tablet":{"background-color":"var(--ast-global-color-5)","background-image":"","background-repeat":"repeat","background-position":"center center","background-size":"auto","background-attachment":"scroll","background-type":"","background-media":"","overlay-type":"","overlay-color":"","overlay-opacity":"","overlay-gradient":""},"mobile":{"background-color":"var(--ast-global-color-5)","background-image":"","background-repeat":"repeat","background-position":"center center","background-size":"auto","background-attachment":"scroll","background-type":"","background-media":"","overlay-type":"","overlay-color":"","overlay-opacity":"","overlay-gradient":""}},"footnotes":""},"categories":[1,29],"tags":[],"class_list":["post-14763","post","type-post","status-publish","format-standard","has-post-thumbnail","hentry","category-general","category-portada"],"post_mailing_queue_ids":[],"_links":{"self":[{"href":"https:\/\/agora.xtec.cat\/inssalvadorsunyer\/wp-json\/wp\/v2\/posts\/14763","targetHints":{"allow":["GET"]}}],"collection":[{"href":"https:\/\/agora.xtec.cat\/inssalvadorsunyer\/wp-json\/wp\/v2\/posts"}],"about":[{"href":"https:\/\/agora.xtec.cat\/inssalvadorsunyer\/wp-json\/wp\/v2\/types\/post"}],"author":[{"embeddable":true,"href":"https:\/\/agora.xtec.cat\/inssalvadorsunyer\/wp-json\/wp\/v2\/users\/1"}],"replies":[{"embeddable":true,"href":"https:\/\/agora.xtec.cat\/inssalvadorsunyer\/wp-json\/wp\/v2\/comments?post=14763"}],"version-history":[{"count":4,"href":"https:\/\/agora.xtec.cat\/inssalvadorsunyer\/wp-json\/wp\/v2\/posts\/14763\/revisions"}],"predecessor-version":[{"id":14774,"href":"https:\/\/agora.xtec.cat\/inssalvadorsunyer\/wp-json\/wp\/v2\/posts\/14763\/revisions\/14774"}],"wp:featuredmedia":[{"embeddable":true,"href":"https:\/\/agora.xtec.cat\/inssalvadorsunyer\/wp-json\/wp\/v2\/media\/14762"}],"wp:attachment":[{"href":"https:\/\/agora.xtec.cat\/inssalvadorsunyer\/wp-json\/wp\/v2\/media?parent=14763"}],"wp:term":[{"taxonomy":"category","embeddable":true,"href":"https:\/\/agora.xtec.cat\/inssalvadorsunyer\/wp-json\/wp\/v2\/categories?post=14763"},{"taxonomy":"post_tag","embeddable":true,"href":"https:\/\/agora.xtec.cat\/inssalvadorsunyer\/wp-json\/wp\/v2\/tags?post=14763"}],"curies":[{"name":"wp","href":"https:\/\/api.w.org\/{rel}","templated":true}]}}