{"id":14743,"date":"2023-03-22T12:14:09","date_gmt":"2023-03-22T11:14:09","guid":{"rendered":"https:\/\/agora.xtec.cat\/inssalvadorsunyer\/?p=14743"},"modified":"2023-03-28T13:53:45","modified_gmt":"2023-03-28T11:53:45","slug":"portes-obertes-cfgm-2023","status":"publish","type":"post","link":"https:\/\/agora.xtec.cat\/inssalvadorsunyer\/portada\/portes-obertes-cfgm-2023\/","title":{"rendered":"PORTES OBERTES CFGM 2023"},"content":{"rendered":"<p style=\"text-align: center;\"><a href=\"https:\/\/agora.xtec.cat\/inssalvadorsunyer\/wp-content\/uploads\/usu1009\/2023\/03\/1679434218964-1-3.png\"><img loading=\"lazy\" decoding=\"async\" class=\"alignnone wp-image-14735\" src=\"https:\/\/agora.xtec.cat\/inssalvadorsunyer\/wp-content\/uploads\/usu1009\/2023\/03\/1679434218964-1-3-1024x724.png\" alt=\"\" width=\"758\" height=\"536\" srcset=\"https:\/\/agora.xtec.cat\/inssalvadorsunyer\/wp-content\/uploads\/usu1009\/2023\/03\/1679434218964-1-3-1024x724.png 1024w, https:\/\/agora.xtec.cat\/inssalvadorsunyer\/wp-content\/uploads\/usu1009\/2023\/03\/1679434218964-1-3-300x212.png 300w, https:\/\/agora.xtec.cat\/inssalvadorsunyer\/wp-content\/uploads\/usu1009\/2023\/03\/1679434218964-1-3-768x543.png 768w, https:\/\/agora.xtec.cat\/inssalvadorsunyer\/wp-content\/uploads\/usu1009\/2023\/03\/1679434218964-1-3-1536x1086.png 1536w, https:\/\/agora.xtec.cat\/inssalvadorsunyer\/wp-content\/uploads\/usu1009\/2023\/03\/1679434218964-1-3-2048x1448.png 2048w\" sizes=\"auto, (max-width: 758px) 100vw, 758px\" \/><\/a><\/p>\n<h3 style=\"text-align: center;\"><b>EL PER\u00cdODE DE PREINSCRIPCI\u00d3 SER\u00c0 EL SEG\u00dcENT:<\/b><\/h3>\n<p style=\"text-align: center;\"><span style=\"font-weight: 400;\">L\u2019oferta inicial de places ser\u00e0 el dia 11 d\u2019abril.<\/span><\/p>\n<p style=\"text-align: center;\"><span style=\"font-weight: 400;\">La preinscripci\u00f3 de l\u2019alumnat amb continu\u00eftat d\u2019escolaritzaci\u00f3: del 12 al 18 d\u2019abril.<\/span><\/p>\n<p style=\"text-align: center;\"><span style=\"font-weight: 400;\">La preinscripci\u00f3 per la resta de l\u2019alumnat: del 9 al 15 de maig.<\/span><\/p>\n<p style=\"text-align: center;\"><span style=\"font-weight: 400;\">INSTRUCCIONS DE LA PREINSCRIPCI\u00d3 A LA WEB DEL DEPARTAMENT:\u00a0<\/span><\/p>\n<p style=\"text-align: center;\"><a href=\"https:\/\/preinscripcio.gencat.cat\/ca\/estudis\/fp-grau-mitja\/inici\/\"><span style=\"font-weight: 400;\">https:\/\/preinscripcio.gencat.cat\/ca\/estudis\/fp-grau-mitja\/inici\/<\/span><\/a><\/p>\n<p>&nbsp;<\/p>\n<p>VIDEO <a href=\"https:\/\/drive.google.com\/file\/d\/1F-66_HVQMF4kQd751AxUkxB1jVM_tWQb\/view?usp=share_link\">PORTES OBERTES<\/a><\/p>\n<p style=\"text-align: center;\">\n","protected":false},"excerpt":{"rendered":"<p>EL PER\u00cdODE DE PREINSCRIPCI\u00d3 SER\u00c0 EL SEG\u00dcENT: L\u2019oferta inicial de places ser\u00e0 el dia 11 d\u2019abril. La preinscripci\u00f3 de l\u2019alumnat amb continu\u00eftat d\u2019escolaritzaci\u00f3: del 12 al 18 d\u2019abril. La preinscripci\u00f3 per la resta de l\u2019alumnat: del 9 al 15 de maig. INSTRUCCIONS DE LA PREINSCRIPCI\u00d3 A LA WEB DEL DEPARTAMENT:\u00a0 https:\/\/preinscripcio.gencat.cat\/ca\/estudis\/fp-grau-mitja\/inici\/ &nbsp; VIDEO PORTES OBERTES<\/p>\n","protected":false},"author":1,"featured_media":0,"comment_status":"open","ping_status":"closed","sticky":false,"template":"","format":"standard","meta":{"_bbp_topic_count":0,"_bbp_reply_count":0,"_bbp_total_topic_count":0,"_bbp_total_reply_count":0,"_bbp_voice_count":0,"_bbp_anonymous_reply_count":0,"_bbp_topic_count_hidden":0,"_bbp_reply_count_hidden":0,"_bbp_forum_subforum_count":0,"site-sidebar-layout":"default","site-content-layout":"","ast-site-content-layout":"","site-content-style":"default","site-sidebar-style":"default","ast-global-header-display":"","ast-banner-title-visibility":"","ast-main-header-display":"","ast-hfb-above-header-display":"","ast-hfb-below-header-display":"","ast-hfb-mobile-header-display":"","site-post-title":"","ast-breadcrumbs-content":"","ast-featured-img":"","footer-sml-layout":"","theme-transparent-header-meta":"","adv-header-id-meta":"","stick-header-meta":"","header-above-stick-meta":"","header-main-stick-meta":"","header-below-stick-meta":"","astra-migrate-meta-layouts":"default","ast-page-background-enabled":"default","ast-page-background-meta":{"desktop":{"background-color":"var(--ast-global-color-4)","background-image":"","background-repeat":"repeat","background-position":"center center","background-size":"auto","background-attachment":"scroll","background-type":"","background-media":"","overlay-type":"","overlay-color":"","overlay-opacity":"","overlay-gradient":""},"tablet":{"background-color":"","background-image":"","background-repeat":"repeat","background-position":"center center","background-size":"auto","background-attachment":"scroll","background-type":"","background-media":"","overlay-type":"","overlay-color":"","overlay-opacity":"","overlay-gradient":""},"mobile":{"background-color":"","background-image":"","background-repeat":"repeat","background-position":"center center","background-size":"auto","background-attachment":"scroll","background-type":"","background-media":"","overlay-type":"","overlay-color":"","overlay-opacity":"","overlay-gradient":""}},"ast-content-background-meta":{"desktop":{"background-color":"var(--ast-global-color-5)","background-image":"","background-repeat":"repeat","background-position":"center center","background-size":"auto","background-attachment":"scroll","background-type":"","background-media":"","overlay-type":"","overlay-color":"","overlay-opacity":"","overlay-gradient":""},"tablet":{"background-color":"var(--ast-global-color-5)","background-image":"","background-repeat":"repeat","background-position":"center center","background-size":"auto","background-attachment":"scroll","background-type":"","background-media":"","overlay-type":"","overlay-color":"","overlay-opacity":"","overlay-gradient":""},"mobile":{"background-color":"var(--ast-global-color-5)","background-image":"","background-repeat":"repeat","background-position":"center center","background-size":"auto","background-attachment":"scroll","background-type":"","background-media":"","overlay-type":"","overlay-color":"","overlay-opacity":"","overlay-gradient":""}},"footnotes":""},"categories":[29],"tags":[],"class_list":["post-14743","post","type-post","status-publish","format-standard","hentry","category-portada"],"post_mailing_queue_ids":[],"_links":{"self":[{"href":"https:\/\/agora.xtec.cat\/inssalvadorsunyer\/wp-json\/wp\/v2\/posts\/14743","targetHints":{"allow":["GET"]}}],"collection":[{"href":"https:\/\/agora.xtec.cat\/inssalvadorsunyer\/wp-json\/wp\/v2\/posts"}],"about":[{"href":"https:\/\/agora.xtec.cat\/inssalvadorsunyer\/wp-json\/wp\/v2\/types\/post"}],"author":[{"embeddable":true,"href":"https:\/\/agora.xtec.cat\/inssalvadorsunyer\/wp-json\/wp\/v2\/users\/1"}],"replies":[{"embeddable":true,"href":"https:\/\/agora.xtec.cat\/inssalvadorsunyer\/wp-json\/wp\/v2\/comments?post=14743"}],"version-history":[{"count":4,"href":"https:\/\/agora.xtec.cat\/inssalvadorsunyer\/wp-json\/wp\/v2\/posts\/14743\/revisions"}],"predecessor-version":[{"id":14751,"href":"https:\/\/agora.xtec.cat\/inssalvadorsunyer\/wp-json\/wp\/v2\/posts\/14743\/revisions\/14751"}],"wp:attachment":[{"href":"https:\/\/agora.xtec.cat\/inssalvadorsunyer\/wp-json\/wp\/v2\/media?parent=14743"}],"wp:term":[{"taxonomy":"category","embeddable":true,"href":"https:\/\/agora.xtec.cat\/inssalvadorsunyer\/wp-json\/wp\/v2\/categories?post=14743"},{"taxonomy":"post_tag","embeddable":true,"href":"https:\/\/agora.xtec.cat\/inssalvadorsunyer\/wp-json\/wp\/v2\/tags?post=14743"}],"curies":[{"name":"wp","href":"https:\/\/api.w.org\/{rel}","templated":true}]}}