{"id":13880,"date":"2022-03-04T12:06:11","date_gmt":"2022-03-04T11:06:11","guid":{"rendered":"https:\/\/agora.xtec.cat\/inssalvadorsunyer\/?p=13880"},"modified":"2022-03-04T14:23:48","modified_gmt":"2022-03-04T13:23:48","slug":"avui-04-03-22-a-les-1800-presentacio-visual-del-projecte-de-lafa-cuina-saltenca-davui","status":"publish","type":"post","link":"https:\/\/agora.xtec.cat\/inssalvadorsunyer\/general\/avui-04-03-22-a-les-1800-presentacio-visual-del-projecte-de-lafa-cuina-saltenca-davui\/","title":{"rendered":"Avui, 04\/03\/22, a les 18:00 presentaci\u00f3 visual del projecte de l&#8217;AFA: &#8220;Cuina saltenca d&#8217;avui&#8221;"},"content":{"rendered":"<h3><a href=\"https:\/\/agora.xtec.cat\/inssalvadorsunyer\/linstitut\/ampa\/cuina-saltenca-davui\/\"><img loading=\"lazy\" decoding=\"async\" class=\"wp-image-13677 alignleft\" src=\"https:\/\/agora.xtec.cat\/inssalvadorsunyer\/wp-content\/uploads\/usu1009\/2022\/02\/portada-e1645986984885-993x1024.png\" alt=\"\" width=\"298\" height=\"307\" srcset=\"https:\/\/agora.xtec.cat\/inssalvadorsunyer\/wp-content\/uploads\/usu1009\/2022\/02\/portada-e1645986984885-993x1024.png 993w, https:\/\/agora.xtec.cat\/inssalvadorsunyer\/wp-content\/uploads\/usu1009\/2022\/02\/portada-e1645986984885-291x300.png 291w, https:\/\/agora.xtec.cat\/inssalvadorsunyer\/wp-content\/uploads\/usu1009\/2022\/02\/portada-e1645986984885-768x792.png 768w, https:\/\/agora.xtec.cat\/inssalvadorsunyer\/wp-content\/uploads\/usu1009\/2022\/02\/portada-e1645986984885-1489x1536.png 1489w, https:\/\/agora.xtec.cat\/inssalvadorsunyer\/wp-content\/uploads\/usu1009\/2022\/02\/portada-e1645986984885-1986x2048.png 1986w\" sizes=\"auto, (max-width: 298px) 100vw, 298px\" \/><\/a><\/h3>\n<h3>Us donem la benvinguda a aquest projecte participatiu de les fam\u00edlies de Sunyer!<\/h3>\n<p><strong>Un recull de receptes bon\u00edssimes elaborades per les fam\u00edlies de l\u2019Institut. Una cuina que es fa a moltes cases del nostre poble, la saltenca d\u2019avui!<\/strong><\/p>\n<blockquote><p>Descarrega\u2019t totes les r<strong>eceptes en PDF:<\/strong><br \/>\n<a href=\"https:\/\/agora.xtec.cat\/inssalvadorsunyer\/wp-content\/uploads\/usu1009\/2022\/03\/receptes-cuinaSaltencadAvui-AFA-Institut-Sunyer.pdf\"><strong>Receptes-cuinaSaltencadAvui-AFA-Institut-Sunyer.pdf<\/strong><\/a><\/p><\/blockquote>\n<p>&nbsp;<\/p>\n<p>&nbsp;<\/p>\n<p>&nbsp;<\/p>\n","protected":false},"excerpt":{"rendered":"<p>Us donem la benvinguda a aquest projecte participatiu de les fam\u00edlies de Sunyer! Un recull de receptes bon\u00edssimes elaborades per les fam\u00edlies de l\u2019Institut. Una cuina que es fa a moltes cases del nostre poble, la saltenca d\u2019avui! Descarrega\u2019t totes les receptes en PDF: Receptes-cuinaSaltencadAvui-AFA-Institut-Sunyer.pdf &nbsp; &nbsp; &nbsp;<\/p>\n","protected":false},"author":1,"featured_media":0,"comment_status":"open","ping_status":"closed","sticky":false,"template":"","format":"standard","meta":{"_bbp_topic_count":0,"_bbp_reply_count":0,"_bbp_total_topic_count":0,"_bbp_total_reply_count":0,"_bbp_voice_count":0,"_bbp_anonymous_reply_count":0,"_bbp_topic_count_hidden":0,"_bbp_reply_count_hidden":0,"_bbp_forum_subforum_count":0,"site-sidebar-layout":"default","site-content-layout":"","ast-site-content-layout":"","site-content-style":"default","site-sidebar-style":"default","ast-global-header-display":"","ast-banner-title-visibility":"","ast-main-header-display":"","ast-hfb-above-header-display":"","ast-hfb-below-header-display":"","ast-hfb-mobile-header-display":"","site-post-title":"","ast-breadcrumbs-content":"","ast-featured-img":"","footer-sml-layout":"","theme-transparent-header-meta":"","adv-header-id-meta":"","stick-header-meta":"","header-above-stick-meta":"","header-main-stick-meta":"","header-below-stick-meta":"","astra-migrate-meta-layouts":"default","ast-page-background-enabled":"default","ast-page-background-meta":{"desktop":{"background-color":"var(--ast-global-color-4)","background-image":"","background-repeat":"repeat","background-position":"center center","background-size":"auto","background-attachment":"scroll","background-type":"","background-media":"","overlay-type":"","overlay-color":"","overlay-opacity":"","overlay-gradient":""},"tablet":{"background-color":"","background-image":"","background-repeat":"repeat","background-position":"center center","background-size":"auto","background-attachment":"scroll","background-type":"","background-media":"","overlay-type":"","overlay-color":"","overlay-opacity":"","overlay-gradient":""},"mobile":{"background-color":"","background-image":"","background-repeat":"repeat","background-position":"center center","background-size":"auto","background-attachment":"scroll","background-type":"","background-media":"","overlay-type":"","overlay-color":"","overlay-opacity":"","overlay-gradient":""}},"ast-content-background-meta":{"desktop":{"background-color":"var(--ast-global-color-5)","background-image":"","background-repeat":"repeat","background-position":"center center","background-size":"auto","background-attachment":"scroll","background-type":"","background-media":"","overlay-type":"","overlay-color":"","overlay-opacity":"","overlay-gradient":""},"tablet":{"background-color":"var(--ast-global-color-5)","background-image":"","background-repeat":"repeat","background-position":"center center","background-size":"auto","background-attachment":"scroll","background-type":"","background-media":"","overlay-type":"","overlay-color":"","overlay-opacity":"","overlay-gradient":""},"mobile":{"background-color":"var(--ast-global-color-5)","background-image":"","background-repeat":"repeat","background-position":"center center","background-size":"auto","background-attachment":"scroll","background-type":"","background-media":"","overlay-type":"","overlay-color":"","overlay-opacity":"","overlay-gradient":""}},"footnotes":""},"categories":[1,29],"tags":[],"class_list":["post-13880","post","type-post","status-publish","format-standard","hentry","category-general","category-portada"],"post_mailing_queue_ids":[],"_links":{"self":[{"href":"https:\/\/agora.xtec.cat\/inssalvadorsunyer\/wp-json\/wp\/v2\/posts\/13880","targetHints":{"allow":["GET"]}}],"collection":[{"href":"https:\/\/agora.xtec.cat\/inssalvadorsunyer\/wp-json\/wp\/v2\/posts"}],"about":[{"href":"https:\/\/agora.xtec.cat\/inssalvadorsunyer\/wp-json\/wp\/v2\/types\/post"}],"author":[{"embeddable":true,"href":"https:\/\/agora.xtec.cat\/inssalvadorsunyer\/wp-json\/wp\/v2\/users\/1"}],"replies":[{"embeddable":true,"href":"https:\/\/agora.xtec.cat\/inssalvadorsunyer\/wp-json\/wp\/v2\/comments?post=13880"}],"version-history":[{"count":2,"href":"https:\/\/agora.xtec.cat\/inssalvadorsunyer\/wp-json\/wp\/v2\/posts\/13880\/revisions"}],"predecessor-version":[{"id":13882,"href":"https:\/\/agora.xtec.cat\/inssalvadorsunyer\/wp-json\/wp\/v2\/posts\/13880\/revisions\/13882"}],"wp:attachment":[{"href":"https:\/\/agora.xtec.cat\/inssalvadorsunyer\/wp-json\/wp\/v2\/media?parent=13880"}],"wp:term":[{"taxonomy":"category","embeddable":true,"href":"https:\/\/agora.xtec.cat\/inssalvadorsunyer\/wp-json\/wp\/v2\/categories?post=13880"},{"taxonomy":"post_tag","embeddable":true,"href":"https:\/\/agora.xtec.cat\/inssalvadorsunyer\/wp-json\/wp\/v2\/tags?post=13880"}],"curies":[{"name":"wp","href":"https:\/\/api.w.org\/{rel}","templated":true}]}}