{"id":12413,"date":"2021-06-08T09:15:18","date_gmt":"2021-06-08T07:15:18","guid":{"rendered":"http:\/\/agora.xtec.cat\/inssalvadorsunyer\/?p=12413"},"modified":"2021-06-17T13:59:22","modified_gmt":"2021-06-17T11:59:22","slug":"per-sempre","status":"publish","type":"post","link":"https:\/\/agora.xtec.cat\/inssalvadorsunyer\/general\/per-sempre\/","title":{"rendered":"PER SEMPRE!"},"content":{"rendered":"<p>&nbsp;<\/p>\n<table style=\"height: 375px; width: 884px; border-style: none; border-color: #fcfcfc; background-color: #fcfcfc;\" width=\"1028\">\n<tbody>\n<tr style=\"height: 375px;\">\n<td style=\"width: 165.933px; height: 375px;\"><a href=\"https:\/\/agora.xtec.cat\/inssalvadorsunyer\/wp-content\/uploads\/usu1009\/2021\/06\/IMG-20210608-WA0000.jpg\"><img loading=\"lazy\" decoding=\"async\" class=\"wp-image-12417 aligncenter\" src=\"https:\/\/agora.xtec.cat\/inssalvadorsunyer\/wp-content\/uploads\/usu1009\/2021\/06\/IMG-20210608-WA0000-169x300.jpg\" alt=\"\" width=\"193\" height=\"342\" srcset=\"https:\/\/agora.xtec.cat\/inssalvadorsunyer\/wp-content\/uploads\/usu1009\/2021\/06\/IMG-20210608-WA0000-169x300.jpg 169w, https:\/\/agora.xtec.cat\/inssalvadorsunyer\/wp-content\/uploads\/usu1009\/2021\/06\/IMG-20210608-WA0000.jpg 576w\" sizes=\"auto, (max-width: 193px) 100vw, 193px\" \/><\/a><\/td>\n<td style=\"width: 712.067px; height: 375px;\">\n<h4>El Centre est\u00e0 de dol. Ahir ens va dir l\u2019\u00faltim ad\u00e9u la nostra estimada Cap d\u2019estudis, Magda Jim\u00e9nez. La Comunitat Sunyer voldria agrair p\u00fablicament la seva dedicaci\u00f3 d\u2019onze anys de servei al capdavant de la gesti\u00f3 di\u00e0ria del centre.<\/h4>\n<h4>Ens agradaria que pogu\u00e9s sentir l\u2019escalf de les emocions, les abra\u00e7ades, els petons i els records que ens envaeixen a tots plegats.<\/h4>\n<h4>Descansi en Pau.<\/h4>\n<p><a href=\"https:\/\/agora.xtec.cat\/inssalvadorsunyer\/wp-content\/uploads\/usu1009\/2021\/06\/istockphoto-1155597374-1024x1024-e1623136386750.jpg\"><img loading=\"lazy\" decoding=\"async\" class=\"wp-image-12426 aligncenter\" src=\"https:\/\/agora.xtec.cat\/inssalvadorsunyer\/wp-content\/uploads\/usu1009\/2021\/06\/istockphoto-1155597374-1024x1024-e1623136386750-1024x240.jpg\" alt=\"\" width=\"555\" height=\"130\" srcset=\"https:\/\/agora.xtec.cat\/inssalvadorsunyer\/wp-content\/uploads\/usu1009\/2021\/06\/istockphoto-1155597374-1024x1024-e1623136386750.jpg 1024w, https:\/\/agora.xtec.cat\/inssalvadorsunyer\/wp-content\/uploads\/usu1009\/2021\/06\/istockphoto-1155597374-1024x1024-e1623136386750-300x70.jpg 300w, https:\/\/agora.xtec.cat\/inssalvadorsunyer\/wp-content\/uploads\/usu1009\/2021\/06\/istockphoto-1155597374-1024x1024-e1623136386750-768x180.jpg 768w\" sizes=\"auto, (max-width: 555px) 100vw, 555px\" \/><\/a><\/td>\n<\/tr>\n<\/tbody>\n<\/table>\n<p>&nbsp;<\/p>\n<p>&nbsp;<\/p>\n","protected":false},"excerpt":{"rendered":"<p>&nbsp; El Centre est\u00e0 de dol. Ahir ens va dir l\u2019\u00faltim ad\u00e9u la nostra estimada Cap d\u2019estudis, Magda Jim\u00e9nez. La Comunitat Sunyer voldria agrair p\u00fablicament la seva dedicaci\u00f3 d\u2019onze anys de servei al capdavant de la gesti\u00f3 di\u00e0ria del centre. Ens agradaria que pogu\u00e9s sentir l\u2019escalf de les emocions, les abra\u00e7ades, els petons i els [&hellip;]<\/p>\n","protected":false},"author":1,"featured_media":0,"comment_status":"open","ping_status":"closed","sticky":false,"template":"","format":"standard","meta":{"_bbp_topic_count":0,"_bbp_reply_count":0,"_bbp_total_topic_count":0,"_bbp_total_reply_count":0,"_bbp_voice_count":0,"_bbp_anonymous_reply_count":0,"_bbp_topic_count_hidden":0,"_bbp_reply_count_hidden":0,"_bbp_forum_subforum_count":0,"site-sidebar-layout":"default","site-content-layout":"","ast-site-content-layout":"","site-content-style":"default","site-sidebar-style":"default","ast-global-header-display":"","ast-banner-title-visibility":"","ast-main-header-display":"","ast-hfb-above-header-display":"","ast-hfb-below-header-display":"","ast-hfb-mobile-header-display":"","site-post-title":"","ast-breadcrumbs-content":"","ast-featured-img":"","footer-sml-layout":"","theme-transparent-header-meta":"","adv-header-id-meta":"","stick-header-meta":"","header-above-stick-meta":"","header-main-stick-meta":"","header-below-stick-meta":"","astra-migrate-meta-layouts":"default","ast-page-background-enabled":"default","ast-page-background-meta":{"desktop":{"background-color":"var(--ast-global-color-4)","background-image":"","background-repeat":"repeat","background-position":"center center","background-size":"auto","background-attachment":"scroll","background-type":"","background-media":"","overlay-type":"","overlay-color":"","overlay-opacity":"","overlay-gradient":""},"tablet":{"background-color":"","background-image":"","background-repeat":"repeat","background-position":"center center","background-size":"auto","background-attachment":"scroll","background-type":"","background-media":"","overlay-type":"","overlay-color":"","overlay-opacity":"","overlay-gradient":""},"mobile":{"background-color":"","background-image":"","background-repeat":"repeat","background-position":"center center","background-size":"auto","background-attachment":"scroll","background-type":"","background-media":"","overlay-type":"","overlay-color":"","overlay-opacity":"","overlay-gradient":""}},"ast-content-background-meta":{"desktop":{"background-color":"var(--ast-global-color-5)","background-image":"","background-repeat":"repeat","background-position":"center center","background-size":"auto","background-attachment":"scroll","background-type":"","background-media":"","overlay-type":"","overlay-color":"","overlay-opacity":"","overlay-gradient":""},"tablet":{"background-color":"var(--ast-global-color-5)","background-image":"","background-repeat":"repeat","background-position":"center center","background-size":"auto","background-attachment":"scroll","background-type":"","background-media":"","overlay-type":"","overlay-color":"","overlay-opacity":"","overlay-gradient":""},"mobile":{"background-color":"var(--ast-global-color-5)","background-image":"","background-repeat":"repeat","background-position":"center center","background-size":"auto","background-attachment":"scroll","background-type":"","background-media":"","overlay-type":"","overlay-color":"","overlay-opacity":"","overlay-gradient":""}},"footnotes":""},"categories":[1,29],"tags":[],"class_list":["post-12413","post","type-post","status-publish","format-standard","hentry","category-general","category-portada"],"post_mailing_queue_ids":[],"_links":{"self":[{"href":"https:\/\/agora.xtec.cat\/inssalvadorsunyer\/wp-json\/wp\/v2\/posts\/12413","targetHints":{"allow":["GET"]}}],"collection":[{"href":"https:\/\/agora.xtec.cat\/inssalvadorsunyer\/wp-json\/wp\/v2\/posts"}],"about":[{"href":"https:\/\/agora.xtec.cat\/inssalvadorsunyer\/wp-json\/wp\/v2\/types\/post"}],"author":[{"embeddable":true,"href":"https:\/\/agora.xtec.cat\/inssalvadorsunyer\/wp-json\/wp\/v2\/users\/1"}],"replies":[{"embeddable":true,"href":"https:\/\/agora.xtec.cat\/inssalvadorsunyer\/wp-json\/wp\/v2\/comments?post=12413"}],"version-history":[{"count":2,"href":"https:\/\/agora.xtec.cat\/inssalvadorsunyer\/wp-json\/wp\/v2\/posts\/12413\/revisions"}],"predecessor-version":[{"id":12430,"href":"https:\/\/agora.xtec.cat\/inssalvadorsunyer\/wp-json\/wp\/v2\/posts\/12413\/revisions\/12430"}],"wp:attachment":[{"href":"https:\/\/agora.xtec.cat\/inssalvadorsunyer\/wp-json\/wp\/v2\/media?parent=12413"}],"wp:term":[{"taxonomy":"category","embeddable":true,"href":"https:\/\/agora.xtec.cat\/inssalvadorsunyer\/wp-json\/wp\/v2\/categories?post=12413"},{"taxonomy":"post_tag","embeddable":true,"href":"https:\/\/agora.xtec.cat\/inssalvadorsunyer\/wp-json\/wp\/v2\/tags?post=12413"}],"curies":[{"name":"wp","href":"https:\/\/api.w.org\/{rel}","templated":true}]}}