{"id":12112,"date":"2021-05-09T21:50:13","date_gmt":"2021-05-09T19:50:13","guid":{"rendered":"http:\/\/agora.xtec.cat\/inssalvadorsunyer\/?p=12112"},"modified":"2021-05-09T21:50:13","modified_gmt":"2021-05-09T19:50:13","slug":"el-sunyer-sactualitza-a-les-xarxes-socials","status":"publish","type":"post","link":"https:\/\/agora.xtec.cat\/inssalvadorsunyer\/general\/el-sunyer-sactualitza-a-les-xarxes-socials\/","title":{"rendered":"EL SUNYER S&#8217;ACTUALITZA A LES XARXES SOCIALS"},"content":{"rendered":"<p style=\"font-weight: 400;\">Bon dia,<\/p>\n<p style=\"font-weight: 400;\">En ple segle XXI les xarxes socials s\u00f3n essencials per a mantenir-nos informats del que passa al nostre entorn. \u00c9s per aix\u00f2 que,\u00a0\u00a0des del centre ens hem decidit a potenciar aquests mitjans de comunicaci\u00f3. Si voleu estar al cas del que es fa a l\u2019Institut Salvador Sunyer, ens podeu seguir a les xarxes i interactuar amb nosaltres. De moment ens trobareu a:<\/p>\n<p style=\"font-weight: 400;\"><strong>INSTAGRAM<\/strong>\u00a0:\u00a0\u00a0<strong>@inssunyer<\/strong><\/p>\n<p style=\"font-weight: 400;\"><strong>TWITTER<\/strong>:\u00a0<strong>@ISunyer<\/strong><\/p>\n<p style=\"font-weight: 400;\"><strong>Mail<\/strong>:\u00a0<a href=\"mailto:rrss@inssalvadorsunyer.cat\">rrss@inssalvadorsunyer.cat<\/a>\u00a0(per a enviar fotos, textos\u00a0\u00a0o idees de publicacions)<\/p>\n<p style=\"font-weight: 400;\">Seguiu-nos!!<\/p>\n<p style=\"font-weight: 400;\">Buenos d\u00edas,<\/p>\n<p style=\"font-weight: 400;\">En pleno siglo XXI las redes sociales son esenciales para mantenernos informados de lo que pasa en nuestro entorno. Es por eso que, des del centro nos hemos decidido a potenciar estos medios de comunicaci\u00f3n. Si quer\u00e9is saber lo que se hace en el Instituto Salvador Sunyer, nos pod\u00e9is seguir en las redes e interactuar con nosotros.\u00a0\u00a0De momento nos encontrar\u00e9is en:<\/p>\n<p style=\"font-weight: 400;\"><strong>INSTAGRAM<\/strong>\u00a0:\u00a0\u00a0@inssunyer<\/p>\n<p style=\"font-weight: 400;\"><strong>TWITTER<\/strong>: @ISunyer<\/p>\n<p style=\"font-weight: 400;\"><strong>Mail<\/strong>:\u00a0<a href=\"mailto:rrss@inssalvadorsunyer.cat\">rrss@inssalvadorsunyer.cat<\/a>\u00a0\u00a0(para enviar fotos, textos o idees de publicaciones)<\/p>\n<p style=\"font-weight: 400;\">Seguidnos!<\/p>\n","protected":false},"excerpt":{"rendered":"<p>Bon dia, En ple segle XXI les xarxes socials s\u00f3n essencials per a mantenir-nos informats del que passa al nostre entorn. \u00c9s per aix\u00f2 que,\u00a0\u00a0des del centre ens hem decidit a potenciar aquests mitjans de comunicaci\u00f3. Si voleu estar al cas del que es fa a l\u2019Institut Salvador Sunyer, ens podeu seguir a les xarxes [&hellip;]<\/p>\n","protected":false},"author":1,"featured_media":0,"comment_status":"open","ping_status":"closed","sticky":false,"template":"","format":"standard","meta":{"_bbp_topic_count":0,"_bbp_reply_count":0,"_bbp_total_topic_count":0,"_bbp_total_reply_count":0,"_bbp_voice_count":0,"_bbp_anonymous_reply_count":0,"_bbp_topic_count_hidden":0,"_bbp_reply_count_hidden":0,"_bbp_forum_subforum_count":0,"site-sidebar-layout":"default","site-content-layout":"","ast-site-content-layout":"","site-content-style":"default","site-sidebar-style":"default","ast-global-header-display":"","ast-banner-title-visibility":"","ast-main-header-display":"","ast-hfb-above-header-display":"","ast-hfb-below-header-display":"","ast-hfb-mobile-header-display":"","site-post-title":"","ast-breadcrumbs-content":"","ast-featured-img":"","footer-sml-layout":"","theme-transparent-header-meta":"","adv-header-id-meta":"","stick-header-meta":"","header-above-stick-meta":"","header-main-stick-meta":"","header-below-stick-meta":"","astra-migrate-meta-layouts":"default","ast-page-background-enabled":"default","ast-page-background-meta":{"desktop":{"background-color":"var(--ast-global-color-4)","background-image":"","background-repeat":"repeat","background-position":"center center","background-size":"auto","background-attachment":"scroll","background-type":"","background-media":"","overlay-type":"","overlay-color":"","overlay-opacity":"","overlay-gradient":""},"tablet":{"background-color":"","background-image":"","background-repeat":"repeat","background-position":"center center","background-size":"auto","background-attachment":"scroll","background-type":"","background-media":"","overlay-type":"","overlay-color":"","overlay-opacity":"","overlay-gradient":""},"mobile":{"background-color":"","background-image":"","background-repeat":"repeat","background-position":"center center","background-size":"auto","background-attachment":"scroll","background-type":"","background-media":"","overlay-type":"","overlay-color":"","overlay-opacity":"","overlay-gradient":""}},"ast-content-background-meta":{"desktop":{"background-color":"var(--ast-global-color-5)","background-image":"","background-repeat":"repeat","background-position":"center center","background-size":"auto","background-attachment":"scroll","background-type":"","background-media":"","overlay-type":"","overlay-color":"","overlay-opacity":"","overlay-gradient":""},"tablet":{"background-color":"var(--ast-global-color-5)","background-image":"","background-repeat":"repeat","background-position":"center center","background-size":"auto","background-attachment":"scroll","background-type":"","background-media":"","overlay-type":"","overlay-color":"","overlay-opacity":"","overlay-gradient":""},"mobile":{"background-color":"var(--ast-global-color-5)","background-image":"","background-repeat":"repeat","background-position":"center center","background-size":"auto","background-attachment":"scroll","background-type":"","background-media":"","overlay-type":"","overlay-color":"","overlay-opacity":"","overlay-gradient":""}},"footnotes":""},"categories":[1,93,29],"tags":[],"class_list":["post-12112","post","type-post","status-publish","format-standard","hentry","category-general","category-institut","category-portada"],"post_mailing_queue_ids":[],"_links":{"self":[{"href":"https:\/\/agora.xtec.cat\/inssalvadorsunyer\/wp-json\/wp\/v2\/posts\/12112","targetHints":{"allow":["GET"]}}],"collection":[{"href":"https:\/\/agora.xtec.cat\/inssalvadorsunyer\/wp-json\/wp\/v2\/posts"}],"about":[{"href":"https:\/\/agora.xtec.cat\/inssalvadorsunyer\/wp-json\/wp\/v2\/types\/post"}],"author":[{"embeddable":true,"href":"https:\/\/agora.xtec.cat\/inssalvadorsunyer\/wp-json\/wp\/v2\/users\/1"}],"replies":[{"embeddable":true,"href":"https:\/\/agora.xtec.cat\/inssalvadorsunyer\/wp-json\/wp\/v2\/comments?post=12112"}],"version-history":[{"count":4,"href":"https:\/\/agora.xtec.cat\/inssalvadorsunyer\/wp-json\/wp\/v2\/posts\/12112\/revisions"}],"predecessor-version":[{"id":12117,"href":"https:\/\/agora.xtec.cat\/inssalvadorsunyer\/wp-json\/wp\/v2\/posts\/12112\/revisions\/12117"}],"wp:attachment":[{"href":"https:\/\/agora.xtec.cat\/inssalvadorsunyer\/wp-json\/wp\/v2\/media?parent=12112"}],"wp:term":[{"taxonomy":"category","embeddable":true,"href":"https:\/\/agora.xtec.cat\/inssalvadorsunyer\/wp-json\/wp\/v2\/categories?post=12112"},{"taxonomy":"post_tag","embeddable":true,"href":"https:\/\/agora.xtec.cat\/inssalvadorsunyer\/wp-json\/wp\/v2\/tags?post=12112"}],"curies":[{"name":"wp","href":"https:\/\/api.w.org\/{rel}","templated":true}]}}