{"id":1107,"date":"2017-12-11T13:12:57","date_gmt":"2017-12-11T12:12:57","guid":{"rendered":"http:\/\/agora.xtec.cat\/inssalvadorsunyer\/?p=1107"},"modified":"2022-02-22T11:20:40","modified_gmt":"2022-02-22T10:20:40","slug":"projecte-el-gran-recapte","status":"publish","type":"post","link":"https:\/\/agora.xtec.cat\/inssalvadorsunyer\/portada\/projecte-el-gran-recapte\/","title":{"rendered":"PROJECTE &#8220;EL GRAN RECAPTE&#8221;"},"content":{"rendered":"<p><span style=\"font-family: Arial, sans-serif;\">Aquest final de novembre, els alumnes de 3r d\u2019ESO hem estat treballant qu\u00e8 \u00e9s una alimentaci\u00f3 saludable i hem pres consci\u00e8ncia del malbaratament d\u2019aliments que hi ha en la societat a la vegada que hi ha persones que no tenen les necessitats aliment\u00e0ries cobertes. <\/span><\/p>\n<p><span style=\"font-family: Arial, sans-serif;\">Per aix\u00f2 hem col\u00b7laborat amb el Gran Recapte d\u2019Aliments realitzant diverses activitats: <\/span><\/p>\n<ul>\n<li><span style=\"font-family: Arial, sans-serif;\">recollida d\u2019aliments a l\u2019institut i a les escoles El Pla, Les Deveses, El Santal\u00f3 i l\u2019escola PIA.<\/span><\/li>\n<li><span style=\"font-family: Arial, sans-serif;\">participaci\u00f3 com a voluntaris en els supermercats Caprabo i Mercadona el dia del Gran Recapte<\/span><\/li>\n<li><span style=\"font-family: Arial, sans-serif;\">participaci\u00f3 en el concurs \u201cEl menjar no es llen\u00e7a\u201d amb la realitzaci\u00f3 de quatre v\u00eddeos donant idees per aprofitar els aliments.<\/span><\/li>\n<\/ul>\n<div id='gallery-1' class='gallery galleryid-1107 gallery-columns-3 gallery-size-thumbnail'><figure class='gallery-item'>\n\t\t\t<div class='gallery-icon portrait'>\n\t\t\t\t<a href='https:\/\/agora.xtec.cat\/inssalvadorsunyer\/portada\/projecte-el-gran-recapte\/attachment\/dsc_00021\/'><img loading=\"lazy\" decoding=\"async\" width=\"150\" height=\"150\" src=\"https:\/\/agora.xtec.cat\/inssalvadorsunyer\/wp-content\/uploads\/usu1009\/2017\/12\/DSC_00021-e1512993641735-150x150.jpg\" class=\"attachment-thumbnail size-thumbnail\" alt=\"\" \/><\/a>\n\t\t\t<\/div><\/figure><figure class='gallery-item'>\n\t\t\t<div class='gallery-icon portrait'>\n\t\t\t\t<a href='https:\/\/agora.xtec.cat\/inssalvadorsunyer\/portada\/projecte-el-gran-recapte\/attachment\/dsc_00051\/'><img loading=\"lazy\" decoding=\"async\" width=\"150\" height=\"150\" src=\"https:\/\/agora.xtec.cat\/inssalvadorsunyer\/wp-content\/uploads\/usu1009\/2017\/12\/DSC_00051-e1512993664664-150x150.jpg\" class=\"attachment-thumbnail size-thumbnail\" alt=\"\" \/><\/a>\n\t\t\t<\/div><\/figure><figure class='gallery-item'>\n\t\t\t<div class='gallery-icon portrait'>\n\t\t\t\t<a href='https:\/\/agora.xtec.cat\/inssalvadorsunyer\/portada\/projecte-el-gran-recapte\/attachment\/dsc_00061\/'><img loading=\"lazy\" decoding=\"async\" width=\"150\" height=\"150\" src=\"https:\/\/agora.xtec.cat\/inssalvadorsunyer\/wp-content\/uploads\/usu1009\/2017\/12\/DSC_00061-e1512993684768-150x150.jpg\" class=\"attachment-thumbnail size-thumbnail\" alt=\"\" \/><\/a>\n\t\t\t<\/div><\/figure><figure class='gallery-item'>\n\t\t\t<div class='gallery-icon landscape'>\n\t\t\t\t<a href='https:\/\/agora.xtec.cat\/inssalvadorsunyer\/portada\/projecte-el-gran-recapte\/attachment\/dsc_00071\/'><img loading=\"lazy\" decoding=\"async\" width=\"150\" height=\"150\" src=\"https:\/\/agora.xtec.cat\/inssalvadorsunyer\/wp-content\/uploads\/usu1009\/2017\/12\/DSC_00071-150x150.jpg\" class=\"attachment-thumbnail size-thumbnail\" alt=\"\" \/><\/a>\n\t\t\t<\/div><\/figure><figure class='gallery-item'>\n\t\t\t<div class='gallery-icon landscape'>\n\t\t\t\t<a href='https:\/\/agora.xtec.cat\/inssalvadorsunyer\/portada\/projecte-el-gran-recapte\/attachment\/dsc_00081\/'><img loading=\"lazy\" decoding=\"async\" width=\"150\" height=\"150\" src=\"https:\/\/agora.xtec.cat\/inssalvadorsunyer\/wp-content\/uploads\/usu1009\/2017\/12\/DSC_00081-150x150.jpg\" class=\"attachment-thumbnail size-thumbnail\" alt=\"\" \/><\/a>\n\t\t\t<\/div><\/figure><figure class='gallery-item'>\n\t\t\t<div class='gallery-icon landscape'>\n\t\t\t\t<a href='https:\/\/agora.xtec.cat\/inssalvadorsunyer\/portada\/projecte-el-gran-recapte\/attachment\/img_20171201_122307\/'><img loading=\"lazy\" decoding=\"async\" width=\"150\" height=\"150\" src=\"https:\/\/agora.xtec.cat\/inssalvadorsunyer\/wp-content\/uploads\/usu1009\/2017\/12\/IMG_20171201_122307-150x150.jpg\" class=\"attachment-thumbnail size-thumbnail\" alt=\"\" srcset=\"https:\/\/agora.xtec.cat\/inssalvadorsunyer\/wp-content\/uploads\/usu1009\/2017\/12\/IMG_20171201_122307-150x150.jpg 150w, https:\/\/agora.xtec.cat\/inssalvadorsunyer\/wp-content\/uploads\/usu1009\/2017\/12\/IMG_20171201_122307-300x300.jpg 300w, https:\/\/agora.xtec.cat\/inssalvadorsunyer\/wp-content\/uploads\/usu1009\/2017\/12\/IMG_20171201_122307-768x768.jpg 768w, https:\/\/agora.xtec.cat\/inssalvadorsunyer\/wp-content\/uploads\/usu1009\/2017\/12\/IMG_20171201_122307-1024x1024.jpg 1024w\" sizes=\"auto, (max-width: 150px) 100vw, 150px\" \/><\/a>\n\t\t\t<\/div><\/figure><figure class='gallery-item'>\n\t\t\t<div class='gallery-icon landscape'>\n\t\t\t\t<a href='https:\/\/agora.xtec.cat\/inssalvadorsunyer\/portada\/projecte-el-gran-recapte\/attachment\/img_20171201_122338\/'><img loading=\"lazy\" decoding=\"async\" width=\"150\" height=\"150\" src=\"https:\/\/agora.xtec.cat\/inssalvadorsunyer\/wp-content\/uploads\/usu1009\/2017\/12\/IMG_20171201_122338-150x150.jpg\" class=\"attachment-thumbnail size-thumbnail\" alt=\"\" srcset=\"https:\/\/agora.xtec.cat\/inssalvadorsunyer\/wp-content\/uploads\/usu1009\/2017\/12\/IMG_20171201_122338-150x150.jpg 150w, https:\/\/agora.xtec.cat\/inssalvadorsunyer\/wp-content\/uploads\/usu1009\/2017\/12\/IMG_20171201_122338-300x300.jpg 300w, https:\/\/agora.xtec.cat\/inssalvadorsunyer\/wp-content\/uploads\/usu1009\/2017\/12\/IMG_20171201_122338-768x768.jpg 768w, https:\/\/agora.xtec.cat\/inssalvadorsunyer\/wp-content\/uploads\/usu1009\/2017\/12\/IMG_20171201_122338-1024x1024.jpg 1024w\" sizes=\"auto, (max-width: 150px) 100vw, 150px\" \/><\/a>\n\t\t\t<\/div><\/figure><figure class='gallery-item'>\n\t\t\t<div class='gallery-icon landscape'>\n\t\t\t\t<a href='https:\/\/agora.xtec.cat\/inssalvadorsunyer\/portada\/projecte-el-gran-recapte\/attachment\/img_20171201_122341\/'><img loading=\"lazy\" decoding=\"async\" width=\"150\" height=\"150\" src=\"https:\/\/agora.xtec.cat\/inssalvadorsunyer\/wp-content\/uploads\/usu1009\/2017\/12\/IMG_20171201_122341-150x150.jpg\" class=\"attachment-thumbnail size-thumbnail\" alt=\"\" srcset=\"https:\/\/agora.xtec.cat\/inssalvadorsunyer\/wp-content\/uploads\/usu1009\/2017\/12\/IMG_20171201_122341-150x150.jpg 150w, https:\/\/agora.xtec.cat\/inssalvadorsunyer\/wp-content\/uploads\/usu1009\/2017\/12\/IMG_20171201_122341-300x300.jpg 300w, https:\/\/agora.xtec.cat\/inssalvadorsunyer\/wp-content\/uploads\/usu1009\/2017\/12\/IMG_20171201_122341-768x768.jpg 768w, https:\/\/agora.xtec.cat\/inssalvadorsunyer\/wp-content\/uploads\/usu1009\/2017\/12\/IMG_20171201_122341-1024x1024.jpg 1024w\" sizes=\"auto, (max-width: 150px) 100vw, 150px\" \/><\/a>\n\t\t\t<\/div><\/figure><figure class='gallery-item'>\n\t\t\t<div class='gallery-icon landscape'>\n\t\t\t\t<a href='https:\/\/agora.xtec.cat\/inssalvadorsunyer\/portada\/projecte-el-gran-recapte\/attachment\/img_20171201_134535\/'><img loading=\"lazy\" decoding=\"async\" width=\"150\" height=\"150\" src=\"https:\/\/agora.xtec.cat\/inssalvadorsunyer\/wp-content\/uploads\/usu1009\/2017\/12\/IMG_20171201_134535-150x150.jpg\" class=\"attachment-thumbnail size-thumbnail\" alt=\"\" srcset=\"https:\/\/agora.xtec.cat\/inssalvadorsunyer\/wp-content\/uploads\/usu1009\/2017\/12\/IMG_20171201_134535-150x150.jpg 150w, https:\/\/agora.xtec.cat\/inssalvadorsunyer\/wp-content\/uploads\/usu1009\/2017\/12\/IMG_20171201_134535-300x300.jpg 300w, https:\/\/agora.xtec.cat\/inssalvadorsunyer\/wp-content\/uploads\/usu1009\/2017\/12\/IMG_20171201_134535-768x768.jpg 768w, https:\/\/agora.xtec.cat\/inssalvadorsunyer\/wp-content\/uploads\/usu1009\/2017\/12\/IMG_20171201_134535-1024x1024.jpg 1024w\" sizes=\"auto, (max-width: 150px) 100vw, 150px\" \/><\/a>\n\t\t\t<\/div><\/figure><figure class='gallery-item'>\n\t\t\t<div class='gallery-icon portrait'>\n\t\t\t\t<a href='https:\/\/agora.xtec.cat\/inssalvadorsunyer\/portada\/projecte-el-gran-recapte\/attachment\/img_4071\/'><img loading=\"lazy\" decoding=\"async\" width=\"150\" height=\"150\" src=\"https:\/\/agora.xtec.cat\/inssalvadorsunyer\/wp-content\/uploads\/usu1009\/2017\/12\/IMG_4071-150x150.jpg\" class=\"attachment-thumbnail size-thumbnail\" alt=\"\" \/><\/a>\n\t\t\t<\/div><\/figure><figure class='gallery-item'>\n\t\t\t<div class='gallery-icon portrait'>\n\t\t\t\t<a href='https:\/\/agora.xtec.cat\/inssalvadorsunyer\/portada\/projecte-el-gran-recapte\/attachment\/img_4072\/'><img loading=\"lazy\" decoding=\"async\" width=\"150\" height=\"150\" src=\"https:\/\/agora.xtec.cat\/inssalvadorsunyer\/wp-content\/uploads\/usu1009\/2017\/12\/IMG_4072-150x150.jpg\" class=\"attachment-thumbnail size-thumbnail\" alt=\"\" \/><\/a>\n\t\t\t<\/div><\/figure><figure class='gallery-item'>\n\t\t\t<div class='gallery-icon landscape'>\n\t\t\t\t<a href='https:\/\/agora.xtec.cat\/inssalvadorsunyer\/portada\/projecte-el-gran-recapte\/attachment\/img_4073\/'><img loading=\"lazy\" decoding=\"async\" width=\"150\" height=\"150\" src=\"https:\/\/agora.xtec.cat\/inssalvadorsunyer\/wp-content\/uploads\/usu1009\/2017\/12\/IMG_4073-150x150.jpg\" class=\"attachment-thumbnail size-thumbnail\" alt=\"\" \/><\/a>\n\t\t\t<\/div><\/figure><figure class='gallery-item'>\n\t\t\t<div class='gallery-icon portrait'>\n\t\t\t\t<a href='https:\/\/agora.xtec.cat\/inssalvadorsunyer\/portada\/projecte-el-gran-recapte\/attachment\/img_4075\/'><img loading=\"lazy\" decoding=\"async\" width=\"150\" height=\"150\" src=\"https:\/\/agora.xtec.cat\/inssalvadorsunyer\/wp-content\/uploads\/usu1009\/2017\/12\/IMG_4075-150x150.jpg\" class=\"attachment-thumbnail size-thumbnail\" alt=\"\" \/><\/a>\n\t\t\t<\/div><\/figure>\n\t\t<\/div>\n\n<p>&nbsp;<\/p>\n","protected":false},"excerpt":{"rendered":"<p>Aquest final de novembre, els alumnes de 3r d\u2019ESO hem estat treballant qu\u00e8 \u00e9s una alimentaci\u00f3 saludable i hem pres consci\u00e8ncia del malbaratament d\u2019aliments que hi ha en la societat a la vegada que hi ha persones que no tenen les necessitats aliment\u00e0ries cobertes. Per aix\u00f2 hem col\u00b7laborat amb el Gran Recapte d\u2019Aliments realitzant diverses [&hellip;]<\/p>\n","protected":false},"author":1,"featured_media":0,"comment_status":"open","ping_status":"closed","sticky":false,"template":"","format":"standard","meta":{"_bbp_topic_count":0,"_bbp_reply_count":0,"_bbp_total_topic_count":0,"_bbp_total_reply_count":0,"_bbp_voice_count":0,"_bbp_anonymous_reply_count":0,"_bbp_topic_count_hidden":0,"_bbp_reply_count_hidden":0,"_bbp_forum_subforum_count":0,"site-sidebar-layout":"default","site-content-layout":"","ast-site-content-layout":"","site-content-style":"default","site-sidebar-style":"default","ast-global-header-display":"","ast-banner-title-visibility":"","ast-main-header-display":"","ast-hfb-above-header-display":"","ast-hfb-below-header-display":"","ast-hfb-mobile-header-display":"","site-post-title":"","ast-breadcrumbs-content":"","ast-featured-img":"","footer-sml-layout":"","theme-transparent-header-meta":"","adv-header-id-meta":"","stick-header-meta":"","header-above-stick-meta":"","header-main-stick-meta":"","header-below-stick-meta":"","astra-migrate-meta-layouts":"default","ast-page-background-enabled":"default","ast-page-background-meta":{"desktop":{"background-color":"var(--ast-global-color-4)","background-image":"","background-repeat":"repeat","background-position":"center center","background-size":"auto","background-attachment":"scroll","background-type":"","background-media":"","overlay-type":"","overlay-color":"","overlay-opacity":"","overlay-gradient":""},"tablet":{"background-color":"","background-image":"","background-repeat":"repeat","background-position":"center center","background-size":"auto","background-attachment":"scroll","background-type":"","background-media":"","overlay-type":"","overlay-color":"","overlay-opacity":"","overlay-gradient":""},"mobile":{"background-color":"","background-image":"","background-repeat":"repeat","background-position":"center center","background-size":"auto","background-attachment":"scroll","background-type":"","background-media":"","overlay-type":"","overlay-color":"","overlay-opacity":"","overlay-gradient":""}},"ast-content-background-meta":{"desktop":{"background-color":"var(--ast-global-color-5)","background-image":"","background-repeat":"repeat","background-position":"center center","background-size":"auto","background-attachment":"scroll","background-type":"","background-media":"","overlay-type":"","overlay-color":"","overlay-opacity":"","overlay-gradient":""},"tablet":{"background-color":"var(--ast-global-color-5)","background-image":"","background-repeat":"repeat","background-position":"center center","background-size":"auto","background-attachment":"scroll","background-type":"","background-media":"","overlay-type":"","overlay-color":"","overlay-opacity":"","overlay-gradient":""},"mobile":{"background-color":"var(--ast-global-color-5)","background-image":"","background-repeat":"repeat","background-position":"center center","background-size":"auto","background-attachment":"scroll","background-type":"","background-media":"","overlay-type":"","overlay-color":"","overlay-opacity":"","overlay-gradient":""}},"footnotes":""},"categories":[93,29],"tags":[],"class_list":["post-1107","post","type-post","status-publish","format-standard","hentry","category-institut","category-portada"],"post_mailing_queue_ids":[],"_links":{"self":[{"href":"https:\/\/agora.xtec.cat\/inssalvadorsunyer\/wp-json\/wp\/v2\/posts\/1107","targetHints":{"allow":["GET"]}}],"collection":[{"href":"https:\/\/agora.xtec.cat\/inssalvadorsunyer\/wp-json\/wp\/v2\/posts"}],"about":[{"href":"https:\/\/agora.xtec.cat\/inssalvadorsunyer\/wp-json\/wp\/v2\/types\/post"}],"author":[{"embeddable":true,"href":"https:\/\/agora.xtec.cat\/inssalvadorsunyer\/wp-json\/wp\/v2\/users\/1"}],"replies":[{"embeddable":true,"href":"https:\/\/agora.xtec.cat\/inssalvadorsunyer\/wp-json\/wp\/v2\/comments?post=1107"}],"version-history":[{"count":2,"href":"https:\/\/agora.xtec.cat\/inssalvadorsunyer\/wp-json\/wp\/v2\/posts\/1107\/revisions"}],"predecessor-version":[{"id":13606,"href":"https:\/\/agora.xtec.cat\/inssalvadorsunyer\/wp-json\/wp\/v2\/posts\/1107\/revisions\/13606"}],"wp:attachment":[{"href":"https:\/\/agora.xtec.cat\/inssalvadorsunyer\/wp-json\/wp\/v2\/media?parent=1107"}],"wp:term":[{"taxonomy":"category","embeddable":true,"href":"https:\/\/agora.xtec.cat\/inssalvadorsunyer\/wp-json\/wp\/v2\/categories?post=1107"},{"taxonomy":"post_tag","embeddable":true,"href":"https:\/\/agora.xtec.cat\/inssalvadorsunyer\/wp-json\/wp\/v2\/tags?post=1107"}],"curies":[{"name":"wp","href":"https:\/\/api.w.org\/{rel}","templated":true}]}}