{"id":1023,"date":"2017-11-20T16:52:25","date_gmt":"2017-11-20T15:52:25","guid":{"rendered":"http:\/\/agora.xtec.cat\/inssalvadorsunyer\/?p=1023"},"modified":"2020-10-20T13:35:10","modified_gmt":"2020-10-20T11:35:10","slug":"innovem-junts-a-la-secundaria","status":"publish","type":"post","link":"https:\/\/agora.xtec.cat\/inssalvadorsunyer\/portada\/innovem-junts-a-la-secundaria\/","title":{"rendered":"Innovem junts a la secund\u00e0ria"},"content":{"rendered":"<p>Aquest proper dissabte tindr\u00e0 lloc a l&#8217;Institut Salvador Sunyer de Salt una jornada que pot ser del vostre inter\u00e8s:<\/p>\n<p>Jornada per analitzar i debatre sobre els reptes de la innovaci\u00f3 educativa a la secund\u00e0ria<\/p>\n<p>La jornada \u201cInnovem junts a la secund\u00e0ria\u201d est\u00e0 pensada per tal de posar a debat i intercanviar opinions sobre els beneficis i tamb\u00e9 les dificultats actuals que comporta implementar la innovaci\u00f3 educativa en aquesta etapa escolar.<\/p>\n<p>La jornada inclour\u00e0 sessions simult\u00e0nies per tal d&#8217;abordar diferents aspectes relacionats amb la innovaci\u00f3 en els instituts, concretament, sobre: model d&#8217;aprenentatge, sistema educatiu, conviv\u00e8ncia, participaci\u00f3 i comunitat educativa.<br \/>\nL&#8217;acte comptar\u00e0 amb l&#8217;assist\u00e8ncia d&#8217;experts i agents de la comunitat educativa per tal d&#8217;abordar \u00e0mpliament propostes per promoure canvis reals en la secund\u00e0ria, una etapa on la innovaci\u00f3 continua sent un repte.<\/p>\n<p>Durant la jornada presentarem la iniciativa ciutadana de Salt que ha promogut el treball en xarxa al voltant de la segregaci\u00f3 escolar i ha impulsat l&#8217;Ajuntament a contractar l&#8217;elaboraci\u00f3 del Pla Educatiu de la Ciutat de Salt.<\/p>\n<p>Dissabte, 25 de setembre de 2017<br \/>\nHORA De 9.30 a 13.30h<br \/>\nLLOC Institut Salvador Sunyer i Aimerich<br \/>\n(Miquel Mart\u00ed i Pol, s\/n, Salt, al costat Espai Giron\u00e8s)<\/p>\n<p>M\u00e9s informaci\u00f3 i inscripcions gratu\u00eftes:\u00a0<a href=\"http:\/\/www.fapac.cat\/2017\/10\/27\/jornada-innovem-junts-la-secund-ria\">enlla\u00e7<\/a><\/p>\n<p>ORGANITZA: FaPaC, juntament amb la Fundaci\u00f3 SER.GI, FMRP (Federaci\u00f3 de Moviments de Renovaci\u00f3 Pegag\u00f2gica), CEESC (Col\u00b7legi d&#8217;Educadores i Educadors Socials de Catalunya), Institut Salvador Sunyer i Aimeric, SEPC (Sindicat d&#8217;Estudiants dels Pa\u00efsos Catalans) i Ajuntament de Salt.<br \/>\nUs hi esperem!!<\/p>\n<div id='gallery-1' class='gallery galleryid-1023 gallery-columns-3 gallery-size-thumbnail'><figure class='gallery-item'>\n\t\t\t<div class='gallery-icon portrait'>\n\t\t\t\t<a href='https:\/\/agora.xtec.cat\/inssalvadorsunyer\/portada\/innovem-junts-a-la-secundaria\/attachment\/92e3caf6-01b9-4803-a6ae-e2631de06e5d\/'><img loading=\"lazy\" decoding=\"async\" width=\"150\" height=\"150\" src=\"https:\/\/agora.xtec.cat\/inssalvadorsunyer\/wp-content\/uploads\/usu1009\/2017\/11\/92E3CAF6-01B9-4803-A6AE-E2631DE06E5D-150x150.jpeg\" class=\"attachment-thumbnail size-thumbnail\" alt=\"\" \/><\/a>\n\t\t\t<\/div><\/figure><figure class='gallery-item'>\n\t\t\t<div class='gallery-icon portrait'>\n\t\t\t\t<a href='https:\/\/agora.xtec.cat\/inssalvadorsunyer\/portada\/innovem-junts-a-la-secundaria\/attachment\/7a0cf7d2-6ab6-41d7-b135-a6f7a7de44cd\/'><img loading=\"lazy\" decoding=\"async\" width=\"150\" height=\"150\" src=\"https:\/\/agora.xtec.cat\/inssalvadorsunyer\/wp-content\/uploads\/usu1009\/2017\/11\/7A0CF7D2-6AB6-41D7-B135-A6F7A7DE44CD-150x150.png\" class=\"attachment-thumbnail size-thumbnail\" alt=\"\" \/><\/a>\n\t\t\t<\/div><\/figure>\n\t\t<\/div>\n\n","protected":false},"excerpt":{"rendered":"<p>Aquest proper dissabte tindr\u00e0 lloc a l&#8217;Institut Salvador Sunyer de Salt una jornada que pot ser del vostre inter\u00e8s: Jornada per analitzar i debatre sobre els reptes de la innovaci\u00f3 educativa a la secund\u00e0ria La jornada \u201cInnovem junts a la secund\u00e0ria\u201d est\u00e0 pensada per tal de posar a debat i intercanviar opinions sobre els beneficis [&hellip;]<\/p>\n","protected":false},"author":1,"featured_media":1025,"comment_status":"open","ping_status":"closed","sticky":false,"template":"","format":"standard","meta":{"_bbp_topic_count":0,"_bbp_reply_count":0,"_bbp_total_topic_count":0,"_bbp_total_reply_count":0,"_bbp_voice_count":0,"_bbp_anonymous_reply_count":0,"_bbp_topic_count_hidden":0,"_bbp_reply_count_hidden":0,"_bbp_forum_subforum_count":0,"site-sidebar-layout":"default","site-content-layout":"","ast-site-content-layout":"","site-content-style":"default","site-sidebar-style":"default","ast-global-header-display":"","ast-banner-title-visibility":"","ast-main-header-display":"","ast-hfb-above-header-display":"","ast-hfb-below-header-display":"","ast-hfb-mobile-header-display":"","site-post-title":"","ast-breadcrumbs-content":"","ast-featured-img":"","footer-sml-layout":"","theme-transparent-header-meta":"","adv-header-id-meta":"","stick-header-meta":"","header-above-stick-meta":"","header-main-stick-meta":"","header-below-stick-meta":"","astra-migrate-meta-layouts":"default","ast-page-background-enabled":"default","ast-page-background-meta":{"desktop":{"background-color":"var(--ast-global-color-4)","background-image":"","background-repeat":"repeat","background-position":"center center","background-size":"auto","background-attachment":"scroll","background-type":"","background-media":"","overlay-type":"","overlay-color":"","overlay-opacity":"","overlay-gradient":""},"tablet":{"background-color":"","background-image":"","background-repeat":"repeat","background-position":"center center","background-size":"auto","background-attachment":"scroll","background-type":"","background-media":"","overlay-type":"","overlay-color":"","overlay-opacity":"","overlay-gradient":""},"mobile":{"background-color":"","background-image":"","background-repeat":"repeat","background-position":"center center","background-size":"auto","background-attachment":"scroll","background-type":"","background-media":"","overlay-type":"","overlay-color":"","overlay-opacity":"","overlay-gradient":""}},"ast-content-background-meta":{"desktop":{"background-color":"var(--ast-global-color-5)","background-image":"","background-repeat":"repeat","background-position":"center center","background-size":"auto","background-attachment":"scroll","background-type":"","background-media":"","overlay-type":"","overlay-color":"","overlay-opacity":"","overlay-gradient":""},"tablet":{"background-color":"var(--ast-global-color-5)","background-image":"","background-repeat":"repeat","background-position":"center center","background-size":"auto","background-attachment":"scroll","background-type":"","background-media":"","overlay-type":"","overlay-color":"","overlay-opacity":"","overlay-gradient":""},"mobile":{"background-color":"var(--ast-global-color-5)","background-image":"","background-repeat":"repeat","background-position":"center center","background-size":"auto","background-attachment":"scroll","background-type":"","background-media":"","overlay-type":"","overlay-color":"","overlay-opacity":"","overlay-gradient":""}},"footnotes":""},"categories":[29],"tags":[],"class_list":["post-1023","post","type-post","status-publish","format-standard","has-post-thumbnail","hentry","category-portada"],"post_mailing_queue_ids":[],"_links":{"self":[{"href":"https:\/\/agora.xtec.cat\/inssalvadorsunyer\/wp-json\/wp\/v2\/posts\/1023","targetHints":{"allow":["GET"]}}],"collection":[{"href":"https:\/\/agora.xtec.cat\/inssalvadorsunyer\/wp-json\/wp\/v2\/posts"}],"about":[{"href":"https:\/\/agora.xtec.cat\/inssalvadorsunyer\/wp-json\/wp\/v2\/types\/post"}],"author":[{"embeddable":true,"href":"https:\/\/agora.xtec.cat\/inssalvadorsunyer\/wp-json\/wp\/v2\/users\/1"}],"replies":[{"embeddable":true,"href":"https:\/\/agora.xtec.cat\/inssalvadorsunyer\/wp-json\/wp\/v2\/comments?post=1023"}],"version-history":[{"count":2,"href":"https:\/\/agora.xtec.cat\/inssalvadorsunyer\/wp-json\/wp\/v2\/posts\/1023\/revisions"}],"predecessor-version":[{"id":1027,"href":"https:\/\/agora.xtec.cat\/inssalvadorsunyer\/wp-json\/wp\/v2\/posts\/1023\/revisions\/1027"}],"wp:featuredmedia":[{"embeddable":true,"href":"https:\/\/agora.xtec.cat\/inssalvadorsunyer\/wp-json\/wp\/v2\/media\/1025"}],"wp:attachment":[{"href":"https:\/\/agora.xtec.cat\/inssalvadorsunyer\/wp-json\/wp\/v2\/media?parent=1023"}],"wp:term":[{"taxonomy":"category","embeddable":true,"href":"https:\/\/agora.xtec.cat\/inssalvadorsunyer\/wp-json\/wp\/v2\/categories?post=1023"},{"taxonomy":"post_tag","embeddable":true,"href":"https:\/\/agora.xtec.cat\/inssalvadorsunyer\/wp-json\/wp\/v2\/tags?post=1023"}],"curies":[{"name":"wp","href":"https:\/\/api.w.org\/{rel}","templated":true}]}}