{"id":10181,"date":"2020-06-22T09:30:04","date_gmt":"2020-06-22T07:30:04","guid":{"rendered":"http:\/\/agora.xtec.cat\/inssalvadorsunyer\/?p=10181"},"modified":"2020-10-20T11:24:38","modified_gmt":"2020-10-20T09:24:38","slug":"preinscripcio-cicles-formatius-activitats-comercials-2","status":"publish","type":"post","link":"https:\/\/agora.xtec.cat\/inssalvadorsunyer\/general\/preinscripcio-cicles-formatius-activitats-comercials-2\/","title":{"rendered":"PREINSCRIPCI\u00d3 CICLES FORMATIUS ACTIVITATS COMERCIALS"},"content":{"rendered":"<p><em><strong>Preinscripci\u00f3<\/strong><\/em><\/p>\n<ul>\n<li>Presentaci\u00f3 de sol\u00b7licituds: del 2 al 8 de juny de 2020.<\/li>\n<li>Llista de sol\u00b7licituds amb la puntuaci\u00f3 provisional: 9 de juliol de 2020<\/li>\n<li>Presentaci\u00f3 de reclamacions: del 10 al 14 de juliol de 2020<\/li>\n<li>Llista de sol\u00b7licituds amb la puntuaci\u00f3 un cop resoltes les reclamacions: 15 de juliol de 2020<\/li>\n<li>Sorteig del n\u00famero de desempat: 15 de juliol de 2020, a les 11 hores<\/li>\n<li>Llista ordenada definitiva: 20 de juliol de 2020<\/li>\n<li>Oferta final de places escolars: 28 de juliol de 2020<\/li>\n<li>Llista d\u2019alumnes admesos i llista d\u2019espera: 30 de juliol de 2020<\/li>\n<\/ul>\n<p><em><strong>Preinscripci\u00f3 telem\u00e0tica<\/strong><\/em>\u00a0<strong><a href=\"http:\/\/ensenyament.gencat.cat\/ca\/tramits\/tramits-temes\/9420-FP-grau-mitja?category=74447ed8-a82c-11e3-a972-000c29052e2c\">Clica<\/a><\/strong><\/p>\n<p>Inscripci\u00f3 presencial: En els casos excepcionals en qu\u00e8 no es pugui evitar la presencialitat, cal demanar\u00a0cita pr\u00e8via 972234975<\/p>\n<p><strong><em>Matr\u00edcula<\/em><\/strong><\/p>\n<ul>\n<li>Alumnes preinscrits amb pla\u00e7a assignada (matr\u00edcula ordin\u00e0ria): de l\u20191 al 7 de setembre de 2020<\/li>\n<\/ul>\n<p>Inscripci\u00f3 presencial: En els casos excepcionals en qu\u00e8 no es pugui evitar la presencialitat, cal demanar\u00a0cita pr\u00e8via 972234975<\/p>\n","protected":false},"excerpt":{"rendered":"<p>Preinscripci\u00f3 Presentaci\u00f3 de sol\u00b7licituds: del 2 al 8 de juny de 2020. Llista de sol\u00b7licituds amb la puntuaci\u00f3 provisional: 9 de juliol de 2020 Presentaci\u00f3 de reclamacions: del 10 al 14 de juliol de 2020 Llista de sol\u00b7licituds amb la puntuaci\u00f3 un cop resoltes les reclamacions: 15 de juliol de 2020 Sorteig del n\u00famero de [&hellip;]<\/p>\n","protected":false},"author":1,"featured_media":0,"comment_status":"open","ping_status":"closed","sticky":false,"template":"","format":"standard","meta":{"_bbp_topic_count":0,"_bbp_reply_count":0,"_bbp_total_topic_count":0,"_bbp_total_reply_count":0,"_bbp_voice_count":0,"_bbp_anonymous_reply_count":0,"_bbp_topic_count_hidden":0,"_bbp_reply_count_hidden":0,"_bbp_forum_subforum_count":0,"site-sidebar-layout":"default","site-content-layout":"","ast-site-content-layout":"","site-content-style":"default","site-sidebar-style":"default","ast-global-header-display":"","ast-banner-title-visibility":"","ast-main-header-display":"","ast-hfb-above-header-display":"","ast-hfb-below-header-display":"","ast-hfb-mobile-header-display":"","site-post-title":"","ast-breadcrumbs-content":"","ast-featured-img":"","footer-sml-layout":"","theme-transparent-header-meta":"","adv-header-id-meta":"","stick-header-meta":"","header-above-stick-meta":"","header-main-stick-meta":"","header-below-stick-meta":"","astra-migrate-meta-layouts":"default","ast-page-background-enabled":"default","ast-page-background-meta":{"desktop":{"background-color":"var(--ast-global-color-4)","background-image":"","background-repeat":"repeat","background-position":"center center","background-size":"auto","background-attachment":"scroll","background-type":"","background-media":"","overlay-type":"","overlay-color":"","overlay-opacity":"","overlay-gradient":""},"tablet":{"background-color":"","background-image":"","background-repeat":"repeat","background-position":"center center","background-size":"auto","background-attachment":"scroll","background-type":"","background-media":"","overlay-type":"","overlay-color":"","overlay-opacity":"","overlay-gradient":""},"mobile":{"background-color":"","background-image":"","background-repeat":"repeat","background-position":"center center","background-size":"auto","background-attachment":"scroll","background-type":"","background-media":"","overlay-type":"","overlay-color":"","overlay-opacity":"","overlay-gradient":""}},"ast-content-background-meta":{"desktop":{"background-color":"var(--ast-global-color-5)","background-image":"","background-repeat":"repeat","background-position":"center center","background-size":"auto","background-attachment":"scroll","background-type":"","background-media":"","overlay-type":"","overlay-color":"","overlay-opacity":"","overlay-gradient":""},"tablet":{"background-color":"var(--ast-global-color-5)","background-image":"","background-repeat":"repeat","background-position":"center center","background-size":"auto","background-attachment":"scroll","background-type":"","background-media":"","overlay-type":"","overlay-color":"","overlay-opacity":"","overlay-gradient":""},"mobile":{"background-color":"var(--ast-global-color-5)","background-image":"","background-repeat":"repeat","background-position":"center center","background-size":"auto","background-attachment":"scroll","background-type":"","background-media":"","overlay-type":"","overlay-color":"","overlay-opacity":"","overlay-gradient":""}},"footnotes":""},"categories":[31,1,93,29],"tags":[],"class_list":["post-10181","post","type-post","status-publish","format-standard","hentry","category-ampa","category-general","category-institut","category-portada"],"post_mailing_queue_ids":[],"_links":{"self":[{"href":"https:\/\/agora.xtec.cat\/inssalvadorsunyer\/wp-json\/wp\/v2\/posts\/10181","targetHints":{"allow":["GET"]}}],"collection":[{"href":"https:\/\/agora.xtec.cat\/inssalvadorsunyer\/wp-json\/wp\/v2\/posts"}],"about":[{"href":"https:\/\/agora.xtec.cat\/inssalvadorsunyer\/wp-json\/wp\/v2\/types\/post"}],"author":[{"embeddable":true,"href":"https:\/\/agora.xtec.cat\/inssalvadorsunyer\/wp-json\/wp\/v2\/users\/1"}],"replies":[{"embeddable":true,"href":"https:\/\/agora.xtec.cat\/inssalvadorsunyer\/wp-json\/wp\/v2\/comments?post=10181"}],"version-history":[{"count":2,"href":"https:\/\/agora.xtec.cat\/inssalvadorsunyer\/wp-json\/wp\/v2\/posts\/10181\/revisions"}],"predecessor-version":[{"id":10183,"href":"https:\/\/agora.xtec.cat\/inssalvadorsunyer\/wp-json\/wp\/v2\/posts\/10181\/revisions\/10183"}],"wp:attachment":[{"href":"https:\/\/agora.xtec.cat\/inssalvadorsunyer\/wp-json\/wp\/v2\/media?parent=10181"}],"wp:term":[{"taxonomy":"category","embeddable":true,"href":"https:\/\/agora.xtec.cat\/inssalvadorsunyer\/wp-json\/wp\/v2\/categories?post=10181"},{"taxonomy":"post_tag","embeddable":true,"href":"https:\/\/agora.xtec.cat\/inssalvadorsunyer\/wp-json\/wp\/v2\/tags?post=10181"}],"curies":[{"name":"wp","href":"https:\/\/api.w.org\/{rel}","templated":true}]}}