{"id":10120,"date":"2020-05-10T19:04:39","date_gmt":"2020-05-10T17:04:39","guid":{"rendered":"http:\/\/agora.xtec.cat\/inssalvadorsunyer\/?p=10120"},"modified":"2020-10-20T11:25:59","modified_gmt":"2020-10-20T09:25:59","slug":"preinscripcio-entre-el-13-i-22-de-maig","status":"publish","type":"post","link":"https:\/\/agora.xtec.cat\/inssalvadorsunyer\/portada\/preinscripcio-entre-el-13-i-22-de-maig\/","title":{"rendered":"PREINSCRIPCI\u00d3 ENTRE EL 13 i 22 DE MAIG"},"content":{"rendered":"<ul>\n<li><span style=\"font-family: Arial, sans-serif;\"><span style=\"font-size: medium;\">Es podr\u00e0 fer de manera<\/span><\/span><strong><span style=\"font-family: Arial, sans-serif;\"><span style=\"font-size: medium;\">\u00a0telem\u00e0tica i no presencia<\/span><\/span><\/strong><span style=\"font-family: Arial, sans-serif;\"><span style=\"font-size: medium;\">l des del dia 13 de maig.<\/span><\/span><\/li>\n<li><span style=\"font-family: Arial, sans-serif;\"><span style=\"font-size: medium;\">Ateses les actuals circumst\u00e0ncies extraordin\u00e0ries per la covid-19, es podr\u00e0 fer de\u00a0<\/span><\/span><strong><span style=\"font-family: Arial, sans-serif;\"><span style=\"font-size: medium;\">forma presencial nom\u00e9s amb cita pr\u00e8via<\/span><\/span><\/strong><span style=\"font-family: Arial, sans-serif;\"><span style=\"font-size: medium;\"> (m\u00e9s endavant, en aquesta p\u00e0gina web s&#8217;establir\u00e0 i explicar\u00e0 el mecanisme i les condicions), entre el 19 i el 22 de maig.<\/span><\/span><\/li>\n<\/ul>\n<p><span style=\"font-family: Arial, sans-serif;\"><span style=\"font-size: medium;\">El tr\u00e0mit es podr\u00e0 fer tot online, a trav\u00e9s del portal\u00a0<a href=\"http:\/\/queestudiar.gencat.cat\/ca\/preinscripcio\/\" target=\"_blank\" rel=\"noopener noreferrer\">preinscripcio.gencat.cat<\/a>. S\u2019elimina la necessitat de presentar la sol\u00b7licitud i la documentaci\u00f3 en paper al centre, i queda substitu\u00efda per utilitzar\u00a0<\/span><\/span><strong><span style=\"font-family: Arial, sans-serif;\"><span style=\"font-size: medium;\">\u00a0el formulari telem\u00e0tic i enviar la documentaci\u00f3 necess\u00e0ria -escanejada o fotografiada- mitjan\u00e7ant un correu a la b\u00fastia electr\u00f2nica oficial del centre demanat en primera opci\u00f3.<\/span><\/span><\/strong><\/p>\n<h3 class=\"western\"><span style=\"font-family: Arial, sans-serif;\"><span style=\"font-size: medium;\">e-mail del centre:\u00a0 <a href=\"mailto:b7008407@xtec.cat\" target=\"_blank\" rel=\"noopener noreferrer\"><strong>b7008407@xtec.cat\u00a0\u00a0<\/strong>\u00a0\u00a0\u00a0 \u00a0 \u00a0<\/a><\/span><\/span><span style=\"font-family: Arial, sans-serif;\"><span style=\"font-size: medium;\">Tel\u00e8fon: <strong>972234975\u00a0 o\u00a0 691671247<\/strong><\/span><\/span><\/h3>\n<p><strong><span style=\"font-family: Arial, sans-serif;\"><span style=\"font-size: medium;\">Conjuntament amb la Documentaci\u00f3 (tamb\u00e9 s&#8217;ha\u00a0enviar escanejada o fotografiada):<\/span><\/span><\/strong><\/p>\n<ul>\n<li><span style=\"font-family: Arial, sans-serif;\"><span style=\"font-size: medium;\">Llibre de fam\u00edlia o altres documents relatius a la filiaci\u00f3. Si l&#8217;alumne o alumna est\u00e0 en situaci\u00f3 d&#8217;acolliment, la resoluci\u00f3 d&#8217;acolliment del Departament de Treball, Afers Socials i Fam\u00edlies.<\/span><\/span><\/li>\n<li><span style=\"font-family: Arial, sans-serif;\"><span style=\"font-size: medium;\">DNI\/NIE de la persona sol\u00b7licitant (pare, mare, tutor\/a o guardador\/a de fet) o, si el sol\u00b7licitant \u00e9s estranger, de la targeta de resid\u00e8ncia on consta el NIE o el passaport. Si es tracta d&#8217;estrangers comunitaris, document d&#8217;identitat del pa\u00eds d&#8217;origen.<\/span><\/span><\/li>\n<li><span style=\"font-family: Arial, sans-serif;\"><span style=\"font-size: medium;\">DNI\/NIE de l&#8217;alumne o alumna major de 14 anys o si t\u00e9 DNI\/NIE tot i ser menor de 14 anys.<\/span><\/span><\/li>\n<li><span style=\"font-family: Arial, sans-serif;\"><span style=\"font-size: medium;\">La documentaci\u00f3 acreditativa dels criteris de prioritat establert:\u00a0 <a href=\"http:\/\/queestudiar.gencat.cat\/ca\/preinscripcio\/estudis\/obligatoris\/documentacio\/\" target=\"_blank\" rel=\"noopener noreferrer\">http:\/\/queestudiar.gencat.cat\/ca\/preinscripcio\/estudis\/obligatoris\/documentacio\/<\/a><\/span><\/span><\/li>\n<\/ul>\n","protected":false},"excerpt":{"rendered":"<p>Es podr\u00e0 fer de manera\u00a0telem\u00e0tica i no presencial des del dia 13 de maig. Ateses les actuals circumst\u00e0ncies extraordin\u00e0ries per la covid-19, es podr\u00e0 fer de\u00a0forma presencial nom\u00e9s amb cita pr\u00e8via (m\u00e9s endavant, en aquesta p\u00e0gina web s&#8217;establir\u00e0 i explicar\u00e0 el mecanisme i les condicions), entre el 19 i el 22 de maig. El tr\u00e0mit [&hellip;]<\/p>\n","protected":false},"author":1,"featured_media":0,"comment_status":"open","ping_status":"closed","sticky":false,"template":"","format":"standard","meta":{"_bbp_topic_count":0,"_bbp_reply_count":0,"_bbp_total_topic_count":0,"_bbp_total_reply_count":0,"_bbp_voice_count":0,"_bbp_anonymous_reply_count":0,"_bbp_topic_count_hidden":0,"_bbp_reply_count_hidden":0,"_bbp_forum_subforum_count":0,"site-sidebar-layout":"default","site-content-layout":"","ast-site-content-layout":"","site-content-style":"default","site-sidebar-style":"default","ast-global-header-display":"","ast-banner-title-visibility":"","ast-main-header-display":"","ast-hfb-above-header-display":"","ast-hfb-below-header-display":"","ast-hfb-mobile-header-display":"","site-post-title":"","ast-breadcrumbs-content":"","ast-featured-img":"","footer-sml-layout":"","theme-transparent-header-meta":"","adv-header-id-meta":"","stick-header-meta":"","header-above-stick-meta":"","header-main-stick-meta":"","header-below-stick-meta":"","astra-migrate-meta-layouts":"default","ast-page-background-enabled":"default","ast-page-background-meta":{"desktop":{"background-color":"var(--ast-global-color-4)","background-image":"","background-repeat":"repeat","background-position":"center center","background-size":"auto","background-attachment":"scroll","background-type":"","background-media":"","overlay-type":"","overlay-color":"","overlay-opacity":"","overlay-gradient":""},"tablet":{"background-color":"","background-image":"","background-repeat":"repeat","background-position":"center center","background-size":"auto","background-attachment":"scroll","background-type":"","background-media":"","overlay-type":"","overlay-color":"","overlay-opacity":"","overlay-gradient":""},"mobile":{"background-color":"","background-image":"","background-repeat":"repeat","background-position":"center center","background-size":"auto","background-attachment":"scroll","background-type":"","background-media":"","overlay-type":"","overlay-color":"","overlay-opacity":"","overlay-gradient":""}},"ast-content-background-meta":{"desktop":{"background-color":"var(--ast-global-color-5)","background-image":"","background-repeat":"repeat","background-position":"center center","background-size":"auto","background-attachment":"scroll","background-type":"","background-media":"","overlay-type":"","overlay-color":"","overlay-opacity":"","overlay-gradient":""},"tablet":{"background-color":"var(--ast-global-color-5)","background-image":"","background-repeat":"repeat","background-position":"center center","background-size":"auto","background-attachment":"scroll","background-type":"","background-media":"","overlay-type":"","overlay-color":"","overlay-opacity":"","overlay-gradient":""},"mobile":{"background-color":"var(--ast-global-color-5)","background-image":"","background-repeat":"repeat","background-position":"center center","background-size":"auto","background-attachment":"scroll","background-type":"","background-media":"","overlay-type":"","overlay-color":"","overlay-opacity":"","overlay-gradient":""}},"footnotes":""},"categories":[93,29,99],"tags":[],"class_list":["post-10120","post","type-post","status-publish","format-standard","hentry","category-institut","category-portada","category-riss"],"post_mailing_queue_ids":[],"_links":{"self":[{"href":"https:\/\/agora.xtec.cat\/inssalvadorsunyer\/wp-json\/wp\/v2\/posts\/10120","targetHints":{"allow":["GET"]}}],"collection":[{"href":"https:\/\/agora.xtec.cat\/inssalvadorsunyer\/wp-json\/wp\/v2\/posts"}],"about":[{"href":"https:\/\/agora.xtec.cat\/inssalvadorsunyer\/wp-json\/wp\/v2\/types\/post"}],"author":[{"embeddable":true,"href":"https:\/\/agora.xtec.cat\/inssalvadorsunyer\/wp-json\/wp\/v2\/users\/1"}],"replies":[{"embeddable":true,"href":"https:\/\/agora.xtec.cat\/inssalvadorsunyer\/wp-json\/wp\/v2\/comments?post=10120"}],"version-history":[{"count":3,"href":"https:\/\/agora.xtec.cat\/inssalvadorsunyer\/wp-json\/wp\/v2\/posts\/10120\/revisions"}],"predecessor-version":[{"id":10133,"href":"https:\/\/agora.xtec.cat\/inssalvadorsunyer\/wp-json\/wp\/v2\/posts\/10120\/revisions\/10133"}],"wp:attachment":[{"href":"https:\/\/agora.xtec.cat\/inssalvadorsunyer\/wp-json\/wp\/v2\/media?parent=10120"}],"wp:term":[{"taxonomy":"category","embeddable":true,"href":"https:\/\/agora.xtec.cat\/inssalvadorsunyer\/wp-json\/wp\/v2\/categories?post=10120"},{"taxonomy":"post_tag","embeddable":true,"href":"https:\/\/agora.xtec.cat\/inssalvadorsunyer\/wp-json\/wp\/v2\/tags?post=10120"}],"curies":[{"name":"wp","href":"https:\/\/api.w.org\/{rel}","templated":true}]}}