{"id":10001,"date":"2020-03-23T18:17:23","date_gmt":"2020-03-23T17:17:23","guid":{"rendered":"http:\/\/agora.xtec.cat\/inssalvadorsunyer\/?p=10001"},"modified":"2020-10-20T12:35:02","modified_gmt":"2020-10-20T10:35:02","slug":"segona-setmana","status":"publish","type":"post","link":"https:\/\/agora.xtec.cat\/inssalvadorsunyer\/portada\/segona-setmana\/","title":{"rendered":"SEGONA SETMANA"},"content":{"rendered":"<p align=\"JUSTIFY\"><strong><span style=\"color: #0000ff;\"><span style=\"font-family: Arial, Helvetica, sans-serif;\"><span style=\"font-size: medium;\">Benvolgudes fam\u00edlies;<\/span><\/span><\/span><\/strong><\/p>\n<p align=\"LEFT\"><strong><span style=\"color: #0000ff;\"><span style=\"font-family: Arial, Helvetica, sans-serif;\"><span style=\"font-size: medium;\">hem entrat a la segona setmana de confinament. La setmana\u00a0que hem passat no ha estat f\u00e0cil per ning\u00fa i tot apunta al fet que els dies que venen seran tamb\u00e9 complicats, per\u00f2 de ben segur que entre tots els afrontarem amb for\u00e7a i optimisme. I volem fer-vos saber que, malgrat les circumst\u00e0ncies, des del centre seguim i seguirem prestant el servei educatiu, fent propostes educatives i acompanyant els vostres fills i les vostres filles com hem fet sempre.<\/span><\/span><\/span><\/strong><\/p>\n<p><strong><span style=\"color: #0000ff;\">El professorat, conjuntament amb les coordinacions i l&#8217;equip directiu, estem fent un esfor\u00e7 important de planificaci\u00f3 i seguiment virtual. Tanmateix, la nostra tasca de coordinaci\u00f3 i de presa de decisions es veu limitada per la mateixa situaci\u00f3 de confinament.<\/span><\/strong><\/p>\n<p><strong><span style=\"color: #0000ff;\">Finalment, volem que entengueu que estem fent tot el possible per millorar el servei que us oferim i tamb\u00e9 que no \u00e9s realista pensar que \u00e9s factible passar d&#8217;un sistema presencial a un sistema virtuals i a dist\u00e0ncia de manera immediata, i m\u00e9s en les circumst\u00e0ncies en les quals estem treballant. En aquest sentit, des del nostre centre, estem utilitzant els diversos recursos: moodle, Classroom i correus corporatius dels alumnes.<\/span><\/strong><\/p>\n<p><strong><span style=\"color: #0000ff;\">Anireu rebent per part del professorat diferents tasques que us encoratgem que els vostres fill\/es les facin.<\/span><\/strong><br \/>\n<strong><span style=\"color: #0000ff;\">L\u2019alumnat pot accedir al Moodle\/ Classroom. \u00c9s una plataforma virtual a trav\u00e9s de la qual el professorat encomana tasques, proporciona material i orientacions per realitzar-les i fa el seguiment a l&#8217;alumnat. Permet la comunicaci\u00f3 directa entre alumnat i professorat.<\/span><\/strong><br \/>\n<strong><span style=\"color: #0000ff;\">L&#8217;alumnat disposa d\u2019acc\u00e9s a les eines digitals Google del seu compte corporatiu del domini\u00a0<a style=\"color: #0000ff;\" href=\"http:\/\/inssalvadorsunyer.cat\/\" target=\"_blank\" rel=\"noopener noreferrer\"><span style=\"font-family: Arial, Helvetica, sans-serif;\"><span style=\"font-size: medium;\">inssalvadorsunyer.cat<\/span><\/span><\/a><span style=\"font-family: Arial, Helvetica, sans-serif;\"><span style=\"font-size: medium;\">\u00a0per realitzar aquelles tasques que requereixin de recursos digitals.<\/span><\/span><\/span><\/strong><\/p>\n<p><strong><span style=\"color: #0000ff;\">Per acabar, us volem agrair que ens feu confian\u00e7a en aquest moments i que entengueu que les propostes que fem arribar als nois i noies tenen com a objectiu intentar que mantinguin un ritme de treball per tal, que un cop es reprengui l\u2019activitat lectiva, puguem continuar el curs en les millors condicions.<\/span><\/strong><\/p>\n","protected":false},"excerpt":{"rendered":"<p>Benvolgudes fam\u00edlies; hem entrat a la segona setmana de confinament. La setmana\u00a0que hem passat no ha estat f\u00e0cil per ning\u00fa i tot apunta al fet que els dies que venen seran tamb\u00e9 complicats, per\u00f2 de ben segur que entre tots els afrontarem amb for\u00e7a i optimisme. I volem fer-vos saber que, malgrat les circumst\u00e0ncies, des [&hellip;]<\/p>\n","protected":false},"author":1,"featured_media":10006,"comment_status":"open","ping_status":"closed","sticky":false,"template":"","format":"standard","meta":{"_bbp_topic_count":0,"_bbp_reply_count":0,"_bbp_total_topic_count":0,"_bbp_total_reply_count":0,"_bbp_voice_count":0,"_bbp_anonymous_reply_count":0,"_bbp_topic_count_hidden":0,"_bbp_reply_count_hidden":0,"_bbp_forum_subforum_count":0,"site-sidebar-layout":"default","site-content-layout":"","ast-site-content-layout":"","site-content-style":"default","site-sidebar-style":"default","ast-global-header-display":"","ast-banner-title-visibility":"","ast-main-header-display":"","ast-hfb-above-header-display":"","ast-hfb-below-header-display":"","ast-hfb-mobile-header-display":"","site-post-title":"","ast-breadcrumbs-content":"","ast-featured-img":"","footer-sml-layout":"","theme-transparent-header-meta":"","adv-header-id-meta":"","stick-header-meta":"","header-above-stick-meta":"","header-main-stick-meta":"","header-below-stick-meta":"","astra-migrate-meta-layouts":"default","ast-page-background-enabled":"default","ast-page-background-meta":{"desktop":{"background-color":"var(--ast-global-color-4)","background-image":"","background-repeat":"repeat","background-position":"center center","background-size":"auto","background-attachment":"scroll","background-type":"","background-media":"","overlay-type":"","overlay-color":"","overlay-opacity":"","overlay-gradient":""},"tablet":{"background-color":"","background-image":"","background-repeat":"repeat","background-position":"center center","background-size":"auto","background-attachment":"scroll","background-type":"","background-media":"","overlay-type":"","overlay-color":"","overlay-opacity":"","overlay-gradient":""},"mobile":{"background-color":"","background-image":"","background-repeat":"repeat","background-position":"center center","background-size":"auto","background-attachment":"scroll","background-type":"","background-media":"","overlay-type":"","overlay-color":"","overlay-opacity":"","overlay-gradient":""}},"ast-content-background-meta":{"desktop":{"background-color":"var(--ast-global-color-5)","background-image":"","background-repeat":"repeat","background-position":"center center","background-size":"auto","background-attachment":"scroll","background-type":"","background-media":"","overlay-type":"","overlay-color":"","overlay-opacity":"","overlay-gradient":""},"tablet":{"background-color":"var(--ast-global-color-5)","background-image":"","background-repeat":"repeat","background-position":"center center","background-size":"auto","background-attachment":"scroll","background-type":"","background-media":"","overlay-type":"","overlay-color":"","overlay-opacity":"","overlay-gradient":""},"mobile":{"background-color":"var(--ast-global-color-5)","background-image":"","background-repeat":"repeat","background-position":"center center","background-size":"auto","background-attachment":"scroll","background-type":"","background-media":"","overlay-type":"","overlay-color":"","overlay-opacity":"","overlay-gradient":""}},"footnotes":""},"categories":[93,29],"tags":[],"class_list":["post-10001","post","type-post","status-publish","format-standard","has-post-thumbnail","hentry","category-institut","category-portada"],"post_mailing_queue_ids":[],"_links":{"self":[{"href":"https:\/\/agora.xtec.cat\/inssalvadorsunyer\/wp-json\/wp\/v2\/posts\/10001","targetHints":{"allow":["GET"]}}],"collection":[{"href":"https:\/\/agora.xtec.cat\/inssalvadorsunyer\/wp-json\/wp\/v2\/posts"}],"about":[{"href":"https:\/\/agora.xtec.cat\/inssalvadorsunyer\/wp-json\/wp\/v2\/types\/post"}],"author":[{"embeddable":true,"href":"https:\/\/agora.xtec.cat\/inssalvadorsunyer\/wp-json\/wp\/v2\/users\/1"}],"replies":[{"embeddable":true,"href":"https:\/\/agora.xtec.cat\/inssalvadorsunyer\/wp-json\/wp\/v2\/comments?post=10001"}],"version-history":[{"count":4,"href":"https:\/\/agora.xtec.cat\/inssalvadorsunyer\/wp-json\/wp\/v2\/posts\/10001\/revisions"}],"predecessor-version":[{"id":10009,"href":"https:\/\/agora.xtec.cat\/inssalvadorsunyer\/wp-json\/wp\/v2\/posts\/10001\/revisions\/10009"}],"wp:featuredmedia":[{"embeddable":true,"href":"https:\/\/agora.xtec.cat\/inssalvadorsunyer\/wp-json\/wp\/v2\/media\/10006"}],"wp:attachment":[{"href":"https:\/\/agora.xtec.cat\/inssalvadorsunyer\/wp-json\/wp\/v2\/media?parent=10001"}],"wp:term":[{"taxonomy":"category","embeddable":true,"href":"https:\/\/agora.xtec.cat\/inssalvadorsunyer\/wp-json\/wp\/v2\/categories?post=10001"},{"taxonomy":"post_tag","embeddable":true,"href":"https:\/\/agora.xtec.cat\/inssalvadorsunyer\/wp-json\/wp\/v2\/tags?post=10001"}],"curies":[{"name":"wp","href":"https:\/\/api.w.org\/{rel}","templated":true}]}}