{"id":98,"count":2,"description":"","link":"https:\/\/agora.xtec.cat\/inssalvadorsunyer\/categoria\/cicles-formatius\/ptt-pfi\/","name":"Pla de Transici\u00f3 al Treball. Programam de formaci\u00f3 i inserci\u00f3","slug":"ptt-pfi","taxonomy":"category","parent":30,"meta":[],"_links":{"self":[{"href":"https:\/\/agora.xtec.cat\/inssalvadorsunyer\/wp-json\/wp\/v2\/categories\/98","targetHints":{"allow":["GET"]}}],"collection":[{"href":"https:\/\/agora.xtec.cat\/inssalvadorsunyer\/wp-json\/wp\/v2\/categories"}],"about":[{"href":"https:\/\/agora.xtec.cat\/inssalvadorsunyer\/wp-json\/wp\/v2\/taxonomies\/category"}],"up":[{"embeddable":true,"href":"https:\/\/agora.xtec.cat\/inssalvadorsunyer\/wp-json\/wp\/v2\/categories\/30"}],"wp:post_type":[{"href":"https:\/\/agora.xtec.cat\/inssalvadorsunyer\/wp-json\/wp\/v2\/posts?categories=98"}],"curies":[{"name":"wp","href":"https:\/\/api.w.org\/{rel}","templated":true}]}}