{"id":697,"date":"2017-12-11T14:29:39","date_gmt":"2017-12-11T13:29:39","guid":{"rendered":"http:\/\/agora.xtec.cat\/insrosetamauri\/?p=697"},"modified":"2017-12-11T14:31:12","modified_gmt":"2017-12-11T13:31:12","slug":"arranca-el-camino-2018","status":"publish","type":"post","link":"https:\/\/agora.xtec.cat\/insrosetamauri\/eso\/eso-3\/arranca-el-camino-2018\/","title":{"rendered":"ARRANCA EL CAMINO 2018"},"content":{"rendered":"<p><a href=\"http:\/\/agora.xtec.cat\/insrosetamauri\/wp-content\/uploads\/usu605\/2017\/12\/camino-2.jpg\"><img loading=\"lazy\" decoding=\"async\" class=\"alignnone size-full wp-image-698\" src=\"http:\/\/agora.xtec.cat\/insrosetamauri\/wp-content\/uploads\/usu605\/2017\/12\/camino-2.jpg\" alt=\"\" width=\"640\" height=\"640\" srcset=\"https:\/\/agora.xtec.cat\/insrosetamauri\/wp-content\/uploads\/usu605\/2017\/12\/camino-2.jpg 640w, https:\/\/agora.xtec.cat\/insrosetamauri\/wp-content\/uploads\/usu605\/2017\/12\/camino-2-150x150.jpg 150w, https:\/\/agora.xtec.cat\/insrosetamauri\/wp-content\/uploads\/usu605\/2017\/12\/camino-2-300x300.jpg 300w\" sizes=\"auto, (max-width: 640px) 100vw, 640px\" \/><\/a><\/p>\n<p>Un curs m\u00e9s l&#8217;alumnat de 3r de l&#8217;ESO est\u00e0 preparant-se pel gran repte: El Camino de Santiago. Amb moltes ganes, i amb m\u00e9s il\u00b7lusi\u00f3, inicien els primers passos d&#8217;aquesta aventura.<\/p>\n<p>Del\u00a0 16 al 22 de mar\u00e7 de 2018, les noies i nois de tercer s&#8217;endinsaran en el m\u00f3n del Camino, per anar descobrint les hist\u00f2ries, els secrets\u00a0 i les an\u00e8cdotes que envolten aquest cam\u00ed mil\u00b7lenari. A partir d&#8217;una feina transversal l&#8217;alumnat treballar\u00e0, <em>in situ<\/em>, aspectes vinculats al seu curr\u00edculum.<\/p>\n<p>Ben aviat us informarem de com va tot plegat!<\/p>\n<p><a href=\"http:\/\/agora.xtec.cat\/insrosetamauri\/wp-content\/uploads\/usu605\/2017\/12\/el-camidel-roseta-i.jpg\"><img loading=\"lazy\" decoding=\"async\" class=\"alignnone size-large wp-image-699\" src=\"http:\/\/agora.xtec.cat\/insrosetamauri\/wp-content\/uploads\/usu605\/2017\/12\/el-camidel-roseta-i-1024x768.jpg\" alt=\"\" width=\"1024\" height=\"768\" srcset=\"https:\/\/agora.xtec.cat\/insrosetamauri\/wp-content\/uploads\/usu605\/2017\/12\/el-camidel-roseta-i-1024x768.jpg 1024w, https:\/\/agora.xtec.cat\/insrosetamauri\/wp-content\/uploads\/usu605\/2017\/12\/el-camidel-roseta-i-300x225.jpg 300w, https:\/\/agora.xtec.cat\/insrosetamauri\/wp-content\/uploads\/usu605\/2017\/12\/el-camidel-roseta-i-768x576.jpg 768w, https:\/\/agora.xtec.cat\/insrosetamauri\/wp-content\/uploads\/usu605\/2017\/12\/el-camidel-roseta-i-200x150.jpg 200w, https:\/\/agora.xtec.cat\/insrosetamauri\/wp-content\/uploads\/usu605\/2017\/12\/el-camidel-roseta-i.jpg 1600w\" sizes=\"auto, (max-width: 1024px) 100vw, 1024px\" \/><\/a><\/p>\n<p>&nbsp;<\/p>\n","protected":false},"excerpt":{"rendered":"<p><a href=\"http:\/\/agora.xtec.cat\/insrosetamauri\/wp-content\/uploads\/usu605\/2017\/12\/camino-2.jpg\"><\/a><br \/>\nUn curs m\u00e9s l&#8217;alumnat de 3r de l&#8217;ESO est\u00e0 preparant-se pel gran repte: El Camino de Santiago. Amb moltes ganes, i amb m\u00e9s il\u00b7lusi\u00f3, inicien els primers passos d&#8217;aquesta aventura.<br \/>\nDel\u00a0 16 al 22 de mar\u00e7 de 2018, les noies i nois de tercer s&#8217;endinsaran&hellip;  <a href=\"https:\/\/agora.xtec.cat\/insrosetamauri\/eso\/eso-3\/arranca-el-camino-2018\/\" title=\"Read ARRANCA EL CAMINO 2018\">Llegeix m\u00e9s\u00bb<\/a><\/p>\n","protected":false},"author":1,"featured_media":0,"comment_status":"open","ping_status":"closed","sticky":false,"template":"","format":"standard","meta":{"_bbp_topic_count":0,"_bbp_reply_count":0,"_bbp_total_topic_count":0,"_bbp_total_reply_count":0,"_bbp_voice_count":0,"_bbp_anonymous_reply_count":0,"_bbp_topic_count_hidden":0,"_bbp_reply_count_hidden":0,"_bbp_forum_subforum_count":0,"footnotes":""},"categories":[6,29],"tags":[],"class_list":["post-697","post","type-post","status-publish","format-standard","hentry","category-eso-3","category-portada"],"post_mailing_queue_ids":[],"_links":{"self":[{"href":"https:\/\/agora.xtec.cat\/insrosetamauri\/wp-json\/wp\/v2\/posts\/697","targetHints":{"allow":["GET"]}}],"collection":[{"href":"https:\/\/agora.xtec.cat\/insrosetamauri\/wp-json\/wp\/v2\/posts"}],"about":[{"href":"https:\/\/agora.xtec.cat\/insrosetamauri\/wp-json\/wp\/v2\/types\/post"}],"author":[{"embeddable":true,"href":"https:\/\/agora.xtec.cat\/insrosetamauri\/wp-json\/wp\/v2\/users\/1"}],"replies":[{"embeddable":true,"href":"https:\/\/agora.xtec.cat\/insrosetamauri\/wp-json\/wp\/v2\/comments?post=697"}],"version-history":[{"count":2,"href":"https:\/\/agora.xtec.cat\/insrosetamauri\/wp-json\/wp\/v2\/posts\/697\/revisions"}],"predecessor-version":[{"id":701,"href":"https:\/\/agora.xtec.cat\/insrosetamauri\/wp-json\/wp\/v2\/posts\/697\/revisions\/701"}],"wp:attachment":[{"href":"https:\/\/agora.xtec.cat\/insrosetamauri\/wp-json\/wp\/v2\/media?parent=697"}],"wp:term":[{"taxonomy":"category","embeddable":true,"href":"https:\/\/agora.xtec.cat\/insrosetamauri\/wp-json\/wp\/v2\/categories?post=697"},{"taxonomy":"post_tag","embeddable":true,"href":"https:\/\/agora.xtec.cat\/insrosetamauri\/wp-json\/wp\/v2\/tags?post=697"}],"curies":[{"name":"wp","href":"https:\/\/api.w.org\/{rel}","templated":true}]}}