{"id":4873,"date":"2026-02-25T08:00:34","date_gmt":"2026-02-25T07:00:34","guid":{"rendered":"https:\/\/agora.xtec.cat\/insrosetamauri\/?p=4873"},"modified":"2026-02-26T10:44:24","modified_gmt":"2026-02-26T09:44:24","slug":"jornada-de-portes-obertes-deso","status":"publish","type":"post","link":"https:\/\/agora.xtec.cat\/insrosetamauri\/general\/jornada-de-portes-obertes-deso\/","title":{"rendered":"Jornada de portes obertes d\u2019ESO"},"content":{"rendered":"<p data-start=\"0\" data-end=\"174\">El proper <strong data-start=\"10\" data-end=\"47\">dissabte 7 de mar\u00e7, a les 11.00 hores<\/strong>, tindr\u00e0 lloc la jornada de portes obertes, una oportunitat per con\u00e8ixer de primera m\u00e0 el centre i el nostre projecte educatiu.<\/p>\n<p data-start=\"176\" data-end=\"392\">El pas de la prim\u00e0ria a la secund\u00e0ria pot generar dubtes i inquietuds; per aquest motiu, considerem fonamental poder explicar qui som, com treballem i com acompanyem l\u2019alumnat al llarg d\u2019aquesta nova etapa educativa.<\/p>\n<p data-start=\"394\" data-end=\"576\">Durant la visita, mostrarem els diferents espais del centre, el seu funcionament i la nostra manera de treballar, aix\u00ed com alguns dels projectes que formen part del nostre dia a dia.<\/p>\n<p data-start=\"578\" data-end=\"596\" data-is-last-node=\"\" data-is-only-node=\"\">Us hi esperem!<\/p>\n<p data-start=\"578\" data-end=\"596\" data-is-last-node=\"\" data-is-only-node=\"\"><img loading=\"lazy\" decoding=\"async\" class=\"aligncenter size-medium wp-image-4871\" src=\"https:\/\/agora.xtec.cat\/insrosetamauri\/wp-content\/uploads\/usu605\/2026\/02\/ESO-Screenshot_20260226_103128_Gallery-292x300.jpg\" alt=\"\" width=\"292\" height=\"300\" srcset=\"https:\/\/agora.xtec.cat\/insrosetamauri\/wp-content\/uploads\/usu605\/2026\/02\/ESO-Screenshot_20260226_103128_Gallery-292x300.jpg 292w, https:\/\/agora.xtec.cat\/insrosetamauri\/wp-content\/uploads\/usu605\/2026\/02\/ESO-Screenshot_20260226_103128_Gallery-997x1024.jpg 997w, https:\/\/agora.xtec.cat\/insrosetamauri\/wp-content\/uploads\/usu605\/2026\/02\/ESO-Screenshot_20260226_103128_Gallery-768x789.jpg 768w, https:\/\/agora.xtec.cat\/insrosetamauri\/wp-content\/uploads\/usu605\/2026\/02\/ESO-Screenshot_20260226_103128_Gallery.jpg 1080w\" sizes=\"auto, (max-width: 292px) 100vw, 292px\" \/><\/p>\n","protected":false},"excerpt":{"rendered":"<p>El proper dissabte 7 de mar\u00e7, a les 11.00 hores, tindr\u00e0 lloc la jornada de portes obertes, una oportunitat per con\u00e8ixer de primera m\u00e0 el centre i el nostre projecte educatiu.<br \/>\nEl pas de la prim\u00e0ria a la secund\u00e0ria pot generar dubtes i inquietuds; per aquest&hellip;  <a href=\"https:\/\/agora.xtec.cat\/insrosetamauri\/general\/jornada-de-portes-obertes-deso\/\" title=\"Read Jornada de portes obertes d\u2019ESO\">Llegeix m\u00e9s\u00bb<\/a><\/p>\n","protected":false},"author":3,"featured_media":4871,"comment_status":"open","ping_status":"open","sticky":false,"template":"","format":"standard","meta":{"_bbp_topic_count":0,"_bbp_reply_count":0,"_bbp_total_topic_count":0,"_bbp_total_reply_count":0,"_bbp_voice_count":0,"_bbp_anonymous_reply_count":0,"_bbp_topic_count_hidden":0,"_bbp_reply_count_hidden":0,"_bbp_forum_subforum_count":0,"footnotes":""},"categories":[3,1,29],"tags":[],"class_list":["post-4873","post","type-post","status-publish","format-standard","has-post-thumbnail","hentry","category-eso","category-general","category-portada"],"post_mailing_queue_ids":[],"_links":{"self":[{"href":"https:\/\/agora.xtec.cat\/insrosetamauri\/wp-json\/wp\/v2\/posts\/4873","targetHints":{"allow":["GET"]}}],"collection":[{"href":"https:\/\/agora.xtec.cat\/insrosetamauri\/wp-json\/wp\/v2\/posts"}],"about":[{"href":"https:\/\/agora.xtec.cat\/insrosetamauri\/wp-json\/wp\/v2\/types\/post"}],"author":[{"embeddable":true,"href":"https:\/\/agora.xtec.cat\/insrosetamauri\/wp-json\/wp\/v2\/users\/3"}],"replies":[{"embeddable":true,"href":"https:\/\/agora.xtec.cat\/insrosetamauri\/wp-json\/wp\/v2\/comments?post=4873"}],"version-history":[{"count":2,"href":"https:\/\/agora.xtec.cat\/insrosetamauri\/wp-json\/wp\/v2\/posts\/4873\/revisions"}],"predecessor-version":[{"id":4875,"href":"https:\/\/agora.xtec.cat\/insrosetamauri\/wp-json\/wp\/v2\/posts\/4873\/revisions\/4875"}],"wp:featuredmedia":[{"embeddable":true,"href":"https:\/\/agora.xtec.cat\/insrosetamauri\/wp-json\/wp\/v2\/media\/4871"}],"wp:attachment":[{"href":"https:\/\/agora.xtec.cat\/insrosetamauri\/wp-json\/wp\/v2\/media?parent=4873"}],"wp:term":[{"taxonomy":"category","embeddable":true,"href":"https:\/\/agora.xtec.cat\/insrosetamauri\/wp-json\/wp\/v2\/categories?post=4873"},{"taxonomy":"post_tag","embeddable":true,"href":"https:\/\/agora.xtec.cat\/insrosetamauri\/wp-json\/wp\/v2\/tags?post=4873"}],"curies":[{"name":"wp","href":"https:\/\/api.w.org\/{rel}","templated":true}]}}