{"id":4812,"date":"2025-10-28T22:20:05","date_gmt":"2025-10-28T21:20:05","guid":{"rendered":"https:\/\/agora.xtec.cat\/insrosetamauri\/?p=4812"},"modified":"2025-10-30T11:30:27","modified_gmt":"2025-10-30T10:30:27","slug":"eleccions-consell-escolar","status":"publish","type":"post","link":"https:\/\/agora.xtec.cat\/insrosetamauri\/general\/eleccions-consell-escolar\/","title":{"rendered":"Eleccions al Consell Escolar: preguntes freq\u00fcents"},"content":{"rendered":"<p>Les eleccions als consells escolars de centre es fan cada dos anys i tenen com a objectiu renovar-ne els membres. Hi estan convidats a participar tots els sectors de la comunitat educativa: professorat, fam\u00edlies, el personal d\u2019administraci\u00f3 i serveis, i l\u2019alumnat de secund\u00e0ria.<\/p>\n<p>Aquest any, les eleccions se celebraran el <strong>dia 17 de novembre<\/strong>, despr\u00e9s de la presentaci\u00f3 de candidatures.<\/p>\n<p><strong>&#8211; Qu\u00e8 \u00e9s el Consell Escolar de Centre?<br \/>\n<\/strong>\u00c9s un \u00f2rgan de participaci\u00f3 de la comunitat escolar en el govern i la gesti\u00f3 del seu centre educatiu.<\/p>\n<div id=\"paragraph-1247\" class=\"paragraph paragraph--type--item-pregunta-frequent paragraph--view-mode--default\">\n<div id=\"quines-son-les-funcions-del-consell-als-centres-publics-region\" class=\"region\" role=\"region\" aria-labelledby=\"quines-son-les-funcions-del-consell-als-centres-publics\">\n<div class=\"text-faq\">\n<p><strong>&#8211; Quines s\u00f3n les funcions del Consell als centres p\u00fablics?<\/strong><br \/>\nLes funcions del Consell Escolar de Centre estan regulades per llei, concretament per la Llei 12\/2009, de 10 de juliol, d\u2019educaci\u00f3.<\/p>\n<p>Les funcions dels consells escolars als centres p\u00fablics i als centres privats concertats presenten alguna difer\u00e8ncia, en conson\u00e0ncia amb les difer\u00e8ncies que presenta cada titularitat.<\/p>\n<p>Funcions del consell escolar als centres p\u00fablics:<\/p>\n<p><strong>Aprovar<\/strong> el projecte educatiu (PE), la programaci\u00f3 general anual del centre (PGA), les normes de d\u2019organitzaci\u00f3 i funcionament (NOF), la carta de comprom\u00eds educatiu, el pressupost del centre i el rendiment de comptes, les directrius per a la programaci\u00f3 d&#8217;activitats escolars complement\u00e0ries i d&#8217;activitats extraescolars, els criteris de col\u00b7laboraci\u00f3 amb altres centres i amb l&#8217;entorn, i fer-ne el seguiment.<\/p>\n<p><strong>Intervenir<\/strong> en el procediment d\u2019admissi\u00f3 d\u2019alumnes, en la resoluci\u00f3 dels conflictes i, si escau, revisar les sancions als alumnes.<\/p>\n<p><strong>Participar<\/strong> en el procediment de selecci\u00f3 i en la proposta de cessament del director o directora i en les an\u00e0lisis i les avaluacions del funcionament general del centre.<\/p>\n<p><strong>Con\u00e8ixer<\/strong> l&#8217;evoluci\u00f3 del rendiment escolar.<\/p>\n<p>Qualsevol altra que li sigui atribu\u00efda per les normes legals o reglament\u00e0ries.<\/p>\n<\/div>\n<div class=\"img-faq\"><strong>&#8211; Quantes vegades es reuneix?<\/strong><\/div>\n<div>\n<p><span style=\"font-family: inherit; font-size: 1em;\">Als centres p\u00fablics es reuneix tres cops l\u2019any (un cop per trimestre). Als centres concertats, acostumen a celebrar dues reunions del consell escolar, una a l\u2019inici de curs i una altra al final de curs.<\/span><\/p>\n<div id=\"quantes-vegades-es-reuneix-region\" class=\"region\" role=\"region\" aria-labelledby=\"quantes-vegades-es-reuneix\">\n<div class=\"text-faq\">\n<p>Pot haver-hi reunions addicionals quan es produeix un canvi en la direcci\u00f3 del centre.<\/p>\n<p><strong>&#8211; Puc formar part del consell escolar de centre?<\/strong><br \/>\nS\u00ed, el consell escolar de centre \u00e9s un espai representatiu obert a qualsevol persona de la comunitat escolar del centre: <strong>fam\u00edlies, professorat, personal t\u00e8cnic i alumnat<\/strong>. En el cas de l\u2019alumnat, tenen representaci\u00f3 als centres de secund\u00e0ria.<\/p>\n<p><strong>&#8211; Per qu\u00e8 \u00e9s important la meva participaci\u00f3 en el Consell Escolar de Centre?<br \/>\n<\/strong><span style=\"font-family: inherit; font-size: 1em;\">Perqu\u00e8 la participaci\u00f3 de la comunitat educativa en els consells escolars de centre permet una <\/span><strong style=\"font-family: inherit; font-size: 1em;\">presa de decisions representativa i democr\u00e0tica<\/strong><span style=\"font-family: inherit; font-size: 1em;\">.<\/span><\/p>\n<div class=\"text-faq\">\n<p>Quan professors, pares, alumnes i altres membres de la comunitat educativa col\u00b7laboren, es garanteix que les pol\u00edtiques i les activitats escolars reflecteixin les necessitats i els interessos de tothom que fa l&#8217;escola possible.<\/p>\n<p>Els consells escolars no nom\u00e9s milloren la qualitat de l&#8217;educaci\u00f3, sin\u00f3 que fomenten el sentit de pertinen\u00e7a i responsabilitat compartida, creant un entorn educatiu m\u00e9s cohesionat i efectiu.<\/p>\n<p>Refor\u00e7ar el teu centre \u00e9s millorar l&#8217;educaci\u00f3 de la ciutat.<\/p>\n<\/div>\n<\/div>\n<div class=\"img-faq\">\n<p><strong>&#8211; Cal tenir coneixements espec\u00edfics per participar-hi?<br \/>\n<\/strong><span style=\"font-family: inherit; font-size: 1em;\">No, no cal tenir coneixements espec\u00edfics per participar en el Consell Escolar de Centre. Nom\u00e9s cal que tinguis ganes de contribuir i de participar.<\/span><\/p>\n<div class=\"text-faq\">\n<p>No et preocupis si no tens coneixements previs, tothom necessita un temps d\u2019adaptaci\u00f3 i d\u2019aprenentatge i la Direcci\u00f3 del centre et facilitar\u00e0 el que necessitis.<\/p>\n<p>Al Consell Escolar de Centre hi ha una persona representant de l\u2019Ajuntament de Reus que tamb\u00e9 t\u2019ajudar\u00e0 en all\u00f2 que necessitis.<\/p>\n<p><strong>&#8211; Com puc presentar la meva candidatura?<\/strong><br \/>\nPots presentar la teva canditura a la secretaria de l\u2019Institut Roseta Mauri amb el model que et facilitaran o que et pots descarregar <a href=\"https:\/\/agora.xtec.cat\/insrosetamauri\/wp-content\/uploads\/usu605\/2025\/10\/Candidatura.pdf\" target=\"_blank\" rel=\"noopener\">en aquest enlla\u00e7.<\/a>.<\/p>\n<p><strong>&#8211; Quines places s\u2019han de renovar?<\/strong><br \/>\nA la convocat\u00f2ria trobar\u00e0s totes les places vacants que cal renovar.<\/p>\n<p><strong>&#8211; Quin \u00e9s el calendari?<\/strong><\/p>\n<p><img loading=\"lazy\" decoding=\"async\" class=\"aligncenter wp-image-4813\" src=\"https:\/\/agora.xtec.cat\/insrosetamauri\/wp-content\/uploads\/usu605\/2025\/10\/calendari-2025-278x300.png\" alt=\"\" width=\"455\" height=\"491\" srcset=\"https:\/\/agora.xtec.cat\/insrosetamauri\/wp-content\/uploads\/usu605\/2025\/10\/calendari-2025-278x300.png 278w, https:\/\/agora.xtec.cat\/insrosetamauri\/wp-content\/uploads\/usu605\/2025\/10\/calendari-2025.png 622w\" sizes=\"auto, (max-width: 455px) 100vw, 455px\" \/><\/p>\n<\/div>\n<p><span style=\"font-weight: 400;\">Per a m\u00e9s informaci\u00f3: <\/span><a href=\"https:\/\/educacio.gencat.cat\/ca\/arees-actuacio\/centres-serveis-educatius\/centres\/consells-escolars-centres\/index.html\" target=\"_blank\" rel=\"noopener\"><span style=\"font-weight: 400;\">https:\/\/educacio.gencat.cat\/ca\/arees-actuacio\/centres-serveis-educatius\/centres\/consells-escolars-centres\/index.html<\/span><\/a><\/p>\n<\/div>\n<\/div>\n<\/div>\n<\/div>\n<\/div>\n","protected":false},"excerpt":{"rendered":"<p>Les eleccions als consells escolars de centre es fan cada dos anys i tenen com a objectiu renovar-ne els membres. Hi estan convidats a participar tots els sectors de la comunitat educativa: professorat, fam\u00edlies, el personal d\u2019administraci\u00f3 i serveis, i l\u2019alumnat de secund\u00e0ria.<br \/>\nAquest any, les&hellip;  <a href=\"https:\/\/agora.xtec.cat\/insrosetamauri\/general\/eleccions-consell-escolar\/\" title=\"Read Eleccions al Consell Escolar: preguntes freq\u00fcents\">Llegeix m\u00e9s\u00bb<\/a><\/p>\n","protected":false},"author":3,"featured_media":0,"comment_status":"closed","ping_status":"closed","sticky":false,"template":"","format":"standard","meta":{"_bbp_topic_count":0,"_bbp_reply_count":0,"_bbp_total_topic_count":0,"_bbp_total_reply_count":0,"_bbp_voice_count":0,"_bbp_anonymous_reply_count":0,"_bbp_topic_count_hidden":0,"_bbp_reply_count_hidden":0,"_bbp_forum_subforum_count":0,"footnotes":""},"categories":[1],"tags":[],"class_list":["post-4812","post","type-post","status-publish","format-standard","hentry","category-general"],"post_mailing_queue_ids":[],"_links":{"self":[{"href":"https:\/\/agora.xtec.cat\/insrosetamauri\/wp-json\/wp\/v2\/posts\/4812","targetHints":{"allow":["GET"]}}],"collection":[{"href":"https:\/\/agora.xtec.cat\/insrosetamauri\/wp-json\/wp\/v2\/posts"}],"about":[{"href":"https:\/\/agora.xtec.cat\/insrosetamauri\/wp-json\/wp\/v2\/types\/post"}],"author":[{"embeddable":true,"href":"https:\/\/agora.xtec.cat\/insrosetamauri\/wp-json\/wp\/v2\/users\/3"}],"replies":[{"embeddable":true,"href":"https:\/\/agora.xtec.cat\/insrosetamauri\/wp-json\/wp\/v2\/comments?post=4812"}],"version-history":[{"count":6,"href":"https:\/\/agora.xtec.cat\/insrosetamauri\/wp-json\/wp\/v2\/posts\/4812\/revisions"}],"predecessor-version":[{"id":4828,"href":"https:\/\/agora.xtec.cat\/insrosetamauri\/wp-json\/wp\/v2\/posts\/4812\/revisions\/4828"}],"wp:attachment":[{"href":"https:\/\/agora.xtec.cat\/insrosetamauri\/wp-json\/wp\/v2\/media?parent=4812"}],"wp:term":[{"taxonomy":"category","embeddable":true,"href":"https:\/\/agora.xtec.cat\/insrosetamauri\/wp-json\/wp\/v2\/categories?post=4812"},{"taxonomy":"post_tag","embeddable":true,"href":"https:\/\/agora.xtec.cat\/insrosetamauri\/wp-json\/wp\/v2\/tags?post=4812"}],"curies":[{"name":"wp","href":"https:\/\/api.w.org\/{rel}","templated":true}]}}