{"id":4708,"date":"2025-03-26T12:46:54","date_gmt":"2025-03-26T11:46:54","guid":{"rendered":"https:\/\/agora.xtec.cat\/insrosetamauri\/?p=4708"},"modified":"2025-03-26T12:46:54","modified_gmt":"2025-03-26T11:46:54","slug":"beques-per-a-ensenyaments-postobligatoris-no-universitaris","status":"publish","type":"post","link":"https:\/\/agora.xtec.cat\/insrosetamauri\/general\/beques-per-a-ensenyaments-postobligatoris-no-universitaris\/","title":{"rendered":"Beques per a ensenyaments postobligatoris no universitaris"},"content":{"rendered":"<p data-pm-slice=\"1 1 []\"><strong>A partir de dilluns 24 de mar\u00e7<\/strong>, l\u2019alumnat de batxillerat de primer i de segon curs, formaci\u00f3 professional, cicles formatius, ensenyaments art\u00edstics, esportius, religiosos, idiomes en escoles oficials o de cursos de preparaci\u00f3 per a les proves d&#8217;acc\u00e9s a altres estudis pot demanar la beca per al curs 2025-2026. El termini de presentaci\u00f3 de la sol\u00b7licitud <strong>finalitza el 14 de maig de 2025 a les 15:00 hores<\/strong>\u200b.<\/p>\n<p>\u00c9s imprescindible ajustar-se a les dates establertes encara que l&#8217;alumne\/a no s\u00e0piga del cert per quin estudi optar\u00e0 o, fins i tot, encara que no tingui la certesa de si estudiar\u00e0 o no. En aquest sentit, s&#8217;han d&#8217;introduir els estudis que consideri m\u00e9s probables i al setembre podr\u00e0 modificar la seva tria, si conv\u00e9.<\/p>\n<p>L&#8217;alumnat interessat haur\u00e0 de presentar la sol\u00b7licitud telem\u00e0ticament a trav\u00e9s del <a href=\"https:\/\/educacio.gencat.cat\/ca\/tramits\/tramits-temes\/beques-ministeri-postobligatoris?moda=1\" target=\"_blank\" rel=\"noopener\">portal oficial del Departament d&#8217;Educaci\u00f3 i Formaci\u00f3 Professional.<\/a><\/p>\n<p>Per a m\u00e9s informaci\u00f3 detallada sobre els requisits, procediments o terminis, podeu consultar la <a href=\"https:\/\/educacio.gencat.cat\/ca\/serveis-tramits\/beques\/beques-postobligatoris\/index.html\" target=\"_blank\" rel=\"noopener\">p\u00e0gina oficial del Departament d&#8217;Educaci\u00f3 i Formaci\u00f3 Professional.<\/a><\/p>\n<p><a href=\"https:\/\/educacio.gencat.cat\/web\/.content\/home\/departament\/publicacions\/infografies\/beques-ajuts\/beques-9-passos.pdf\" target=\"_blank\" rel=\"noopener\"><img loading=\"lazy\" decoding=\"async\" class=\"aligncenter  wp-image-4709\" src=\"https:\/\/agora.xtec.cat\/insrosetamauri\/wp-content\/uploads\/usu605\/2025\/03\/beques-estudis-postobligatoris-213x300.png\" alt=\"\" width=\"257\" height=\"362\" srcset=\"https:\/\/agora.xtec.cat\/insrosetamauri\/wp-content\/uploads\/usu605\/2025\/03\/beques-estudis-postobligatoris-213x300.png 213w, https:\/\/agora.xtec.cat\/insrosetamauri\/wp-content\/uploads\/usu605\/2025\/03\/beques-estudis-postobligatoris.png 390w\" sizes=\"auto, (max-width: 257px) 100vw, 257px\" \/><\/a><\/p>\n","protected":false},"excerpt":{"rendered":"<p>A partir de dilluns 24 de mar\u00e7, l\u2019alumnat de batxillerat de primer i de segon curs, formaci\u00f3 professional, cicles formatius, ensenyaments art\u00edstics, esportius, religiosos, idiomes en escoles oficials o de cursos de preparaci\u00f3 per a les proves d&#8217;acc\u00e9s a altres estudis pot demanar la beca&hellip;  <a href=\"https:\/\/agora.xtec.cat\/insrosetamauri\/general\/beques-per-a-ensenyaments-postobligatoris-no-universitaris\/\" title=\"Read Beques per a ensenyaments postobligatoris no universitaris\">Llegeix m\u00e9s\u00bb<\/a><\/p>\n","protected":false},"author":3,"featured_media":4709,"comment_status":"closed","ping_status":"closed","sticky":false,"template":"","format":"standard","meta":{"_bbp_topic_count":0,"_bbp_reply_count":0,"_bbp_total_topic_count":0,"_bbp_total_reply_count":0,"_bbp_voice_count":0,"_bbp_anonymous_reply_count":0,"_bbp_topic_count_hidden":0,"_bbp_reply_count_hidden":0,"_bbp_forum_subforum_count":0,"footnotes":""},"categories":[8,1,29],"tags":[],"class_list":["post-4708","post","type-post","status-publish","format-standard","has-post-thumbnail","hentry","category-batxillerat","category-general","category-portada"],"post_mailing_queue_ids":[],"_links":{"self":[{"href":"https:\/\/agora.xtec.cat\/insrosetamauri\/wp-json\/wp\/v2\/posts\/4708","targetHints":{"allow":["GET"]}}],"collection":[{"href":"https:\/\/agora.xtec.cat\/insrosetamauri\/wp-json\/wp\/v2\/posts"}],"about":[{"href":"https:\/\/agora.xtec.cat\/insrosetamauri\/wp-json\/wp\/v2\/types\/post"}],"author":[{"embeddable":true,"href":"https:\/\/agora.xtec.cat\/insrosetamauri\/wp-json\/wp\/v2\/users\/3"}],"replies":[{"embeddable":true,"href":"https:\/\/agora.xtec.cat\/insrosetamauri\/wp-json\/wp\/v2\/comments?post=4708"}],"version-history":[{"count":1,"href":"https:\/\/agora.xtec.cat\/insrosetamauri\/wp-json\/wp\/v2\/posts\/4708\/revisions"}],"predecessor-version":[{"id":4710,"href":"https:\/\/agora.xtec.cat\/insrosetamauri\/wp-json\/wp\/v2\/posts\/4708\/revisions\/4710"}],"wp:featuredmedia":[{"embeddable":true,"href":"https:\/\/agora.xtec.cat\/insrosetamauri\/wp-json\/wp\/v2\/media\/4709"}],"wp:attachment":[{"href":"https:\/\/agora.xtec.cat\/insrosetamauri\/wp-json\/wp\/v2\/media?parent=4708"}],"wp:term":[{"taxonomy":"category","embeddable":true,"href":"https:\/\/agora.xtec.cat\/insrosetamauri\/wp-json\/wp\/v2\/categories?post=4708"},{"taxonomy":"post_tag","embeddable":true,"href":"https:\/\/agora.xtec.cat\/insrosetamauri\/wp-json\/wp\/v2\/tags?post=4708"}],"curies":[{"name":"wp","href":"https:\/\/api.w.org\/{rel}","templated":true}]}}