{"id":4639,"date":"2024-11-12T18:30:40","date_gmt":"2024-11-12T17:30:40","guid":{"rendered":"https:\/\/agora.xtec.cat\/insrosetamauri\/?p=4639"},"modified":"2024-11-12T18:30:46","modified_gmt":"2024-11-12T17:30:46","slug":"se-suspenen-les-classes-de-dimecres-13-de-novembre","status":"publish","type":"post","link":"https:\/\/agora.xtec.cat\/insrosetamauri\/general\/se-suspenen-les-classes-de-dimecres-13-de-novembre\/","title":{"rendered":"Se suspenen les classes de dimecres, 13 de novembre"},"content":{"rendered":"<p>El Departament d\u2019Educaci\u00f3, seguint les indicacions de Protecci\u00f3 Civil, ha considerat suspendre les classes dem\u00e0 dimecres, 13 de novembre.<\/p>\n<p>Gr\u00e0cies per la vostra comprensi\u00f3.<\/p>\n<p>&nbsp;<\/p>\n<p><img loading=\"lazy\" decoding=\"async\" class=\"aligncenter size-medium wp-image-4640\" src=\"https:\/\/agora.xtec.cat\/insrosetamauri\/wp-content\/uploads\/usu605\/2024\/11\/Dilluns-4-de-novembre-SE-SUSPENEN-LES-CLASSES-A-TOTS-ELS-CENTRES-EDUCATIUS-DE-REUS1-300x300.png\" alt=\"\" width=\"300\" height=\"300\" srcset=\"https:\/\/agora.xtec.cat\/insrosetamauri\/wp-content\/uploads\/usu605\/2024\/11\/Dilluns-4-de-novembre-SE-SUSPENEN-LES-CLASSES-A-TOTS-ELS-CENTRES-EDUCATIUS-DE-REUS1-300x300.png 300w, https:\/\/agora.xtec.cat\/insrosetamauri\/wp-content\/uploads\/usu605\/2024\/11\/Dilluns-4-de-novembre-SE-SUSPENEN-LES-CLASSES-A-TOTS-ELS-CENTRES-EDUCATIUS-DE-REUS1-1024x1024.png 1024w, https:\/\/agora.xtec.cat\/insrosetamauri\/wp-content\/uploads\/usu605\/2024\/11\/Dilluns-4-de-novembre-SE-SUSPENEN-LES-CLASSES-A-TOTS-ELS-CENTRES-EDUCATIUS-DE-REUS1-150x150.png 150w, https:\/\/agora.xtec.cat\/insrosetamauri\/wp-content\/uploads\/usu605\/2024\/11\/Dilluns-4-de-novembre-SE-SUSPENEN-LES-CLASSES-A-TOTS-ELS-CENTRES-EDUCATIUS-DE-REUS1-768x768.png 768w, https:\/\/agora.xtec.cat\/insrosetamauri\/wp-content\/uploads\/usu605\/2024\/11\/Dilluns-4-de-novembre-SE-SUSPENEN-LES-CLASSES-A-TOTS-ELS-CENTRES-EDUCATIUS-DE-REUS1.png 1080w\" sizes=\"auto, (max-width: 300px) 100vw, 300px\" \/><\/p>\n<p>&nbsp;<\/p>\n<p>&nbsp;<\/p>\n","protected":false},"excerpt":{"rendered":"<p>El Departament d\u2019Educaci\u00f3, seguint les indicacions de Protecci\u00f3 Civil, ha considerat suspendre les classes dem\u00e0 dimecres, 13 de novembre.<br \/>\nGr\u00e0cies per la vostra comprensi\u00f3.<br \/>\n&nbsp;<\/p>\n<p>&nbsp;<br \/>\n&nbsp;<\/p>\n","protected":false},"author":3,"featured_media":4640,"comment_status":"closed","ping_status":"closed","sticky":false,"template":"","format":"standard","meta":{"_bbp_topic_count":0,"_bbp_reply_count":0,"_bbp_total_topic_count":0,"_bbp_total_reply_count":0,"_bbp_voice_count":0,"_bbp_anonymous_reply_count":0,"_bbp_topic_count_hidden":0,"_bbp_reply_count_hidden":0,"_bbp_forum_subforum_count":0,"footnotes":""},"categories":[1,29],"tags":[],"class_list":["post-4639","post","type-post","status-publish","format-standard","has-post-thumbnail","hentry","category-general","category-portada"],"post_mailing_queue_ids":[],"_links":{"self":[{"href":"https:\/\/agora.xtec.cat\/insrosetamauri\/wp-json\/wp\/v2\/posts\/4639","targetHints":{"allow":["GET"]}}],"collection":[{"href":"https:\/\/agora.xtec.cat\/insrosetamauri\/wp-json\/wp\/v2\/posts"}],"about":[{"href":"https:\/\/agora.xtec.cat\/insrosetamauri\/wp-json\/wp\/v2\/types\/post"}],"author":[{"embeddable":true,"href":"https:\/\/agora.xtec.cat\/insrosetamauri\/wp-json\/wp\/v2\/users\/3"}],"replies":[{"embeddable":true,"href":"https:\/\/agora.xtec.cat\/insrosetamauri\/wp-json\/wp\/v2\/comments?post=4639"}],"version-history":[{"count":1,"href":"https:\/\/agora.xtec.cat\/insrosetamauri\/wp-json\/wp\/v2\/posts\/4639\/revisions"}],"predecessor-version":[{"id":4641,"href":"https:\/\/agora.xtec.cat\/insrosetamauri\/wp-json\/wp\/v2\/posts\/4639\/revisions\/4641"}],"wp:featuredmedia":[{"embeddable":true,"href":"https:\/\/agora.xtec.cat\/insrosetamauri\/wp-json\/wp\/v2\/media\/4640"}],"wp:attachment":[{"href":"https:\/\/agora.xtec.cat\/insrosetamauri\/wp-json\/wp\/v2\/media?parent=4639"}],"wp:term":[{"taxonomy":"category","embeddable":true,"href":"https:\/\/agora.xtec.cat\/insrosetamauri\/wp-json\/wp\/v2\/categories?post=4639"},{"taxonomy":"post_tag","embeddable":true,"href":"https:\/\/agora.xtec.cat\/insrosetamauri\/wp-json\/wp\/v2\/tags?post=4639"}],"curies":[{"name":"wp","href":"https:\/\/api.w.org\/{rel}","templated":true}]}}