{"id":4605,"date":"2024-10-17T20:36:49","date_gmt":"2024-10-17T18:36:49","guid":{"rendered":"https:\/\/agora.xtec.cat\/insrosetamauri\/?p=4605"},"modified":"2024-10-18T13:56:14","modified_gmt":"2024-10-18T11:56:14","slug":"la-flama-olimpica-arriba-al-roseta-mauri","status":"publish","type":"post","link":"https:\/\/agora.xtec.cat\/insrosetamauri\/general\/la-flama-olimpica-arriba-al-roseta-mauri\/","title":{"rendered":"La flama ol\u00edmpica arriba al Roseta Mauri"},"content":{"rendered":"<p>La pluja no ha estat impediment per encendre la torxa dels Special Olympics al Roseta Mauri.<\/p>\n<p>El Meeting Special Olympics Reus 2024 \u00e9s un esdeveniment dels Special Olympics que tindr\u00e0 lloc durant tot el cap de setmana. Aqu\u00ed podeu consultar el <a href=\"https:\/\/www.reus.cat\/sites\/reus\/files\/import_ajreuscomunicacio\/122168\/Dossier%20Meeting%20Special%20Olympics%20Reus-1-20241009122049.pdf)\" target=\"_blank\" rel=\"noopener\">programa de la competici\u00f3<\/a>.<\/p>\n<p><img loading=\"lazy\" decoding=\"async\" class=\"aligncenter size-medium wp-image-4606\" src=\"https:\/\/agora.xtec.cat\/insrosetamauri\/wp-content\/uploads\/usu605\/2024\/10\/Screenshot_20241018_133547_Gallery-300x269.jpg\" alt=\"\" width=\"300\" height=\"269\" srcset=\"https:\/\/agora.xtec.cat\/insrosetamauri\/wp-content\/uploads\/usu605\/2024\/10\/Screenshot_20241018_133547_Gallery-300x269.jpg 300w, https:\/\/agora.xtec.cat\/insrosetamauri\/wp-content\/uploads\/usu605\/2024\/10\/Screenshot_20241018_133547_Gallery-1024x919.jpg 1024w, https:\/\/agora.xtec.cat\/insrosetamauri\/wp-content\/uploads\/usu605\/2024\/10\/Screenshot_20241018_133547_Gallery-768x689.jpg 768w, https:\/\/agora.xtec.cat\/insrosetamauri\/wp-content\/uploads\/usu605\/2024\/10\/Screenshot_20241018_133547_Gallery.jpg 1080w\" sizes=\"auto, (max-width: 300px) 100vw, 300px\" \/><\/p>\n","protected":false},"excerpt":{"rendered":"<p>La pluja no ha estat impediment per encendre la torxa dels Special Olympics al Roseta Mauri.<br \/>\nEl Meeting Special Olympics Reus 2024 \u00e9s un esdeveniment dels Special Olympics que tindr\u00e0 lloc durant tot el cap de setmana. Aqu\u00ed podeu consultar el <a href=\"https:\/\/www.reus.cat\/sites\/reus\/files\/import_ajreuscomunicacio\/122168\/Dossier%20Meeting%20Special%20Olympics%20Reus-1-20241009122049.pdf)\" target=\"_blank\" rel=\"noopener\">programa de&hellip;  <a href=\"https:\/\/agora.xtec.cat\/insrosetamauri\/general\/la-flama-olimpica-arriba-al-roseta-mauri\/\" title=\"Read La flama ol\u00edmpica arriba al Roseta Mauri\">Llegeix m\u00e9s\u00bb<\/a><\/p>\n","protected":false},"author":3,"featured_media":4606,"comment_status":"closed","ping_status":"closed","sticky":false,"template":"","format":"standard","meta":{"_bbp_topic_count":0,"_bbp_reply_count":0,"_bbp_total_topic_count":0,"_bbp_total_reply_count":0,"_bbp_voice_count":0,"_bbp_anonymous_reply_count":0,"_bbp_topic_count_hidden":0,"_bbp_reply_count_hidden":0,"_bbp_forum_subforum_count":0,"footnotes":""},"categories":[1,29],"tags":[],"class_list":["post-4605","post","type-post","status-publish","format-standard","has-post-thumbnail","hentry","category-general","category-portada"],"post_mailing_queue_ids":[],"_links":{"self":[{"href":"https:\/\/agora.xtec.cat\/insrosetamauri\/wp-json\/wp\/v2\/posts\/4605","targetHints":{"allow":["GET"]}}],"collection":[{"href":"https:\/\/agora.xtec.cat\/insrosetamauri\/wp-json\/wp\/v2\/posts"}],"about":[{"href":"https:\/\/agora.xtec.cat\/insrosetamauri\/wp-json\/wp\/v2\/types\/post"}],"author":[{"embeddable":true,"href":"https:\/\/agora.xtec.cat\/insrosetamauri\/wp-json\/wp\/v2\/users\/3"}],"replies":[{"embeddable":true,"href":"https:\/\/agora.xtec.cat\/insrosetamauri\/wp-json\/wp\/v2\/comments?post=4605"}],"version-history":[{"count":1,"href":"https:\/\/agora.xtec.cat\/insrosetamauri\/wp-json\/wp\/v2\/posts\/4605\/revisions"}],"predecessor-version":[{"id":4607,"href":"https:\/\/agora.xtec.cat\/insrosetamauri\/wp-json\/wp\/v2\/posts\/4605\/revisions\/4607"}],"wp:featuredmedia":[{"embeddable":true,"href":"https:\/\/agora.xtec.cat\/insrosetamauri\/wp-json\/wp\/v2\/media\/4606"}],"wp:attachment":[{"href":"https:\/\/agora.xtec.cat\/insrosetamauri\/wp-json\/wp\/v2\/media?parent=4605"}],"wp:term":[{"taxonomy":"category","embeddable":true,"href":"https:\/\/agora.xtec.cat\/insrosetamauri\/wp-json\/wp\/v2\/categories?post=4605"},{"taxonomy":"post_tag","embeddable":true,"href":"https:\/\/agora.xtec.cat\/insrosetamauri\/wp-json\/wp\/v2\/tags?post=4605"}],"curies":[{"name":"wp","href":"https:\/\/api.w.org\/{rel}","templated":true}]}}