{"id":4445,"date":"2024-03-08T16:26:31","date_gmt":"2024-03-08T15:26:31","guid":{"rendered":"https:\/\/agora.xtec.cat\/insrosetamauri\/?p=4445"},"modified":"2024-03-10T16:43:05","modified_gmt":"2024-03-10T15:43:05","slug":"dia-internacional-de-les-dones","status":"publish","type":"post","link":"https:\/\/agora.xtec.cat\/insrosetamauri\/general\/dia-internacional-de-les-dones\/","title":{"rendered":"Dia Internacional de les Dones"},"content":{"rendered":"<p>Un any m\u00e9s, hem treballat per commemorar aquest dia i, aix\u00ed, reivindicar la igualtat i equitat de g\u00e8nere.<br \/>\nEl conjunt d&#8217;activitats programades han implicat tots els nivells:<br \/>\n\u00b7 A 1r i 2n d&#8217;ESO han creat banderes dedicades a dones de les seves vides i han elaborat un recull de dones empoderades del segle XXI.<br \/>\n\u00b7 3r i 4t d&#8217;ESO ha ideat racons de corresponsabilitat i ha presentat campanyes reivindicatives a favor de la igualtat de drets i oportunitats.<br \/>\n\u00b7 Des de batxillerat, hi han contribu\u00eft amb l&#8217;aplicaci\u00f3 del test de Bechdel per tal de posar a prova el paper de la dona al cinema.<\/p>\n<p>Durant el mat\u00ed, tamb\u00e9 hem escoltat la falca duta a terme pels Joves Referents d&#8217;Igualtat del <span class=\"atwho-query\"><a href=\"https:\/\/www.instagram.com\/casaldonesreus\/\" target=\"_blank\" rel=\"noopener\">Casal de les Dones<\/a>. <\/span>Dilluns encara continuarem amb algunes activitats m\u00e9s.<\/p>\n<p>8M, avui i sempre.<\/p>\n<p><img loading=\"lazy\" decoding=\"async\" class=\"aligncenter size-medium wp-image-4446\" src=\"https:\/\/agora.xtec.cat\/insrosetamauri\/wp-content\/uploads\/usu605\/2024\/03\/dia-internacional-de-les-dones-300x300.png\" alt=\"\" width=\"300\" height=\"300\" srcset=\"https:\/\/agora.xtec.cat\/insrosetamauri\/wp-content\/uploads\/usu605\/2024\/03\/dia-internacional-de-les-dones-300x300.png 300w, https:\/\/agora.xtec.cat\/insrosetamauri\/wp-content\/uploads\/usu605\/2024\/03\/dia-internacional-de-les-dones-1024x1024.png 1024w, https:\/\/agora.xtec.cat\/insrosetamauri\/wp-content\/uploads\/usu605\/2024\/03\/dia-internacional-de-les-dones-150x150.png 150w, https:\/\/agora.xtec.cat\/insrosetamauri\/wp-content\/uploads\/usu605\/2024\/03\/dia-internacional-de-les-dones-768x768.png 768w, https:\/\/agora.xtec.cat\/insrosetamauri\/wp-content\/uploads\/usu605\/2024\/03\/dia-internacional-de-les-dones.png 1080w\" sizes=\"auto, (max-width: 300px) 100vw, 300px\" \/><\/p>\n","protected":false},"excerpt":{"rendered":"<p>Un any m\u00e9s, hem treballat per commemorar aquest dia i, aix\u00ed, reivindicar la igualtat i equitat de g\u00e8nere.<br \/>\nEl conjunt d&#8217;activitats programades han implicat tots els nivells:<br \/>\n\u00b7 A 1r i 2n d&#8217;ESO han creat banderes dedicades a dones de les seves vides i han elaborat un&hellip;  <a href=\"https:\/\/agora.xtec.cat\/insrosetamauri\/general\/dia-internacional-de-les-dones\/\" title=\"Read Dia Internacional de les Dones\">Llegeix m\u00e9s\u00bb<\/a><\/p>\n","protected":false},"author":3,"featured_media":4446,"comment_status":"closed","ping_status":"closed","sticky":false,"template":"","format":"standard","meta":{"_bbp_topic_count":0,"_bbp_reply_count":0,"_bbp_total_topic_count":0,"_bbp_total_reply_count":0,"_bbp_voice_count":0,"_bbp_anonymous_reply_count":0,"_bbp_topic_count_hidden":0,"_bbp_reply_count_hidden":0,"_bbp_forum_subforum_count":0,"footnotes":""},"categories":[143,1,29],"tags":[],"class_list":["post-4445","post","type-post","status-publish","format-standard","has-post-thumbnail","hentry","category-coeducacio","category-general","category-portada"],"post_mailing_queue_ids":[],"_links":{"self":[{"href":"https:\/\/agora.xtec.cat\/insrosetamauri\/wp-json\/wp\/v2\/posts\/4445","targetHints":{"allow":["GET"]}}],"collection":[{"href":"https:\/\/agora.xtec.cat\/insrosetamauri\/wp-json\/wp\/v2\/posts"}],"about":[{"href":"https:\/\/agora.xtec.cat\/insrosetamauri\/wp-json\/wp\/v2\/types\/post"}],"author":[{"embeddable":true,"href":"https:\/\/agora.xtec.cat\/insrosetamauri\/wp-json\/wp\/v2\/users\/3"}],"replies":[{"embeddable":true,"href":"https:\/\/agora.xtec.cat\/insrosetamauri\/wp-json\/wp\/v2\/comments?post=4445"}],"version-history":[{"count":1,"href":"https:\/\/agora.xtec.cat\/insrosetamauri\/wp-json\/wp\/v2\/posts\/4445\/revisions"}],"predecessor-version":[{"id":4447,"href":"https:\/\/agora.xtec.cat\/insrosetamauri\/wp-json\/wp\/v2\/posts\/4445\/revisions\/4447"}],"wp:featuredmedia":[{"embeddable":true,"href":"https:\/\/agora.xtec.cat\/insrosetamauri\/wp-json\/wp\/v2\/media\/4446"}],"wp:attachment":[{"href":"https:\/\/agora.xtec.cat\/insrosetamauri\/wp-json\/wp\/v2\/media?parent=4445"}],"wp:term":[{"taxonomy":"category","embeddable":true,"href":"https:\/\/agora.xtec.cat\/insrosetamauri\/wp-json\/wp\/v2\/categories?post=4445"},{"taxonomy":"post_tag","embeddable":true,"href":"https:\/\/agora.xtec.cat\/insrosetamauri\/wp-json\/wp\/v2\/tags?post=4445"}],"curies":[{"name":"wp","href":"https:\/\/api.w.org\/{rel}","templated":true}]}}