{"id":4381,"date":"2024-01-25T19:47:50","date_gmt":"2024-01-25T18:47:50","guid":{"rendered":"https:\/\/agora.xtec.cat\/insrosetamauri\/?p=4381"},"modified":"2024-01-26T07:50:54","modified_gmt":"2024-01-26T06:50:54","slug":"projecte-de-biologia-i-catala-a-1r-deso","status":"publish","type":"post","link":"https:\/\/agora.xtec.cat\/insrosetamauri\/general\/projecte-de-biologia-i-catala-a-1r-deso\/","title":{"rendered":"Projecte de biologia i catal\u00e0 a 1r d&#8217;ESO"},"content":{"rendered":"<p>El treball per projectes \u00e9s una metodologia d&#8217;aprenentatge que tenim molt integrada en el nostre dia a dia. En aquesta ocasi\u00f3, compartim el treball que ha dut a terme l&#8217;alumnat de 1r d&#8217;ESO a les mat\u00e8ries de catal\u00e0 i biologia.<\/p>\n<p>A partir d&#8217;un tema com\u00fa, l&#8217;atmosfera i els fen\u00f2mens meteorol\u00f2gics, a biologia han constru\u00eft aparells meteorol\u00f2gics com term\u00f2metres, anem\u00f2metres i pluvi\u00f2metres. Des de catal\u00e0, en canvi, han treballat frases fetes sobre el temps i el text predictiu, que apliquem a les previsions meteorol\u00f2giques.<\/p>\n<p><img loading=\"lazy\" decoding=\"async\" class=\"aligncenter size-medium wp-image-4382\" src=\"https:\/\/agora.xtec.cat\/insrosetamauri\/wp-content\/uploads\/usu605\/2024\/01\/1706251641495-300x290.jpg\" alt=\"\" width=\"300\" height=\"290\" srcset=\"https:\/\/agora.xtec.cat\/insrosetamauri\/wp-content\/uploads\/usu605\/2024\/01\/1706251641495-300x290.jpg 300w, https:\/\/agora.xtec.cat\/insrosetamauri\/wp-content\/uploads\/usu605\/2024\/01\/1706251641495-1024x990.jpg 1024w, https:\/\/agora.xtec.cat\/insrosetamauri\/wp-content\/uploads\/usu605\/2024\/01\/1706251641495-768x742.jpg 768w, https:\/\/agora.xtec.cat\/insrosetamauri\/wp-content\/uploads\/usu605\/2024\/01\/1706251641495.jpg 1080w\" sizes=\"auto, (max-width: 300px) 100vw, 300px\" \/><\/p>\n<p>&nbsp;<\/p>\n","protected":false},"excerpt":{"rendered":"<p>El treball per projectes \u00e9s una metodologia d&#8217;aprenentatge que tenim molt integrada en el nostre dia a dia. En aquesta ocasi\u00f3, compartim el treball que ha dut a terme l&#8217;alumnat de 1r d&#8217;ESO a les mat\u00e8ries de catal\u00e0 i biologia.<br \/>\nA partir d&#8217;un tema com\u00fa, l&#8217;atmosfera&hellip;  <a href=\"https:\/\/agora.xtec.cat\/insrosetamauri\/general\/projecte-de-biologia-i-catala-a-1r-deso\/\" title=\"Read Projecte de biologia i catal\u00e0 a 1r d&#8217;ESO\">Llegeix m\u00e9s\u00bb<\/a><\/p>\n","protected":false},"author":3,"featured_media":4382,"comment_status":"closed","ping_status":"closed","sticky":false,"template":"","format":"standard","meta":{"_bbp_topic_count":0,"_bbp_reply_count":0,"_bbp_total_topic_count":0,"_bbp_total_reply_count":0,"_bbp_voice_count":0,"_bbp_anonymous_reply_count":0,"_bbp_topic_count_hidden":0,"_bbp_reply_count_hidden":0,"_bbp_forum_subforum_count":0,"footnotes":""},"categories":[105,103,3,4,1,29],"tags":[],"class_list":["post-4381","post","type-post","status-publish","format-standard","has-post-thumbnail","hentry","category-catala","category-ciencies","category-eso","category-eso-1","category-general","category-portada"],"post_mailing_queue_ids":[],"_links":{"self":[{"href":"https:\/\/agora.xtec.cat\/insrosetamauri\/wp-json\/wp\/v2\/posts\/4381","targetHints":{"allow":["GET"]}}],"collection":[{"href":"https:\/\/agora.xtec.cat\/insrosetamauri\/wp-json\/wp\/v2\/posts"}],"about":[{"href":"https:\/\/agora.xtec.cat\/insrosetamauri\/wp-json\/wp\/v2\/types\/post"}],"author":[{"embeddable":true,"href":"https:\/\/agora.xtec.cat\/insrosetamauri\/wp-json\/wp\/v2\/users\/3"}],"replies":[{"embeddable":true,"href":"https:\/\/agora.xtec.cat\/insrosetamauri\/wp-json\/wp\/v2\/comments?post=4381"}],"version-history":[{"count":1,"href":"https:\/\/agora.xtec.cat\/insrosetamauri\/wp-json\/wp\/v2\/posts\/4381\/revisions"}],"predecessor-version":[{"id":4383,"href":"https:\/\/agora.xtec.cat\/insrosetamauri\/wp-json\/wp\/v2\/posts\/4381\/revisions\/4383"}],"wp:featuredmedia":[{"embeddable":true,"href":"https:\/\/agora.xtec.cat\/insrosetamauri\/wp-json\/wp\/v2\/media\/4382"}],"wp:attachment":[{"href":"https:\/\/agora.xtec.cat\/insrosetamauri\/wp-json\/wp\/v2\/media?parent=4381"}],"wp:term":[{"taxonomy":"category","embeddable":true,"href":"https:\/\/agora.xtec.cat\/insrosetamauri\/wp-json\/wp\/v2\/categories?post=4381"},{"taxonomy":"post_tag","embeddable":true,"href":"https:\/\/agora.xtec.cat\/insrosetamauri\/wp-json\/wp\/v2\/tags?post=4381"}],"curies":[{"name":"wp","href":"https:\/\/api.w.org\/{rel}","templated":true}]}}