{"id":4374,"date":"2024-01-19T19:31:01","date_gmt":"2024-01-19T18:31:01","guid":{"rendered":"https:\/\/agora.xtec.cat\/insrosetamauri\/?p=4374"},"modified":"2024-01-26T07:35:40","modified_gmt":"2024-01-26T06:35:40","slug":"treballem-les-habilitats-comunicatives","status":"publish","type":"post","link":"https:\/\/agora.xtec.cat\/insrosetamauri\/general\/treballem-les-habilitats-comunicatives\/","title":{"rendered":"Treballem les habilitats comunicatives"},"content":{"rendered":"<div id=\":lv\" class=\"a3s aiL \">\n<div dir=\"auto\">\u00c9s possible fer una exposici\u00f3 oral i no morir en l&#8217;intent?<\/div>\n<div dir=\"auto\">\nAfrontar una presentaci\u00f3 oral no \u00e9s una tasca f\u00e0cil i els nostres alumnes de 2n de batxillerat, que ben aviat han de fer la defensa p\u00fablica dels seus treballs de recerca, segur que ho pensen.<\/div>\n<div dir=\"auto\">\nPer tal de proporcionar-los recursos per refor\u00e7ar les seves habilitats comunicatives, divendres passat van rebre una confer\u00e8ncia especialitzada des de la URV sobre orat\u00f2ria. Gr\u00e0cies per la inspiraci\u00f3 i per compartir-nos consells pr\u00e0ctics de valor!<\/div>\n<\/div>\n<div dir=\"auto\"><\/div>\n<div dir=\"auto\"><img loading=\"lazy\" decoding=\"async\" class=\"aligncenter size-medium wp-image-4375\" src=\"https:\/\/agora.xtec.cat\/insrosetamauri\/wp-content\/uploads\/usu605\/2024\/01\/1706250713155-300x234.jpg\" alt=\"\" width=\"300\" height=\"234\" srcset=\"https:\/\/agora.xtec.cat\/insrosetamauri\/wp-content\/uploads\/usu605\/2024\/01\/1706250713155-300x234.jpg 300w, https:\/\/agora.xtec.cat\/insrosetamauri\/wp-content\/uploads\/usu605\/2024\/01\/1706250713155-1024x797.jpg 1024w, https:\/\/agora.xtec.cat\/insrosetamauri\/wp-content\/uploads\/usu605\/2024\/01\/1706250713155-768x598.jpg 768w, https:\/\/agora.xtec.cat\/insrosetamauri\/wp-content\/uploads\/usu605\/2024\/01\/1706250713155.jpg 1080w\" sizes=\"auto, (max-width: 300px) 100vw, 300px\" \/><\/div>\n","protected":false},"excerpt":{"rendered":"<p>\u00c9s possible fer una exposici\u00f3 oral i no morir en l&#8217;intent?<\/p>\n<p>Afrontar una presentaci\u00f3 oral no \u00e9s una tasca f\u00e0cil i els nostres alumnes de 2n de batxillerat, que ben aviat han de fer la defensa p\u00fablica dels seus treballs de recerca, segur que ho pensen.<\/p>\n<p>Per&hellip;  <a href=\"https:\/\/agora.xtec.cat\/insrosetamauri\/general\/treballem-les-habilitats-comunicatives\/\" title=\"Read Treballem les habilitats comunicatives\">Llegeix m\u00e9s\u00bb<\/a><\/p>\n","protected":false},"author":3,"featured_media":4375,"comment_status":"closed","ping_status":"closed","sticky":false,"template":"","format":"standard","meta":{"_bbp_topic_count":0,"_bbp_reply_count":0,"_bbp_total_topic_count":0,"_bbp_total_reply_count":0,"_bbp_voice_count":0,"_bbp_anonymous_reply_count":0,"_bbp_topic_count_hidden":0,"_bbp_reply_count_hidden":0,"_bbp_forum_subforum_count":0,"footnotes":""},"categories":[100,8,1,29],"tags":[],"class_list":["post-4374","post","type-post","status-publish","format-standard","has-post-thumbnail","hentry","category-bat-2","category-batxillerat","category-general","category-portada"],"post_mailing_queue_ids":[],"_links":{"self":[{"href":"https:\/\/agora.xtec.cat\/insrosetamauri\/wp-json\/wp\/v2\/posts\/4374","targetHints":{"allow":["GET"]}}],"collection":[{"href":"https:\/\/agora.xtec.cat\/insrosetamauri\/wp-json\/wp\/v2\/posts"}],"about":[{"href":"https:\/\/agora.xtec.cat\/insrosetamauri\/wp-json\/wp\/v2\/types\/post"}],"author":[{"embeddable":true,"href":"https:\/\/agora.xtec.cat\/insrosetamauri\/wp-json\/wp\/v2\/users\/3"}],"replies":[{"embeddable":true,"href":"https:\/\/agora.xtec.cat\/insrosetamauri\/wp-json\/wp\/v2\/comments?post=4374"}],"version-history":[{"count":1,"href":"https:\/\/agora.xtec.cat\/insrosetamauri\/wp-json\/wp\/v2\/posts\/4374\/revisions"}],"predecessor-version":[{"id":4376,"href":"https:\/\/agora.xtec.cat\/insrosetamauri\/wp-json\/wp\/v2\/posts\/4374\/revisions\/4376"}],"wp:featuredmedia":[{"embeddable":true,"href":"https:\/\/agora.xtec.cat\/insrosetamauri\/wp-json\/wp\/v2\/media\/4375"}],"wp:attachment":[{"href":"https:\/\/agora.xtec.cat\/insrosetamauri\/wp-json\/wp\/v2\/media?parent=4374"}],"wp:term":[{"taxonomy":"category","embeddable":true,"href":"https:\/\/agora.xtec.cat\/insrosetamauri\/wp-json\/wp\/v2\/categories?post=4374"},{"taxonomy":"post_tag","embeddable":true,"href":"https:\/\/agora.xtec.cat\/insrosetamauri\/wp-json\/wp\/v2\/tags?post=4374"}],"curies":[{"name":"wp","href":"https:\/\/api.w.org\/{rel}","templated":true}]}}