{"id":4363,"date":"2024-01-15T18:45:57","date_gmt":"2024-01-15T17:45:57","guid":{"rendered":"https:\/\/agora.xtec.cat\/insrosetamauri\/?p=4363"},"modified":"2024-01-18T19:05:00","modified_gmt":"2024-01-18T18:05:00","slug":"visitem-el-museu-terra-i-la-cova-de-la-font-major","status":"publish","type":"post","link":"https:\/\/agora.xtec.cat\/insrosetamauri\/general\/visitem-el-museu-terra-i-la-cova-de-la-font-major\/","title":{"rendered":"Visitem el Museu Terra i la Cova de la Font Major"},"content":{"rendered":"<p>L&#8217;alumnat de 1r d&#8217;ESO ha visitat el Museu Terra, abans el Museu de la Vida Rural, i la Cova de la Font Major a l&#8217;Espluga de Francol\u00ed.<\/p>\n<p>El museu ens ha perm\u00e8s aprofundir en els oficis tradicionals. L&#8217;alumnat ja els ha comen\u00e7at a treballar a trav\u00e9s del projecte integrat -PCI- que est\u00e0 duent a terme des de les mat\u00e8ries de catal\u00e0, castell\u00e0 i angl\u00e8s.<\/p>\n<p>L&#8217;entrada a la cova, en canvi, ens ha obert una porta a un passat m\u00e9s lluny\u00e0 i ens ha apropat a les comunitats que van viure all\u00e0 fa milers d&#8217;anys.<\/p>\n<p><img loading=\"lazy\" decoding=\"async\" class=\"aligncenter size-medium wp-image-4364\" src=\"https:\/\/agora.xtec.cat\/insrosetamauri\/wp-content\/uploads\/usu605\/2024\/01\/1705599876779-300x294.jpg\" alt=\"\" width=\"300\" height=\"294\" srcset=\"https:\/\/agora.xtec.cat\/insrosetamauri\/wp-content\/uploads\/usu605\/2024\/01\/1705599876779-300x294.jpg 300w, https:\/\/agora.xtec.cat\/insrosetamauri\/wp-content\/uploads\/usu605\/2024\/01\/1705599876779-1024x1005.jpg 1024w, https:\/\/agora.xtec.cat\/insrosetamauri\/wp-content\/uploads\/usu605\/2024\/01\/1705599876779-768x754.jpg 768w, https:\/\/agora.xtec.cat\/insrosetamauri\/wp-content\/uploads\/usu605\/2024\/01\/1705599876779.jpg 1080w\" sizes=\"auto, (max-width: 300px) 100vw, 300px\" \/><\/p>\n","protected":false},"excerpt":{"rendered":"<p>L&#8217;alumnat de 1r d&#8217;ESO ha visitat el Museu Terra, abans el Museu de la Vida Rural, i la Cova de la Font Major a l&#8217;Espluga de Francol\u00ed.<br \/>\nEl museu ens ha perm\u00e8s aprofundir en els oficis tradicionals. L&#8217;alumnat ja els ha comen\u00e7at a treballar a trav\u00e9s&hellip;  <a href=\"https:\/\/agora.xtec.cat\/insrosetamauri\/general\/visitem-el-museu-terra-i-la-cova-de-la-font-major\/\" title=\"Read Visitem el Museu Terra i la Cova de la Font Major\">Llegeix m\u00e9s\u00bb<\/a><\/p>\n","protected":false},"author":3,"featured_media":4364,"comment_status":"closed","ping_status":"closed","sticky":false,"template":"","format":"standard","meta":{"_bbp_topic_count":0,"_bbp_reply_count":0,"_bbp_total_topic_count":0,"_bbp_total_reply_count":0,"_bbp_voice_count":0,"_bbp_anonymous_reply_count":0,"_bbp_topic_count_hidden":0,"_bbp_reply_count_hidden":0,"_bbp_forum_subforum_count":0,"footnotes":""},"categories":[105,3,4,1,107,29],"tags":[],"class_list":["post-4363","post","type-post","status-publish","format-standard","has-post-thumbnail","hentry","category-catala","category-eso","category-eso-1","category-general","category-geografia-i-historia","category-portada"],"post_mailing_queue_ids":[],"_links":{"self":[{"href":"https:\/\/agora.xtec.cat\/insrosetamauri\/wp-json\/wp\/v2\/posts\/4363","targetHints":{"allow":["GET"]}}],"collection":[{"href":"https:\/\/agora.xtec.cat\/insrosetamauri\/wp-json\/wp\/v2\/posts"}],"about":[{"href":"https:\/\/agora.xtec.cat\/insrosetamauri\/wp-json\/wp\/v2\/types\/post"}],"author":[{"embeddable":true,"href":"https:\/\/agora.xtec.cat\/insrosetamauri\/wp-json\/wp\/v2\/users\/3"}],"replies":[{"embeddable":true,"href":"https:\/\/agora.xtec.cat\/insrosetamauri\/wp-json\/wp\/v2\/comments?post=4363"}],"version-history":[{"count":1,"href":"https:\/\/agora.xtec.cat\/insrosetamauri\/wp-json\/wp\/v2\/posts\/4363\/revisions"}],"predecessor-version":[{"id":4365,"href":"https:\/\/agora.xtec.cat\/insrosetamauri\/wp-json\/wp\/v2\/posts\/4363\/revisions\/4365"}],"wp:featuredmedia":[{"embeddable":true,"href":"https:\/\/agora.xtec.cat\/insrosetamauri\/wp-json\/wp\/v2\/media\/4364"}],"wp:attachment":[{"href":"https:\/\/agora.xtec.cat\/insrosetamauri\/wp-json\/wp\/v2\/media?parent=4363"}],"wp:term":[{"taxonomy":"category","embeddable":true,"href":"https:\/\/agora.xtec.cat\/insrosetamauri\/wp-json\/wp\/v2\/categories?post=4363"},{"taxonomy":"post_tag","embeddable":true,"href":"https:\/\/agora.xtec.cat\/insrosetamauri\/wp-json\/wp\/v2\/tags?post=4363"}],"curies":[{"name":"wp","href":"https:\/\/api.w.org\/{rel}","templated":true}]}}